{"id":39418,"date":"2024-12-14T15:02:12","date_gmt":"2024-12-14T18:02:12","guid":{"rendered":"https:\/\/grandepremio.com\/br\/noticias\/alvaro-cho-resiste-pressao-matheus-comparatto-vence-corrida-final-f4-brasil-interlagos\/"},"modified":"2024-12-14T21:12:21","modified_gmt":"2024-12-15T00:12:21","slug":"alvaro-cho-resiste-pressao-matheus-comparatto-vence-corrida-final-f4-brasil-interlagos","status":"publish","type":"post","link":"https:\/\/grandepremio.com\/br\/f4\/alvaro-cho-resiste-pressao-matheus-comparatto-vence-corrida-final-f4-brasil-interlagos\/","title":{"rendered":"Cho resiste a press\u00e3o de Comparatto e vence corrida final da F4 Brasil em Interlagos"},"content":{"rendered":"\n<p class=\"wp-block-paragraph\"><strong>\u00c1lvaro Cho <\/strong>encerrou a temporada 2024 da <strong>F4 Brasil<\/strong> com vit\u00f3ria neste s\u00e1bado (14) em <strong>Interlagos<\/strong>. Com o t\u00edtulo j\u00e1 nas m\u00e3os de <strong>Matheus Comparatto<\/strong>, o piloto da <strong>TMG Racing<\/strong> segurou bem o \u00edmpeto do advers\u00e1rio da <strong>Bassani Racing<\/strong> para faturar o s\u00e9timo triunfo no campeonato.<\/p>\n\n\n\n<p class=\"wp-block-paragraph\"><strong>Lucca Zucchini<\/strong> largou dos boxes e, quando a luz verde acendeu pela \u00faltima vez na temporada, Cho pulou na lideran\u00e7a, enquanto <strong>Rafaela Ferreira<\/strong> bateu a carteira de <strong>Pep\u00ea Souza<\/strong> pela terceira posi\u00e7\u00e3o. <strong>Arthur Pavie<\/strong> teve problemas na largada e caiu para \u00faltimo.<\/p>\n\n\n\n<p class=\"wp-block-paragraph\"><strong>Filippo Fiorentino<\/strong> colocou de lado em cima da pilota da TMG Racing e ganhou o terceiro lugar. L\u00e1 na frente, Comparatto iniciara uma aproxima\u00e7\u00e3o para cima do l\u00edder da prova. <strong>Celo Hahn<\/strong> queimou a largada e vai pagar um drive-through na corrida.<\/p>\n\n\n\n<p class=\"wp-block-paragraph\">No S do Senna, <strong>Gino Trappa<\/strong> seguia forte em sua remontada e ultrapassou <strong>Rog\u00e9rio Grotta<\/strong>, quinto lugar para o argentino. Comparatto tentou a manobra em cima de Cho na abertura da volta 4, sem sucesso. No Pinheirinho, <strong>Alceu Feldmann Neto<\/strong> e <strong>Alexander Jacoby <\/strong>se tocaram e viram a corrida de ponta cabe\u00e7a.<\/p>\n\n\n\n<figure class=\"wp-block-image size-large\"><img decoding=\"async\" src=\"https:\/\/www.grandepremio.com\/br\/cdn-cgi\/image\/width=1200,height=675,fit=contain,gravity=0.5x0.5,quality=75,format=webp\/wp-content\/uploads\/2024\/12\/image-3-1200x675.png\" alt=\"\" class=\"wp-image-910465\"\/><figcaption class=\"wp-element-caption\">Alexander Jacoby rodou em Interlagos (Foto: Reprodu\u00e7\u00e3o\/F4 Brasil)<\/figcaption><\/figure>\n\n\n\n<p class=\"wp-block-paragraph\">Com o incidente, a dire\u00e7\u00e3o de prova anunciou a entrada do safety-car. No Laranjinha, quem tamb\u00e9m teve problemas foi Pep\u00ea, obrigado a abandonar a corrida. Duas voltas depois, a corrida recome\u00e7a com Trappa passando Rafaela, subindo para o quarto lugar.<\/p>\n\n\n\n<p class=\"wp-block-paragraph\">A dez minutos do fim, um erro de \u00c1lvaro trouxe mais tr\u00eas pilotos para a briga pela vit\u00f3ria. Trappa e Fiorentino travaram lindo duelo pelo terceiro posto a seis minutos do fim. A manobra para o argentino saiu nas voltas finais, completando o show do piloto da Bassani Racing.<\/p>\n\n\n\n<p class=\"wp-block-paragraph\">Na volta final, Comparatto tentou de tudo para bater Cho, mas n\u00e3o teve jeito. S\u00e9tima vit\u00f3ria para o piloto da TMG Racing, com Fiorentino completando os tr\u00eas primeiros em Interlagos. A F4 Brasil, agora, entra em f\u00e9rias e volta apenas em maio de 2025, em circuito ainda a ser definido.<\/p>\n\n\n\n<h2 class=\"wp-block-heading\" id=\"h-f4-brasil-2024-corrida-final-interlagos-resultado\"><strong>F4 Brasil 2024, Corrida Final, Interlagos, Resultado:<\/strong><\/h2>\n\n\n\n<figure class=\"wp-block-table\"><table class=\"has-fixed-layout\"><tbody><tr><td>Pos<\/td><td>Carro<\/td><td>Piloto<\/td><td>Equipe<\/td><td>Diff<\/td><\/tr><tr><td>1<\/td><td>21<\/td><td>\u00c1LVARO CHO<\/td><td>TMG RACING<\/td><td>18 voltas<\/td><\/tr><tr><td>2<\/td><td>118<\/td><td>MATHEUS COMPARATTO<\/td><td>BASSANI RACING<\/td><td>+ 0.227<\/td><\/tr><tr><td>3<\/td><td>37<\/td><td>FILIPPO FIORENTINO<\/td><td>TMG RACING<\/td><td>+ 2.828<\/td><\/tr><tr><td>4<\/td><td>48<\/td><td>GINO TRAPPA<\/td><td>BASSANI RACING<\/td><td>+ 3.242<\/td><\/tr><tr><td>5<\/td><td>7<\/td><td>ROG\u00c9RIO GROTTA<\/td><td>CAVALEIRO SPORTS<\/td><td>+ 4.277<\/td><\/tr><tr><td>6<\/td><td>88<\/td><td>ARTHUR PAVIE<\/td><td>TMG RACING<\/td><td>+ 5.963<\/td><\/tr><tr><td>7<\/td><td>18<\/td><td>RAFAELA FERREIRA<\/td><td>TMG RACING<\/td><td>+ 6.550<\/td><\/tr><tr><td>8<\/td><td>12<\/td><td>ETHAN NOBELS<\/td><td>CAVALEIRO SPORTS<\/td><td>+ 6.989<\/td><\/tr><tr><td>9<\/td><td>55<\/td><td>MURILO ROCHA<\/td><td>BASSANI RACING<\/td><td>+ 7.495<\/td><\/tr><tr><td>10<\/td><td>0<\/td><td>CELO HAHN<\/td><td>TMG RACING<\/td><td>+ 12.601<\/td><\/tr><tr><td>11<\/td><td>71<\/td><td>CIRO SOBRAL<\/td><td>TMG RACING<\/td><td>+ 14.599<\/td><\/tr><tr><td>12<\/td><td>98<\/td><td>CEC\u00cdLIA RABELLO<\/td><td>BASSANI RACING<\/td><td>+ 14.798<\/td><\/tr><tr><td>13<\/td><td>9<\/td><td>LUCCA ZUCCHINI<\/td><td>CAVALEIRO SPORTS<\/td><td>+ 15.738<\/td><\/tr><tr><td>14<\/td><td>27<\/td><td>JO\u00c3O PEDRO SOUZA<\/td><td>CAVALEIRO SPORTS<\/td><td>+ 15.814<\/td><\/tr><tr><td>15<\/td><td>1<\/td><td>ALCEU FELDMANN NETO<\/td><td>CAVALEIRO SPORTS<\/td><td>Abandonou<\/td><\/tr><tr><td>16<\/td><td>16<\/td><td>ALEXANDER JACOBY<\/td><td>BASSANI RACING<\/td><td>Abandonou<\/td><\/tr><\/tbody><\/table><\/figure>\n\n\n\n<p class=\"wp-block-paragraph\"><strong>\u25b6&nbsp;Inscreva-se nos dois canais do GRANDE PR\u00caMIO no YouTube:&nbsp;<a href=\"https:\/\/www.youtube.com\/channel\/UC9OlHEgxoaY6QY6nWPoiqQg?sub_confirmation=1\" target=\"_blank\" rel=\"noreferrer noopener\">GP<\/a>&nbsp;|&nbsp;<a href=\"https:\/\/www.youtube.com\/channel\/UC9csiS6q_C3C0FYhyr1rnFA?sub_confirmation=1\" target=\"_blank\" rel=\"noreferrer noopener\">GP2<\/a><\/strong><\/p>\n\n\n\n<figure class=\"wp-block-embed is-type-video is-provider-youtube wp-block-embed-youtube wp-embed-aspect-16-9 wp-has-aspect-ratio\"><div class=\"wp-block-embed__wrapper\">\n<iframe loading=\"lazy\" title=\"BORTOLETO ESTREIA ATREVIDO NA F1 AO PEGAR N\u00daMERO MAIS VENCEDOR (FORA O #1)\" width=\"500\" height=\"281\" src=\"https:\/\/www.youtube.com\/embed\/LMwY6hOwteY?feature=oembed\" frameborder=\"0\" allow=\"accelerometer; autoplay; clipboard-write; encrypted-media; gyroscope; picture-in-picture; web-share\" referrerpolicy=\"strict-origin-when-cross-origin\" allowfullscreen><\/iframe>\n<\/div><\/figure>\n\n\n\n<p class=\"wp-block-paragraph\"><em><strong>A classifica\u00e7\u00e3o final da F4 Brasil ap\u00f3s oito etapas:<\/strong><\/em><\/p>\n\n\n\n<figure class=\"wp-block-table\"><table class=\"has-fixed-layout\"><tbody><tr><td>Pos<\/td><td>Carro<\/td><td>Piloto<\/td><td>Equipe<\/td><td>Vit\u00f3rias<\/td><td>Pontos<\/td><\/tr><tr><td>1<\/td><td>118<\/td><td>MATHEUS COMPARATTO<\/td><td>BASSANI RACING<\/td><td>5<\/td><td>337<\/td><\/tr><tr><td>2<\/td><td>21<\/td><td>\u00c1LVARO CHO<\/td><td>TMG RACING<\/td><td>7<\/td><td>307<\/td><\/tr><tr><td>3<\/td><td>12<\/td><td>ETHAN NOBELS<\/td><td>CAVALEIRO SPORTS<\/td><td>3<\/td><td>238<\/td><\/tr><tr><td>4<\/td><td>18<\/td><td>RAFAELA FERREIRA<\/td><td>TMG RACING<\/td><td>3<\/td><td>222<\/td><\/tr><tr><td>5<\/td><td>48<\/td><td>GINO TRAPPA<\/td><td>BASSANI RACING<\/td><td>1<\/td><td>182<\/td><\/tr><tr><td>6<\/td><td>88<\/td><td>ARTHUR PAVIE<\/td><td>TMG RACING<\/td><td>2<\/td><td>175<\/td><\/tr><tr><td>7<\/td><td>7<\/td><td>ROG\u00c9RIO GROTTA<\/td><td>CAVALEIRO SPORTS<\/td><td>1<\/td><td>145<\/td><\/tr><tr><td>8<\/td><td>9<\/td><td>LUCCA ZUCCHINI<\/td><td>CAVALEIRO SPORTS<\/td><td>1<\/td><td>117<\/td><\/tr><tr><td>9<\/td><td>71<\/td><td>CIRO SOBRAL<\/td><td>TMG RACING<\/td><td>&#8211;<\/td><td>109<\/td><\/tr><tr><td>10<\/td><td>37<\/td><td>FILIPPO FIORENTINO<\/td><td>TMG RACING<\/td><td>1<\/td><td>105<\/td><\/tr><tr><td>11<\/td><td>27<\/td><td>JO\u00c3O PEDRO SOUZA<\/td><td>CAVALEIRO SPORTS<\/td><td>&#8211;<\/td><td>70<\/td><\/tr><tr><td>12<\/td><td>30<\/td><td>GUILHERME FAVARETTE<\/td><td>TMG RACING<\/td><td>&#8211;<\/td><td>44<\/td><\/tr><tr><td>13<\/td><td>98<\/td><td>CEC\u00cdLIA RABELLO<\/td><td>BASSANI RACING<\/td><td>&#8211;<\/td><td>40<\/td><\/tr><tr><td>14<\/td><td>1<\/td><td>ALCEU FELDMANN NETO<\/td><td>CAVALEIRO SPORTS<\/td><td>&#8211;<\/td><td>13<\/td><\/tr><tr><td>15<\/td><td>0<\/td><td>CELO HAHN<\/td><td>TMG RACING<\/td><td>&#8211;<\/td><td>9<\/td><\/tr><tr><td>16<\/td><td>55<\/td><td>MURILO ROCHA<\/td><td>BASSANI RACING<\/td><td>&#8211;<\/td><td>2<\/td><\/tr><tr><td>17<\/td><td>16<\/td><td>ALEXANDER JACOBY<\/td><td>BASSANI RACING<\/td><td>&#8211;<\/td><td>0<\/td><\/tr><\/tbody><\/table><\/figure>\n\n\n\n<p class=\"wp-block-paragraph\"><\/p>\n","protected":false},"excerpt":{"rendered":"<p>\u00c1lvaro Cho venceu a s\u00e9tima corrida na temporada 2024 da F4 Brasil e consolidou o vice-campeonato na categoria. Matheus Comparatto e Filippo FIorentino completaram o p\u00f3dio em Interlagos<\/p>\n","protected":false},"author":0,"featured_media":1000910473,"comment_status":"closed","ping_status":"closed","sticky":false,"template":"","format":"standard","meta":{"42wp_featured_image_caption":"","42wp_featured_image_credits":"","42wp_featured_video":"","42wp_featured_image_hidden":false,"42wp_authors_list":[],"footnotes":""},"categories":[47],"tags":[40455,32165,34478,36237,19543,36239,38851,36235,38849,348,37350,4448,37349,5304,37351,39209,1491,28285,36236,38852,34476,38850,34456,38854,37730,38848,7513],"42wp_author":[47128],"class_list":["post-39418","post","type-post","status-publish","format-standard","has-post-thumbnail","hentry","category-f4","tag-alceu-feldmann-neto","tag-alvaro-cho","tag-bassani-racing","tag-calendario-f4","tag-cavaleiro-sports","tag-cecilia-rabello","tag-ciro-sobral","tag-classificacao-f4","tag-ethan-nobels","tag-f4","tag-f4-2024","tag-f4-brasil","tag-f4-brasil-2024","tag-formula-4","tag-formula-4-2024","tag-gino-trappa","tag-grande-premio","tag-grandepremio","tag-horarios-f4","tag-joao-pedro-souza","tag-lucca-zucchini","tag-matheus-comparatto","tag-rafaela-ferreira","tag-rogerio-grotta","tag-temporada-2024-f4","tag-temporada-2024-f4-brasil","tag-tmg-racing","42wp_author-guilherme-bloisi"],"_links":{"self":[{"href":"https:\/\/grandepremio.com\/br\/wp-json\/wp\/v2\/posts\/39418","targetHints":{"allow":["GET"]}}],"collection":[{"href":"https:\/\/grandepremio.com\/br\/wp-json\/wp\/v2\/posts"}],"about":[{"href":"https:\/\/grandepremio.com\/br\/wp-json\/wp\/v2\/types\/post"}],"replies":[{"embeddable":true,"href":"https:\/\/grandepremio.com\/br\/wp-json\/wp\/v2\/comments?post=39418"}],"version-history":[{"count":0,"href":"https:\/\/grandepremio.com\/br\/wp-json\/wp\/v2\/posts\/39418\/revisions"}],"wp:featuredmedia":[{"embeddable":true,"href":"https:\/\/grandepremio.com\/br\/wp-json\/wp\/v2\/media\/1000910473"}],"wp:attachment":[{"href":"https:\/\/grandepremio.com\/br\/wp-json\/wp\/v2\/media?parent=39418"}],"wp:term":[{"taxonomy":"category","embeddable":true,"href":"https:\/\/grandepremio.com\/br\/wp-json\/wp\/v2\/categories?post=39418"},{"taxonomy":"post_tag","embeddable":true,"href":"https:\/\/grandepremio.com\/br\/wp-json\/wp\/v2\/tags?post=39418"},{"taxonomy":"42wp_author","embeddable":true,"href":"https:\/\/grandepremio.com\/br\/wp-json\/wp\/v2\/42wp_author?post=39418"}],"curies":[{"name":"wp","href":"https:\/\/api.w.org\/{rel}","templated":true}]}}