{"id":39599,"date":"2024-12-13T10:52:50","date_gmt":"2024-12-13T13:52:50","guid":{"rendered":"https:\/\/grandepremio.com\/br\/noticias\/victor-martins-supera-josep-maria-marti-lidera-ultimo-dia-testes-pos-temporada-f2-abu-dhabi\/"},"modified":"2024-12-13T11:00:11","modified_gmt":"2024-12-13T14:00:11","slug":"victor-martins-supera-josep-maria-marti-lidera-ultimo-dia-testes-pos-temporada-f2-abu-dhabi","status":"publish","type":"post","link":"https:\/\/grandepremio.com\/br\/f2\/victor-martins-supera-josep-maria-marti-lidera-ultimo-dia-testes-pos-temporada-f2-abu-dhabi\/","title":{"rendered":"Martins supera Mart\u00ed e lidera \u00faltimo dia de testes de p\u00f3s-temporada da F2 em Abu Dhabi"},"content":{"rendered":"\n<p class=\"wp-block-paragraph\"><strong>Victor Martins<\/strong> terminou o terceiro e \u00faltimo dia de testes de p\u00f3s-temporada da <strong>F\u00f3rmula 2<\/strong>, que aconteceu nesta sexta-feira (13), no topo da tabela de tempos. Embora tenha ficado apenas em sexto na sess\u00e3o da tarde, a volta de <strong>1min35s773<\/strong> executada pela manh\u00e3 foi o suficiente para faz\u00ea-lo superar os rivais. <strong>Alexander Dunne<\/strong>, da <strong>Rodin<\/strong>, e <strong>Dino Beganovic<\/strong>, da <strong>Hitech<\/strong>, completaram o top-3.<\/p>\n\n\n\n<p class=\"wp-block-paragraph\">Foi exatamente o franc\u00eas da <strong>ART<\/strong> que come\u00e7ou como o mais r\u00e1pido. Logo nos primeiros minutos da atividade matinal, Martins cravou 1min37s634 para ficar mais de 0s2 \u00e0 frente de <strong>Josep Mar\u00eda Mart\u00ed<\/strong>, da <strong>Campos<\/strong>. Momentos depois, <strong>Rafael Villag\u00f3mez<\/strong>, da <strong>Van Amersfoort Racing<\/strong>, apareceu na disputa e tomou o topo da tabela de maneira provis\u00f3ria.<\/p>\n\n\n\n<p class=\"wp-block-paragraph\">Por\u00e9m, n\u00e3o demorou muito para <strong>Christian Mansell<\/strong> superar o mexicano. Da mesma forma, foi Beganovic quem cravou 1min35s843 para se colocar 0s234 \u00e0 frente do piloto da Rodin na sequ\u00eancia. Mas a\u00ed Martins deu o bote novamente e tomou a ponta por apenas 0s07 ao completar a melhor volta em 1min35s773 \u2014 a mais r\u00e1pida do dia em <strong>Abu Dhabi<\/strong>.<\/p>\n\n\n\n<p class=\"wp-block-paragraph\">No entanto, nem tudo foi t\u00e3o bem assim para o franc\u00eas. Pouco depois de reassumir a primeira posi\u00e7\u00e3o, a ART apresentou problemas e ficou parada na curva 13 do circuito de <strong>Yas Marina<\/strong>, acionando a \u00fanica bandeira vermelha do dia. Quando a pista foi liberada novamente, Dunne conseguiu subir para o segundo lugar, ficando 0s038 do tempo de Victor.<\/p>\n\n\n\n<figure class=\"wp-block-image size-full\"><img decoding=\"async\" src=\"https:\/\/www.grandepremio.com\/br\/wp-content\/uploads\/2024\/12\/SI202412060524-1.jpg\" alt=\"\" class=\"wp-image-907002\"\/><figcaption class=\"wp-element-caption\">Josep Mar\u00eda Mart\u00ed foi o mais r\u00e1pido da sess\u00e3o vespertina (Foto: Red Bull Content Pool)<\/figcaption><\/figure>\n\n\n\n<p class=\"wp-block-paragraph\">A sess\u00e3o vespertina foi focada em simula\u00e7\u00f5es de corrida. <strong>John Bennett<\/strong>, da VAR, foi o primeiro a completar um giro r\u00e1pido em 1min40s699. <strong>Richard Verschoor<\/strong> apareceu na sequ\u00eancia para cravar 1min37s956 com a <strong>MP Motorsport<\/strong>.<\/p>\n\n\n\n<p class=\"wp-block-paragraph\">Quando restavam 90 minutos para o fim das atividades, <strong>Nicolas Varrone<\/strong> conseguiu marcar 1min37s423 para colocar a <strong>Trident<\/strong> no lugar mais alto, mas foi rapidamente superado por Mart\u00ed, que cravou 1min37s351 para terminar o dia como o mais r\u00e1pido \u2014 embora o tempo n\u00e3o tenha sido o suficiente para superar a volta anotada por Martins pela manh\u00e3.<\/p>\n\n\n\n<p class=\"wp-block-paragraph\">A\u00a0<a href=\"https:\/\/www.grandepremio.com\/br\/f2\/\" target=\"_blank\" rel=\"noreferrer noopener\">F\u00f3rmula 2<\/a>\u00a0realiza o terceiro e \u00faltimo dia de testes da p\u00f3s-temporada, em Abu Dhabi, nesta sexta-feira (13). O\u00a0<strong>GRANDE PR\u00caMIO\u00a0<\/strong>acompanha todas as atividades da temporada 2024.<\/p>\n\n\n\n<p class=\"wp-block-paragraph\"><strong><a href=\"https:\/\/www.grandepremio.com\/br\/f2\/\" target=\"_blank\" rel=\"noreferrer noopener\">F\u00f3rmula 2<\/a>\u00a02024, Abu Dhabi,\u00a0<a href=\"https:\/\/www.grandepremio.com\/br\/circuito\/yas-marina\/\" target=\"_blank\" rel=\"noreferrer noopener\">Yas Marina<\/a>, testes coletivos, dia 3:<\/strong><\/p>\n\n\n\n<figure class=\"wp-block-table\"><table class=\"has-fixed-layout\"><tbody><tr><td><strong>1<\/strong><\/td><td>V MARTINS<\/td><td>ART<\/td><td>1:35.773<\/td><td>&nbsp;<\/td><\/tr><tr><td><strong>2<\/strong><\/td><td>A DUNNE<\/td><td>Rodin<\/td><td>1:35.811<\/td><td>+0.038<\/td><\/tr><tr><td><strong>3<\/strong><\/td><td>D BEGANOVIC<\/td><td>Hitech<\/td><td>1:35.843<\/td><td>+0.070<\/td><\/tr><tr><td><strong>4<\/strong><\/td><td>C MANSELL<\/td><td>Rodin<\/td><td>1:35.871<\/td><td>+0.098<\/td><\/tr><tr><td><strong>5<\/strong><\/td><td>O GOETHE<\/td><td>MP Motorsport<\/td><td>1:35.893<\/td><td>+0.120<\/td><\/tr><tr><td><strong>6<\/strong><\/td><td>R MIYATA<\/td><td>ART<\/td><td>1:35.959<\/td><td>+0.186<\/td><\/tr><tr><td><strong>7<\/strong><\/td><td>R STANEK<\/td><td>Invicta<\/td><td>1:35.992<\/td><td>+0.219<\/td><\/tr><tr><td><strong>8<\/strong><\/td><td>R VERSCHOOR<\/td><td>MP Motorsport<\/td><td>1:36.011<\/td><td>+0.238<\/td><\/tr><tr><td><strong>9<\/strong><\/td><td>J CRAWFORD<\/td><td>DAMS<\/td><td>1:36.052<\/td><td>+0.279<\/td><\/tr><tr><td><strong>10<\/strong><\/td><td>K MAINI<\/td><td>DAMS<\/td><td>1:36.054<\/td><td>+0.281<\/td><\/tr><tr><td><strong>11<\/strong><\/td><td>L FORNAROLI<\/td><td>Invicta<\/td><td>1:36.156<\/td><td>+0.383<\/td><\/tr><tr><td><strong>12<\/strong><\/td><td>L BROWNING<\/td><td>Hitech<\/td><td>1:36.161<\/td><td>+0.388<\/td><\/tr><tr><td><strong>13<\/strong><\/td><td>A LINDBLAD<\/td><td>Campos<\/td><td>1:36.222<\/td><td>+0.449<\/td><\/tr><tr><td><strong>14<\/strong><\/td><td>R VILLAG\u00d3MEZ<\/td><td>VAR<\/td><td>1:36.225<\/td><td>+0.452<\/td><\/tr><tr><td><strong>15<\/strong><\/td><td>J BENNETT<\/td><td>VAR<\/td><td>1:36.310<\/td><td>+0.537<\/td><\/tr><tr><td><strong>16<\/strong><\/td><td>J MAR\u00cdA MART\u00cd<\/td><td>Campos<\/td><td>1:36.407<\/td><td>+0.634<\/td><\/tr><tr><td><strong>17<\/strong><\/td><td>G MIN\u00cc<\/td><td>Prema<\/td><td>1:36.603<\/td><td>+0.830<\/td><\/tr><tr><td><strong>18<\/strong><\/td><td>S MONTOYA<\/td><td>Prema<\/td><td>1:36.867<\/td><td>+1.094<\/td><\/tr><tr><td><strong>19<\/strong><\/td><td>S MEGUETOUNIF<\/td><td>Trident<\/td><td>1:37.203<\/td><td>+1.430<\/td><\/tr><tr><td><strong>20<\/strong><\/td><td>N VARRONE<\/td><td>AIX Racing<\/td><td>1:37.423<\/td><td>+1.650<\/td><\/tr><tr><td><strong>21<\/strong><\/td><td>M ESTERSON<\/td><td>Trident<\/td><td>1:37.455<\/td><td>+1.682<\/td><\/tr><tr><td><strong>22<\/strong><\/td><td>C SHIELDS<\/td><td>AIX Racing<\/td><td>1:37.507<\/td><td>+1.734<\/td><\/tr><\/tbody><\/table><\/figure>\n","protected":false},"excerpt":{"rendered":"<p>Victor Martins marcou o melhor tempo do dia ainda durante a parte da manh\u00e3, enquanto Josep Mar\u00eda Mart\u00ed foi o mais r\u00e1pido na sess\u00e3o final<\/p>\n","protected":false},"author":0,"featured_media":1000863223,"comment_status":"closed","ping_status":"closed","sticky":false,"template":"","format":"standard","meta":{"42wp_featured_image_caption":"","42wp_featured_image_credits":"","42wp_featured_video":"","42wp_featured_image_hidden":false,"42wp_authors_list":[],"footnotes":""},"categories":[9],"tags":[6086,3158,2208,35969,33971,1306,349,33638,486],"42wp_author":[47160],"class_list":["post-39599","post","type-post","status-publish","format-standard","has-post-thumbnail","hentry","category-f2","tag-art","tag-campos","tag-formula-2","tag-formula-2-2024","tag-josep-maria-marti","tag-mp-motorsport","tag-prema","tag-rodin","tag-victor-martins","42wp_author-vicente-soella"],"_links":{"self":[{"href":"https:\/\/grandepremio.com\/br\/wp-json\/wp\/v2\/posts\/39599","targetHints":{"allow":["GET"]}}],"collection":[{"href":"https:\/\/grandepremio.com\/br\/wp-json\/wp\/v2\/posts"}],"about":[{"href":"https:\/\/grandepremio.com\/br\/wp-json\/wp\/v2\/types\/post"}],"replies":[{"embeddable":true,"href":"https:\/\/grandepremio.com\/br\/wp-json\/wp\/v2\/comments?post=39599"}],"version-history":[{"count":0,"href":"https:\/\/grandepremio.com\/br\/wp-json\/wp\/v2\/posts\/39599\/revisions"}],"wp:featuredmedia":[{"embeddable":true,"href":"https:\/\/grandepremio.com\/br\/wp-json\/wp\/v2\/media\/1000863223"}],"wp:attachment":[{"href":"https:\/\/grandepremio.com\/br\/wp-json\/wp\/v2\/media?parent=39599"}],"wp:term":[{"taxonomy":"category","embeddable":true,"href":"https:\/\/grandepremio.com\/br\/wp-json\/wp\/v2\/categories?post=39599"},{"taxonomy":"post_tag","embeddable":true,"href":"https:\/\/grandepremio.com\/br\/wp-json\/wp\/v2\/tags?post=39599"},{"taxonomy":"42wp_author","embeddable":true,"href":"https:\/\/grandepremio.com\/br\/wp-json\/wp\/v2\/42wp_author?post=39599"}],"curies":[{"name":"wp","href":"https:\/\/api.w.org\/{rel}","templated":true}]}}