{"id":39649,"date":"2024-12-12T17:00:17","date_gmt":"2024-12-12T20:00:17","guid":{"rendered":"https:\/\/grandepremio.com\/br\/noticias\/rafaela-ferreira-aproveita-confusao-vence-corrida-1-f4-brasil-interlagos\/"},"modified":"2024-12-12T17:01:30","modified_gmt":"2024-12-12T20:01:30","slug":"rafaela-ferreira-aproveita-confusao-vence-corrida-1-f4-brasil-interlagos","status":"publish","type":"post","link":"https:\/\/grandepremio.com\/br\/f4\/rafaela-ferreira-aproveita-confusao-vence-corrida-1-f4-brasil-interlagos\/","title":{"rendered":"Rafaela Ferreira aproveita confus\u00e3o e vence corrida 1 da F4 Brasil em Interlagos"},"content":{"rendered":"\n<p class=\"wp-block-paragraph\"><strong>Rafaela Ferreira<\/strong>, da <strong>TMG Racing<\/strong>, venceu a corrida 1 da <strong>F4 Brasil <\/strong>em <strong>Interlagos<\/strong>, disputada na tarde desta quinta-feira (12). A prova foi realizada para compensar o cancelamento de uma das etapas da rodada tripla de novembro em S\u00e3o Paulo, quando a categoria serviu de suporte para o <strong>GP de S\u00e3o Paulo <\/strong>da <strong>F\u00f3rmula 1<\/strong>. Foi a terceira vit\u00f3ria da pilota em 2024.<\/p>\n\n\n\n<p class=\"wp-block-paragraph\">Ferreira foi muito beneficiada por uma pancada logo na primeira volta da corrida envolvendo o pole-position <strong>Lucca Zucchini<\/strong>, <strong>Gino Trappa, Cecilia Rabelo, \u00c1lvaro Cho<\/strong> e <strong>Ciro Sobral<\/strong>. Depois de assumir a ponta, Rafa precisou se defender de <strong>Matheus Comparatto<\/strong>, que apesar da press\u00e3o, ficou com o segundo lugar.<\/p>\n\n\n\n<p class=\"wp-block-paragraph\"><strong>Arthur Pavie <\/strong>completou o p\u00f3dio em Interlagos, seguido por <strong>Ethan Nobels<\/strong>, que curiosamente j\u00e1 assegurou o posto de melhor novato da temporada. <strong>Filippo Fiorentino <\/strong>foi quinto, seguido por <strong>Pepe Souza <\/strong>e <strong>Marcelo Hahn<\/strong>, que completaram a lista dos pilotos que receberam a bandeira quadriculada.<\/p>\n\n\n\n<p class=\"wp-block-paragraph\"><strong>\u25b6\ufe0f\u00a0Inscreva-se nos dois canais do GRANDE PR\u00caMIO no YouTube:\u00a0<a href=\"https:\/\/www.youtube.com\/channel\/UC9OlHEgxoaY6QY6nWPoiqQg?sub_confirmation=1\" target=\"_blank\" rel=\"noreferrer noopener\">GP<\/a>\u00a0|\u00a0<a href=\"https:\/\/www.youtube.com\/channel\/UC9csiS6q_C3C0FYhyr1rnFA?sub_confirmation=1\" target=\"_blank\" rel=\"noreferrer noopener\">GP2<\/a><\/strong><br><strong>\u25b6\ufe0f<\/strong>\u00a0<strong>LEIA TAMB\u00c9M:\u00a0<a href=\"https:\/\/www.grandepremio.com\/br\/grandepremium\/10\/f1\/materias\/momentos-marcaram-temporada-2024-formula-1\/\">Momentos que marcaram a temporada 2024 da\u00a0<\/a><a href=\"https:\/\/www.grandepremio.com\/br\/f1\/\" target=\"_blank\" rel=\"noreferrer noopener\">F\u00f3rmula 1<\/a><\/strong><\/p>\n\n\n\n<figure class=\"wp-block-image size-large\"><img decoding=\"async\" src=\"https:\/\/www.grandepremio.com\/br\/wp-content\/uploads\/2024\/06\/439874_1113784_20240629__marcelommm_23223-1200x800.jpg\" alt=\"\" class=\"wp-image-834105\"\/><figcaption class=\"wp-element-caption\">Rafa Ferreira\n(Marcelo Machado de Melo\/Vicar)<\/figcaption><\/figure>\n\n\n\n<p class=\"wp-block-paragraph\">Com os resultados da corrida, Matheus Comparatto ampliou a lideran\u00e7a para Alvaro Cho. S\u00e3o 294 pontos contra 255, o que fortalece a campanha do piloto da Bassani Racing pelo t\u00edtulo. Ethan Nobels \u00e9 o terceiro, com 218, enquanto Rafaela Ferreira e Arthur Pavie fecham o top-5.<\/p>\n\n\n\n<p class=\"wp-block-paragraph\">A F\u00f3rmula 4 Brasil d\u00e1 sequ\u00eancia ao fim de semana que marca o encerramento da temporada 2024 nesta sexta-feira (13) com a corrida 2 em Interlagos. As duas provas que fecham o campeonato est\u00e3o agendadas para s\u00e1bado.<\/p>\n","protected":false},"excerpt":{"rendered":"<p>Rafaela Ferreira aproveitou o acidente na primeira volta da corrida 1 da F4 Brasil e venceu pela terceira vez em 2024. Pilota da TMG Racing vai correr na F1 Academy em 2025<\/p>\n","protected":false},"author":0,"featured_media":1000909871,"comment_status":"closed","ping_status":"closed","sticky":false,"template":"","format":"standard","meta":{"42wp_featured_image_caption":"","42wp_featured_image_credits":"","42wp_featured_video":"","42wp_featured_image_hidden":false,"42wp_authors_list":[],"footnotes":""},"categories":[47],"tags":[],"42wp_author":[47119],"class_list":["post-39649","post","type-post","status-publish","format-standard","has-post-thumbnail","hentry","category-f4","42wp_author-gabriel-carvalho"],"_links":{"self":[{"href":"https:\/\/grandepremio.com\/br\/wp-json\/wp\/v2\/posts\/39649","targetHints":{"allow":["GET"]}}],"collection":[{"href":"https:\/\/grandepremio.com\/br\/wp-json\/wp\/v2\/posts"}],"about":[{"href":"https:\/\/grandepremio.com\/br\/wp-json\/wp\/v2\/types\/post"}],"replies":[{"embeddable":true,"href":"https:\/\/grandepremio.com\/br\/wp-json\/wp\/v2\/comments?post=39649"}],"version-history":[{"count":0,"href":"https:\/\/grandepremio.com\/br\/wp-json\/wp\/v2\/posts\/39649\/revisions"}],"wp:featuredmedia":[{"embeddable":true,"href":"https:\/\/grandepremio.com\/br\/wp-json\/wp\/v2\/media\/1000909871"}],"wp:attachment":[{"href":"https:\/\/grandepremio.com\/br\/wp-json\/wp\/v2\/media?parent=39649"}],"wp:term":[{"taxonomy":"category","embeddable":true,"href":"https:\/\/grandepremio.com\/br\/wp-json\/wp\/v2\/categories?post=39649"},{"taxonomy":"post_tag","embeddable":true,"href":"https:\/\/grandepremio.com\/br\/wp-json\/wp\/v2\/tags?post=39649"},{"taxonomy":"42wp_author","embeddable":true,"href":"https:\/\/grandepremio.com\/br\/wp-json\/wp\/v2\/42wp_author?post=39649"}],"curies":[{"name":"wp","href":"https:\/\/api.w.org\/{rel}","templated":true}]}}