{"id":39712,"date":"2024-12-12T11:31:58","date_gmt":"2024-12-12T14:31:58","guid":{"rendered":"https:\/\/grandepremio.com\/br\/noticias\/alpine-diz-esteban-ocon-bem-vindo-fabrica-adeus-planejado-so-aparecer\/"},"modified":"2024-12-12T11:40:21","modified_gmt":"2024-12-12T14:40:21","slug":"alpine-diz-esteban-ocon-bem-vindo-fabrica-adeus-planejado-so-aparecer","status":"publish","type":"post","link":"https:\/\/grandepremio.com\/br\/f1\/alpine-diz-esteban-ocon-bem-vindo-fabrica-adeus-planejado-so-aparecer\/","title":{"rendered":"Alpine diz que Ocon &#8220;\u00e9 bem-vindo&#8221; \u00e0 f\u00e1brica para &#8220;adeus planejado&#8221;: &#8220;\u00c9 s\u00f3 aparecer&#8221;"},"content":{"rendered":"\n<p class=\"wp-block-paragraph\">Depois de pegar<strong> Esteban Ocon<\/strong> totalmente de surpresa ao dispens\u00e1-lo antes da corrida final da <strong>temporada 2024 <\/strong>da <strong>F\u00f3rmula 1<\/strong>, em <strong>Abu Dhabi<\/strong>, a <strong>Alpine <\/strong>veio a p\u00fablico dizer que ele pode ir \u00e0 f\u00e1brica para receber as devidas homenagens &#8220;se quiser&#8221;. O chefe, <strong>Oliver Oakes<\/strong>, no entanto, enfatizou que a escolha de come\u00e7ar os trabalhos ainda este ano com a <strong>Haas <\/strong>foi dele.<\/p>\n\n\n\n<p class=\"wp-block-paragraph\">Segundo reportagem da vers\u00e3o francesa do site <em>Motorsport.com<\/em>, a dispensa de Ocon aconteceu apenas algumas horas antes da largada do <strong>GP do Catar<\/strong>. O conselheiro-executivo <strong>Flavio Briatore<\/strong> chamou o piloto e o informou que n\u00e3o o liberaria para participar dos testes de p\u00f3s-temporada de Abu Dhabi pela\u00a0<strong>Haas<\/strong>.<\/p>\n\n\n\n<p class=\"wp-block-paragraph\">Foi um balde de \u00e1gua fria, pois <strong>Ayao Komatsu<\/strong>, chefe da esquadra americana, indicou em<strong> S\u00e3o Paulo <\/strong>que j\u00e1 havia um acordo pr\u00e9vio para que o franc\u00eas estivesse nos testes. Esteban teve de abrir m\u00e3o da despedida para cumprir o combinado com o novo time.<\/p>\n\n\n\n<p class=\"wp-block-paragraph\">Pelas redes sociais, ele n\u00e3o escondeu a frustra\u00e7\u00e3o e pediu desculpas &#8220;\u00e0s centenas de homens e mulheres que trabalharam duro em Enstone e\u00a0<strong>Viry-Ch\u00e2tillon<\/strong>, por n\u00e3o poder v\u00ea-los pessoalmente e ter uma despedida adequada&#8221;. S\u00f3 que Oakes disse aos jornalistas que isso ainda pode acontecer. Basta Ocon querer.<\/p>\n\n\n\n<figure class=\"wp-block-image size-full\"><img decoding=\"async\" src=\"https:\/\/www.grandepremio.com\/br\/wp-content\/uploads\/2024\/12\/Esteban-Ocon-Haas-Abu-Dhabi-1.jpg\" alt=\"\" class=\"wp-image-908720\"\/><figcaption class=\"wp-element-caption\">Ocon teve de abrir m\u00e3o de correr em Abu Dhabi para estar nos testes com a Haas (Foto: Haas)<\/figcaption><\/figure>\n\n\n\n<p class=\"wp-block-paragraph\">&#8220;Esteban pode ter honrarias, se quiser. Ele tem de aparecer, falo s\u00e9rio&#8221;, come\u00e7ou o chefe da Alpine. &#8220;As pessoas falam isso [sobre a dureza do tratamento que recebeu], mas acho que n\u00e3o \u00e9 certo. No final das contas, ele tinha uma op\u00e7\u00e3o&#8221;, avaliou.<\/p>\n\n\n\n<p class=\"wp-block-paragraph\">&#8220;Ele escolheu come\u00e7ar mais cedo com a nova equipe. Tudo bem, n\u00e3o ligo para isso. Temos trocado mensagens de texto e fui sincero, ele \u00e9 bem-vindo a Enstone, se quiser, como o planejado. Tamb\u00e9m fui muito honesto ao dizer que ele foi uma grande parte da equipe, n\u00e3o apenas nos anos anteriores, mas at\u00e9 mesmo em minha curta passagem&#8221;, salientou.<\/p>\n\n\n\n<p class=\"wp-block-paragraph\">Em seguida, Oakes defendeu a presen\u00e7a de<strong> Jack Doohan <\/strong>no grid em Yas Marina. &#8220;Tenho muita admira\u00e7\u00e3o por ele [Ocon], mas acho que tamb\u00e9m t\u00ednhamos de fazer o certo para n\u00f3s, e colocar Jack no carro antes \u00e9 uma grande vantagem quando pensamos no pr\u00f3ximo ano.&#8221;<\/p>\n\n\n\n<p class=\"wp-block-paragraph\">\u201cTodas as equipes contra as quais estamos lutando t\u00eam novatos com alguma experi\u00eancia e, para mim, pode parecer um pouco severo, mas, na verdade, esse n\u00e3o \u00e9 o motivo&#8221;, encerrou Oakes.<\/p>\n\n\n\n<p class=\"wp-block-paragraph\">A\u00a0<strong><a href=\"https:\/\/www.grandepremio.com\/br\/f1\/\" target=\"_blank\" rel=\"noreferrer noopener\"><\/a><a href=\"https:\/\/www.grandepremio.com\/br\/f1\/\" target=\"_blank\" rel=\"noreferrer noopener\">F\u00f3rmula 1<\/a><\/strong>\u00a0est\u00e1 oficialmente de f\u00e9rias e d\u00e1 adeus a 2024. A pr\u00f3xima atividade \u00e9 exatamente a sess\u00e3o \u00fanica de testes coletivos de pr\u00e9-temporada, marcada para os dias 26, 27 e 28 de fevereiro, no\u00a0<strong>Bahrein<\/strong>. A temporada 2025 come\u00e7a com o\u00a0<strong>GP da Austr\u00e1lia<\/strong>, nos dias 14-16 de mar\u00e7o.<\/p>\n\n\n\n<p class=\"wp-block-paragraph\">\u00a0Inscreva-se nos dois canais do<strong>\u00a0GRANDE PR\u00caMIO<\/strong>\u00a0no\u00a0<strong>YouTube<\/strong>:\u00a0<a href=\"https:\/\/www.youtube.com\/channel\/UC9OlHEgxoaY6QY6nWPoiqQg?sub_confirmation=1\" target=\"_blank\" rel=\"noreferrer noopener\">GP<\/a>\u00a0|\u00a0<a href=\"https:\/\/www.youtube.com\/channel\/UC9csiS6q_C3C0FYhyr1rnFA?sub_confirmation=1\" target=\"_blank\" rel=\"noreferrer noopener\">GP2<\/a><br><strong>LEIA TAMB\u00c9M:\u00a0<a href=\"https:\/\/www.grandepremio.com\/br\/grandepremium\/10\/f1\/materias\/momentos-marcaram-temporada-2024-formula-1\/\">Momentos que marcaram a temporada 2024 da\u00a0<\/a><a href=\"https:\/\/www.grandepremio.com\/br\/f1\/\" target=\"_blank\" rel=\"noreferrer noopener\">F\u00f3rmula 1<\/a><\/strong><\/p>\n\n\n\n<figure class=\"wp-block-embed is-type-video is-provider-youtube wp-block-embed-youtube wp-embed-aspect-16-9 wp-has-aspect-ratio\"><div class=\"wp-block-embed__wrapper\">\n<iframe loading=\"lazy\" title=\"BORTOLETO FAZ OLHO DE ALONSO BRILHAR E ESCA\u0302NDALO CONTINUA NA STOCK | TTGP #165\" width=\"500\" height=\"281\" src=\"https:\/\/www.youtube.com\/embed\/era0Hf1t48o?feature=oembed\" frameborder=\"0\" allow=\"accelerometer; autoplay; clipboard-write; encrypted-media; gyroscope; picture-in-picture; web-share\" referrerpolicy=\"strict-origin-when-cross-origin\" allowfullscreen><\/iframe>\n<\/div><\/figure>\n","protected":false},"excerpt":{"rendered":"<p>Chefe da Alpine, Oliver Oakes disse que j\u00e1 falou com Esteban Ocon sobre a despedida, mas lembrou que foi o piloto quem escolheu ir para a Haas mais cedo<\/p>\n","protected":false},"author":0,"featured_media":1000902424,"comment_status":"closed","ping_status":"closed","sticky":false,"template":"","format":"standard","meta":{"42wp_featured_image_caption":"","42wp_featured_image_credits":"","42wp_featured_video":"","42wp_featured_image_hidden":false,"42wp_authors_list":[],"footnotes":""},"categories":[2],"tags":[20491,26271,5273,302,147,3230,885,180,30909,25424,37274,1491,28285,30840,40441,35129,33301,1901,41806,37255],"42wp_author":[47147],"class_list":["post-39712","post","type-post","status-publish","format-standard","has-post-thumbnail","hentry","category-f1","tag-alpine","tag-calendario-f1","tag-classificacao-f1","tag-esteban-ocon","tag-f1","tag-f1-2024","tag-flavio-briatore","tag-formula-1","tag-formula-1-2024","tag-gp-de-abu-dhabi","tag-gp-de-abu-dhabi-f1","tag-grande-premio","tag-grandepremio","tag-horarios-f1","tag-oliver-oakes","tag-onde-assistir-f1","tag-temporada-2024-f1","tag-yas-marina","tag-yas-marina-2024","tag-yas-marina-f1","42wp_author-luana-marino"],"_links":{"self":[{"href":"https:\/\/grandepremio.com\/br\/wp-json\/wp\/v2\/posts\/39712","targetHints":{"allow":["GET"]}}],"collection":[{"href":"https:\/\/grandepremio.com\/br\/wp-json\/wp\/v2\/posts"}],"about":[{"href":"https:\/\/grandepremio.com\/br\/wp-json\/wp\/v2\/types\/post"}],"replies":[{"embeddable":true,"href":"https:\/\/grandepremio.com\/br\/wp-json\/wp\/v2\/comments?post=39712"}],"version-history":[{"count":0,"href":"https:\/\/grandepremio.com\/br\/wp-json\/wp\/v2\/posts\/39712\/revisions"}],"wp:featuredmedia":[{"embeddable":true,"href":"https:\/\/grandepremio.com\/br\/wp-json\/wp\/v2\/media\/1000902424"}],"wp:attachment":[{"href":"https:\/\/grandepremio.com\/br\/wp-json\/wp\/v2\/media?parent=39712"}],"wp:term":[{"taxonomy":"category","embeddable":true,"href":"https:\/\/grandepremio.com\/br\/wp-json\/wp\/v2\/categories?post=39712"},{"taxonomy":"post_tag","embeddable":true,"href":"https:\/\/grandepremio.com\/br\/wp-json\/wp\/v2\/tags?post=39712"},{"taxonomy":"42wp_author","embeddable":true,"href":"https:\/\/grandepremio.com\/br\/wp-json\/wp\/v2\/42wp_author?post=39712"}],"curies":[{"name":"wp","href":"https:\/\/api.w.org\/{rel}","templated":true}]}}