{"id":39740,"date":"2024-12-12T08:35:10","date_gmt":"2024-12-12T11:35:10","guid":{"rendered":"https:\/\/grandepremio.com\/br\/noticias\/fia-divulga-imagens-mostra-versao-refinada-carro-temporada-2026-formula-1\/"},"modified":"2024-12-12T14:57:54","modified_gmt":"2024-12-12T17:57:54","slug":"fia-divulga-imagens-mostra-versao-refinada-carro-temporada-2026-formula-1","status":"publish","type":"post","link":"https:\/\/grandepremio.com\/br\/f1\/fia-divulga-imagens-mostra-versao-refinada-carro-temporada-2026-formula-1\/","title":{"rendered":"FIA divulga imagens e mostra &#8220;vers\u00e3o refinada&#8221; de carro para temporada 2026 da F1"},"content":{"rendered":"\n<p class=\"wp-block-paragraph\">O trabalho no conceito dos carros da <strong><a href=\"https:\/\/www.grandepremio.com\/br\/f1\/\">F\u00f3rmula 1<\/a><\/strong> para as <strong><a href=\"https:\/\/www.grandepremio.com\/br\/f1\/noticias\/carros-mais-leves-fim-drs-formula-1-apresenta-regulamento-completo-2026\/\">regras que entram em vigor a partir de 2026<\/a><\/strong> continua a toda por parte da <strong>FIA (Federa\u00e7\u00e3o Internacional de Automobilismo)<\/strong>. Na manh\u00e3 desta quinta-feira (12), a federa\u00e7\u00e3o divulgou imagens do que chamou de &#8220;vers\u00e3o refinada&#8221; da pr\u00f3xima gera\u00e7\u00e3o de carros.<\/p>\n\n\n\n<p class=\"wp-block-paragraph\">\u25b6\ufe0f <strong>Inscreva-se nos dois canais do GRANDE PR\u00caMIO no YouTube<\/strong>:&nbsp;<strong><a href=\"https:\/\/www.youtube.com\/channel\/UC9OlHEgxoaY6QY6nWPoiqQg?sub_confirmation=1\" target=\"_blank\" rel=\"noreferrer noopener\">GP<\/a>&nbsp;|&nbsp;<a href=\"https:\/\/www.youtube.com\/channel\/UC9csiS6q_C3C0FYhyr1rnFA?sub_confirmation=1\" target=\"_blank\" rel=\"noreferrer noopener\">GP2<\/a><\/strong><a href=\"https:\/\/www.grandepremio.com\/br\/chefao\/\" target=\"_blank\" rel=\"noreferrer noopener\"><\/a><\/p>\n\n\n\n<p class=\"wp-block-paragraph\">As altera\u00e7\u00f5es foram confirmadas ap\u00f3s a realiza\u00e7\u00e3o do Conselho Mundial da FIA, em Quigali, na Ruanda, na \u00faltima quarta-feira. O \u00f3rg\u00e3o n\u00e3o divulgou mudan\u00e7as nas especifica\u00e7\u00f5es, mas as imagens computadorizadas mostram certas altera\u00e7\u00f5es no campo da aerodin\u00e2mica.<\/p>\n\n\n\n<p class=\"wp-block-paragraph\">Num primeiro olhar, as novidades est\u00e3o sobretudo nas asas, com a traseira bem mais arredondada e as aletas da dianteira com desenho bem distinto. Nas <strong><a href=\"https:\/\/www.grandepremio.com\/br\/f1\/noticias\/fia-flexibiliza-regras-permite-testes-equipes-carro-mula-2026\/\">imagens anunciadas em junho<\/a><\/strong>, as aletas terminavam numa barbatana anexa em ambos os lados. Agora, h\u00e1 um penduricalho preso \u00e0s aletas e uma esp\u00e9cie de base horizontal que se estende para al\u00e9m delas.<\/p>\n\n\n\n<figure class=\"wp-block-image size-large\"><img decoding=\"async\" src=\"https:\/\/www.grandepremio.com\/br\/wp-content\/uploads\/2024\/12\/CFIA1-1200x633.jpg\" alt=\"\" class=\"wp-image-909550\"\/><figcaption class=\"wp-element-caption\">Carro no t\u00fanel de vento? Nova parte da prepara\u00e7\u00e3o para F1 2026 (Foto: Reprodu\u00e7\u00e3o\/FIA)<\/figcaption><\/figure>\n\n\n\n<p class=\"wp-block-paragraph\">Al\u00e9m disso, a FIA foi al\u00e9m e ainda divulgou imagens computadorizadas do carro entrando no t\u00fanel de vento, mostrando um pouco mais do avan\u00e7o do trabalho que vem tendo com o conceito.<\/p>\n\n\n\n<p class=\"wp-block-paragraph\">Apesar disso, as equipes s\u00f3 podem come\u00e7ar a constru\u00e7\u00e3o dos carros de 2026 a partir de 1\u00ba de janeiro de 2025. No momento, portanto, ainda est\u00e3o no aguardo dos ajustes finais.<\/p>\n\n\n\n<p class=\"wp-block-paragraph\">A&nbsp;<strong><a href=\"https:\/\/www.grandepremio.com\/br\/f1\/\" target=\"_blank\" rel=\"noreferrer noopener\"><\/a><a href=\"https:\/\/www.grandepremio.com\/br\/f1\/\" target=\"_blank\" rel=\"noreferrer noopener\">F\u00f3rmula 1<\/a><\/strong>&nbsp;agora entra oficialmente de f\u00e9rias e d\u00e1 adeus a 2024. A pr\u00f3xima atividade \u00e9 exatamente a sess\u00e3o \u00fanica de testes coletivos de pr\u00e9-temporada, marcada para os dias 26, 27 e 28 de fevereiro, no&nbsp;<strong>Bahrein<\/strong>. A temporada 2025 come\u00e7a com o&nbsp;<strong>GP da Austr\u00e1lia<\/strong>, nos dias 14-16 de mar\u00e7o.<\/p>\n\n\n\n<figure class=\"wp-block-embed is-type-video is-provider-youtube wp-block-embed-youtube wp-embed-aspect-16-9 wp-has-aspect-ratio\"><div class=\"wp-block-embed__wrapper\">\n<iframe loading=\"lazy\" title=\"BORTOLETO FAZ OLHO DE ALONSO BRILHAR E ESCA\u0302NDALO CONTINUA NA STOCK | TTGP #165\" width=\"500\" height=\"281\" src=\"https:\/\/www.youtube.com\/embed\/era0Hf1t48o?feature=oembed\" frameborder=\"0\" allow=\"accelerometer; autoplay; clipboard-write; encrypted-media; gyroscope; picture-in-picture; web-share\" referrerpolicy=\"strict-origin-when-cross-origin\" allowfullscreen><\/iframe>\n<\/div><figcaption class=\"wp-element-caption\">BORTOLETO FAZ OLHO DE ALONSO BRILHAR E ESCA\u0302NDALO CONTINUA NA STOCK | TTGP #165<\/figcaption><\/figure>\n","protected":false},"excerpt":{"rendered":"<p>Ap\u00f3s reuni\u00e3o do Conselho Mundial, FIA lan\u00e7ou novas imagens do conceito dos carros que entram em vigor na F\u00f3rmula 1 em 2026<\/p>\n","protected":false},"author":0,"featured_media":1000909544,"comment_status":"closed","ping_status":"closed","sticky":false,"template":"","format":"standard","meta":{"42wp_featured_image_caption":"","42wp_featured_image_credits":"","42wp_featured_video":"","42wp_featured_image_hidden":false,"42wp_authors_list":[],"footnotes":""},"categories":[2],"tags":[5660,3230,29516,642,25893,103,31425,30650],"42wp_author":[47120],"class_list":["post-39740","post","type-post","status-publish","format-standard","has-post-thumbnail","hentry","category-f1","tag-classificacao","tag-f1-2024","tag-f1-2026","tag-f1-ao-vivo","tag-federacao-internacional-de-automobilismo","tag-fia","tag-formula-1-2026","tag-novos-carros-f1","42wp_author-pedro-henrique-marum"],"_links":{"self":[{"href":"https:\/\/grandepremio.com\/br\/wp-json\/wp\/v2\/posts\/39740","targetHints":{"allow":["GET"]}}],"collection":[{"href":"https:\/\/grandepremio.com\/br\/wp-json\/wp\/v2\/posts"}],"about":[{"href":"https:\/\/grandepremio.com\/br\/wp-json\/wp\/v2\/types\/post"}],"replies":[{"embeddable":true,"href":"https:\/\/grandepremio.com\/br\/wp-json\/wp\/v2\/comments?post=39740"}],"version-history":[{"count":0,"href":"https:\/\/grandepremio.com\/br\/wp-json\/wp\/v2\/posts\/39740\/revisions"}],"wp:featuredmedia":[{"embeddable":true,"href":"https:\/\/grandepremio.com\/br\/wp-json\/wp\/v2\/media\/1000909544"}],"wp:attachment":[{"href":"https:\/\/grandepremio.com\/br\/wp-json\/wp\/v2\/media?parent=39740"}],"wp:term":[{"taxonomy":"category","embeddable":true,"href":"https:\/\/grandepremio.com\/br\/wp-json\/wp\/v2\/categories?post=39740"},{"taxonomy":"post_tag","embeddable":true,"href":"https:\/\/grandepremio.com\/br\/wp-json\/wp\/v2\/tags?post=39740"},{"taxonomy":"42wp_author","embeddable":true,"href":"https:\/\/grandepremio.com\/br\/wp-json\/wp\/v2\/42wp_author?post=39740"}],"curies":[{"name":"wp","href":"https:\/\/api.w.org\/{rel}","templated":true}]}}