{"id":40182,"date":"2024-12-09T12:55:20","date_gmt":"2024-12-09T15:55:20","guid":{"rendered":"https:\/\/grandepremio.com\/br\/noticias\/nyck-de-vries-ve-dificuldades-pneus-calor-sao-paulo-nao-estavamos-preparados\/"},"modified":"2024-12-10T11:36:50","modified_gmt":"2024-12-10T14:36:50","slug":"nyck-de-vries-ve-dificuldades-pneus-calor-sao-paulo-nao-estavamos-preparados","status":"publish","type":"post","link":"https:\/\/grandepremio.com\/br\/formula-e\/nyck-de-vries-ve-dificuldades-pneus-calor-sao-paulo-nao-estavamos-preparados\/","title":{"rendered":"De Vries v\u00ea dificuldades com pneus e calor em S\u00e3o Paulo: &#8220;N\u00e3o est\u00e1vamos preparados&#8221;"},"content":{"rendered":"\n<p class=\"wp-block-paragraph\">A abertura da temporada 2024\/25 da <strong>F\u00f3rmula E<\/strong> foi recheada de caos nas ruas de <strong>S\u00e3o Paulo<\/strong>. E acabou sendo bem agitada para alguns pilotos do grid, como <strong>Nyck de Vries<\/strong>, que largou em 21\u00ba e pen\u00faltimo lugar, mas <a href=\"https:\/\/www.grandepremio.com\/br\/formula-e\/noticias\/mitch-evans-completa-incrivel-reacao-vence-caos-formula-e-sao-paulo-pascal-werhlein-capota\/\">acabou a corrida na s\u00e9tima posi\u00e7\u00e3o depois de grande rea\u00e7\u00e3o<\/a>.<\/p>\n\n\n\n<p class=\"wp-block-paragraph\"><a href=\"https:\/\/www.grandepremio.com\/br\/formula-e\/noticias\/pascal-wehrlein-supera-oliver-rowland-garante-pole-formula-e-sao-paulo-lucas-di-grassi-14o\/\">O desempenho do neerland\u00eas foi ruim na classifica\u00e7\u00e3o<\/a>, mas a <strong>Mahindra <\/strong>conseguiu mostrar uma n\u00edtida evolu\u00e7\u00e3o e escapar das confus\u00f5es no <strong>Anhembi<\/strong>. Al\u00e9m do s\u00e9timo posto conquistado por De Vries, o companheiro <strong>Edoardo Mortara<\/strong> finalizou a prova na quinta coloca\u00e7\u00e3o.<\/p>\n\n\n\n<p class=\"wp-block-paragraph\">Em conversa exclusiva com o <strong>GRANDE PR\u00caMIO<\/strong> depois do eP de S\u00e3o Paulo, De Vries lamentou os problemas na classifica\u00e7\u00e3o, especialmente com os pneus mais macios introduzidos na categoria de monopostos el\u00e9tricos. O piloto da Mahindra ainda destacou as altas temperaturas na capital paulista, diferente do clima frio que encarou nos testes de pr\u00e9-temporada em <strong>Jarama<\/strong>, na <strong>Espanha<\/strong>.<\/p>\n\n\n\n<p class=\"wp-block-paragraph\"><strong>\u25b6\ufe0f&nbsp;Inscreva-se nos dois canais do GRANDE PR\u00caMIO no YouTube:&nbsp;<a href=\"https:\/\/www.youtube.com\/channel\/UC9OlHEgxoaY6QY6nWPoiqQg?sub_confirmation=1\" target=\"_blank\" rel=\"noreferrer noopener\">GP<\/a>&nbsp;|&nbsp;<a href=\"https:\/\/www.youtube.com\/channel\/UC9csiS6q_C3C0FYhyr1rnFA?sub_confirmation=1\" target=\"_blank\" rel=\"noreferrer noopener\">GP2<\/a><\/strong><\/p>\n\n\n\n<figure class=\"wp-block-image size-large\"><img decoding=\"async\" src=\"https:\/\/www.grandepremio.com\/br\/wp-content\/uploads\/2024\/12\/MG_1653-1200x800.jpg\" alt=\"\" class=\"wp-image-906518\"\/><figcaption class=\"wp-element-caption\">Nyck De Vries teve altos e baixos nas ruas de S\u00e3o Paulo (Foto: Guilherme Bloisi\/GRANDE PR\u00caMIO)<\/figcaption><\/figure>\n\n\n\n<p class=\"wp-block-paragraph\">&#8220;Muito ca\u00f3tico. A classifica\u00e7\u00e3o foi bastante frustrante, esper\u00e1vamos mais. As condi\u00e7\u00f5es foram totalmente diferentes do que encontramos no teste. Acho que foi 34\u00baC de temperatura ambiente [em S\u00e3o Paulo], enquanto nunca superamos 12\u00baC nos testes. N\u00e3o est\u00e1vamos preparados para utilizar os pneus dessas condi\u00e7\u00f5es. Precisamos fazer um trabalho melhor para entender isso e melhorar&#8221;, destacou.<\/p>\n\n\n\n<p class=\"wp-block-paragraph\">&#8220;Nosso pacote definitivamente evoluiu e \u00e9 mais competitivo, o que nos permitiu uma corrida melhor. Fizemos uma corrida limpa, sem problemas e estamos satisfeitos com os pontos que ganhamos. Sempre \u00e9 uma combina\u00e7\u00e3o de v\u00e1rios fatores. Os pneus foram uma grande parte da falta de desempenho na classifica\u00e7\u00e3o&#8221;, finalizou.<\/p>\n\n\n\n<p class=\"wp-block-paragraph\">A&nbsp;<strong><a href=\"https:\/\/www.grandepremio.com\/br\/formula-e\/\" target=\"_blank\" rel=\"noreferrer noopener\">F\u00f3rmula E<\/a>&nbsp;2024\/25<\/strong>&nbsp;volta a acelerar nos dias 10 e 11 de janeiro do pr\u00f3ximo ano, com o&nbsp;<strong>eP da Cidade do&nbsp;<a href=\"https:\/\/es.grandepremio.com\/\" target=\"_blank\" rel=\"noreferrer noopener\">M\u00e9xico<\/a><\/strong>, no&nbsp;<strong>Aut\u00f3dromo&nbsp;<a href=\"https:\/\/www.grandepremio.com\/br\/circuito\/hermanos-rodriguez\/\" target=\"_blank\" rel=\"noreferrer noopener\"><\/a><a href=\"https:\/\/www.grandepremio.com\/br\/circuito\/hermanos-rodriguez\/\" target=\"_blank\" rel=\"noreferrer noopener\"><\/a><a href=\"https:\/\/www.grandepremio.com\/br\/circuito\/hermanos-rodriguez\/\" target=\"_blank\" rel=\"noreferrer noopener\"><\/a><a href=\"https:\/\/www.grandepremio.com\/br\/circuito\/hermanos-rodriguez\/\" target=\"_blank\" rel=\"noreferrer noopener\">Hermanos Rodr\u00edguez<\/a><\/strong>, para a segunda etapa do calend\u00e1rio. O&nbsp;<strong>GRANDE PR\u00caMIO<\/strong>&nbsp;faz cobertura completa do evento e transmite todas as atividades&nbsp;<strong>AO VIVO<\/strong>&nbsp;e&nbsp;<strong>COM IMAGENS<\/strong>&nbsp;pelo&nbsp;<strong>YouTube<\/strong>.<\/p>\n\n\n\n<figure class=\"wp-block-embed is-type-video is-provider-youtube wp-block-embed-youtube wp-embed-aspect-16-9 wp-has-aspect-ratio\"><div class=\"wp-block-embed__wrapper\">\n<iframe loading=\"lazy\" title=\"F\u00d3RMULA E 2024\/2025 COM IMAGENS | eP DE S\u00c3O PAULO | 1\u00aa etapa | Corrida\" width=\"500\" height=\"281\" src=\"https:\/\/www.youtube.com\/embed\/vZpI8DHq7mI?start=2&amp;feature=oembed\" frameborder=\"0\" allow=\"accelerometer; autoplay; clipboard-write; encrypted-media; gyroscope; picture-in-picture; web-share\" referrerpolicy=\"strict-origin-when-cross-origin\" allowfullscreen><\/iframe>\n<\/div><\/figure>\n","protected":false},"excerpt":{"rendered":"<p>Nyck de Vries largou na \u00faltima fila do grid no eP de S\u00e3o Paulo, mas escapou das muitas confus\u00f5es e garantiu pontos com a s\u00e9tima coloca\u00e7\u00e3o. Em conversa com o GRANDE PR\u00caMIO, destacou evolu\u00e7\u00e3o da Mahindra, mas refor\u00e7ou que o time ainda pode melhorar na temporada<\/p>\n","protected":false},"author":0,"featured_media":1000907003,"comment_status":"closed","ping_status":"closed","sticky":false,"template":"","format":"standard","meta":{"42wp_featured_image_caption":"","42wp_featured_image_credits":"","42wp_featured_video":"","42wp_featured_image_hidden":false,"42wp_authors_list":[],"footnotes":""},"categories":[19],"tags":[417,25774,28679,6853,985,5449,31465,949,10437,31468,840,38802,1491,28285,35442,910,8928,4621,851,41125,966,1172,8870,912,90,909,2128,2349,894,1722,1556,965,36219,1194,736,1593,976,2380,876,967,32748,41542,28107],"42wp_author":[47135],"class_list":["post-40182","post","type-post","status-publish","format-standard","has-post-thumbnail","hentry","category-formula-e","tag-andretti","tag-antonio-felix-da-costa","tag-calendario-formula-e","tag-classificacao-formula-e","tag-dan-ticktum","tag-david-beckmann","tag-ds-penske","tag-edoardo-mortara","tag-envision","tag-ep-de-sao-paulo","tag-formula-e","tag-formula-e-2025","tag-grande-premio","tag-grandepremio","tag-horarios-formula-e","tag-jaguar","tag-jake-dennis","tag-jake-hughes","tag-jean-eric-vergne","tag-kiro","tag-lucas-di-grassi","tag-mahindra","tag-maserati","tag-maximilian-gunther","tag-mclaren","tag-mitch-evans","tag-nick-cassidy","tag-nico-muller","tag-nissan","tag-norman-nato","tag-nyck-de-vries","tag-oliver-rowland","tag-onde-assistir-formula-e","tag-pascal-wehrlein","tag-porsche","tag-robin-frijns","tag-sam-bird","tag-sao-paulo","tag-sebastien-buemi","tag-stoffel-vandoorne","tag-taylor-barnard","tag-temporada-2025-da-formula-e","tag-zane-maloney","42wp_author-pedro-luis-cuenca"],"_links":{"self":[{"href":"https:\/\/grandepremio.com\/br\/wp-json\/wp\/v2\/posts\/40182","targetHints":{"allow":["GET"]}}],"collection":[{"href":"https:\/\/grandepremio.com\/br\/wp-json\/wp\/v2\/posts"}],"about":[{"href":"https:\/\/grandepremio.com\/br\/wp-json\/wp\/v2\/types\/post"}],"replies":[{"embeddable":true,"href":"https:\/\/grandepremio.com\/br\/wp-json\/wp\/v2\/comments?post=40182"}],"version-history":[{"count":0,"href":"https:\/\/grandepremio.com\/br\/wp-json\/wp\/v2\/posts\/40182\/revisions"}],"wp:featuredmedia":[{"embeddable":true,"href":"https:\/\/grandepremio.com\/br\/wp-json\/wp\/v2\/media\/1000907003"}],"wp:attachment":[{"href":"https:\/\/grandepremio.com\/br\/wp-json\/wp\/v2\/media?parent=40182"}],"wp:term":[{"taxonomy":"category","embeddable":true,"href":"https:\/\/grandepremio.com\/br\/wp-json\/wp\/v2\/categories?post=40182"},{"taxonomy":"post_tag","embeddable":true,"href":"https:\/\/grandepremio.com\/br\/wp-json\/wp\/v2\/tags?post=40182"},{"taxonomy":"42wp_author","embeddable":true,"href":"https:\/\/grandepremio.com\/br\/wp-json\/wp\/v2\/42wp_author?post=40182"}],"curies":[{"name":"wp","href":"https:\/\/api.w.org\/{rel}","templated":true}]}}