{"id":40935,"date":"2024-12-07T03:15:00","date_gmt":"2024-12-07T06:15:00","guid":{"rendered":"https:\/\/grandepremio.com\/br\/noticias\/formula-e-vai-passar-na-tv-hoje-saiba-onde-assistir-tl2-ep-sao-paulo\/"},"modified":"2024-12-04T17:36:26","modified_gmt":"2024-12-04T20:36:26","slug":"formula-e-vai-passar-na-tv-hoje-saiba-onde-assistir-tl2-ep-sao-paulo","status":"publish","type":"post","link":"https:\/\/grandepremio.com\/br\/formula-e\/formula-e-vai-passar-na-tv-hoje-saiba-onde-assistir-tl2-ep-sao-paulo\/","title":{"rendered":"F\u00f3rmula E vai passar na TV hoje? Saiba onde assistir ao TL2 do eP de S\u00e3o Paulo"},"content":{"rendered":"\n<p class=\"wp-block-paragraph\">A&nbsp;<strong><a href=\"https:\/\/www.grandepremio.com\/br\/formula-e\/\" target=\"_blank\" rel=\"noreferrer noopener\">F\u00f3rmula E<\/a><\/strong>&nbsp;parte para a sua 11\u00aa temporada e a estreia da temporada 2024\/25 acontece neste fim de semana, com o &nbsp;<strong>eP de S\u00e3o Paulo<\/strong>, a primeira das 16 etapas do campeonato. E a primeira atividade do fim de semana ser\u00e1 no&nbsp;<strong>TL2<\/strong>.&nbsp;<strong>Confira os hor\u00e1rios e onde assistir \u00e0s atividades!<\/strong><\/p>\n\n\n\n<p class=\"wp-block-paragraph\">Vale destacar, \u00e9 claro, que absolutamente todas as sess\u00f5es de pista ter\u00e3o&nbsp;transmiss\u00e3o&nbsp;<strong>AO VIVO e COM IMAGENS<\/strong>&nbsp;nos canais do&nbsp;<strong>GRANDE PR\u00caMIO<\/strong>&nbsp;no&nbsp;<strong>YouTube<\/strong>&nbsp;e no&nbsp;<strong><a href=\"https:\/\/m.kwai.com\/user\/@grandepremio\" target=\"_blank\" rel=\"noreferrer noopener\">Kwai<\/a><\/strong>. O&nbsp;<strong>TL2<\/strong>&nbsp;do eP de S\u00e3o Paulo&nbsp;acontece neste s\u00e1bado (7), a partir das&nbsp;<strong>7h15&nbsp;<\/strong>(Hor\u00e1rio de Bras\u00edlia, GMT-3).<\/p>\n\n\n\n<p class=\"wp-block-paragraph\">O campeonato marca a tentativa de <strong>Pascal Wehrlein<\/strong> em defender o t\u00edtulo mundial com a <strong>Porsche<\/strong>, amea\u00e7ada por <strong>Jaguar<\/strong> de <strong>Mitch Evans<\/strong> e <strong>Nick Cassidy<\/strong>, al\u00e9m da <strong>Nissan<\/strong> de <strong>Oliver Rowland<\/strong> e <strong>Norman Nato<\/strong>, que promete brigar por vit\u00f3rias na temporada.<\/p>\n\n\n\n<p class=\"wp-block-paragraph\">Entre as equipes, as novidades s\u00e3o as estreias da <strong>Kiro<\/strong> [antiga <strong>ERT<\/strong>] e<strong> Lola Yamaha<\/strong> [antiga <strong>ABT Cupra<\/strong>], equipe do \u00fanico brasileiro presente no grid nesta temporada, <strong>Lucas Di Grassi<\/strong>.<\/p>\n\n\n\n<figure class=\"wp-block-image size-large\"><img decoding=\"async\" src=\"https:\/\/www.grandepremio.com\/br\/wp-content\/uploads\/2024\/11\/GbzuV_2WMAMn0Ea-1200x800.jpeg\" alt=\"\" class=\"wp-image-894440\"\/><figcaption class=\"wp-element-caption\">F\u00f3rmula E come\u00e7a temporada 2024\/25 neste fim de semana, em S\u00e3o Paulo (Foto: DS Penske)<\/figcaption><\/figure>\n\n\n\n<p class=\"wp-block-paragraph\">Entre as equipes, as novidades s\u00e3o as estreias da <strong>Kiro<\/strong> [antiga <strong>ERT<\/strong>] e<strong> Lola Yamaha<\/strong> [antiga <strong>ABT Cupra<\/strong>], equipe do \u00fanico brasileiro presente no grid nesta temporada, <strong>Lucas Di Grassi<\/strong>.<\/p>\n\n\n\n<p class=\"wp-block-paragraph\">O&nbsp;<strong>GRANDE<\/strong>&nbsp;<strong>PR\u00caMIO&nbsp;<\/strong><a href=\"https:\/\/www.youtube.com\/@GrandePremio1\/featured\">transmite a atividade inteira pelo&nbsp;<strong>YouTube<\/strong><\/a> e far\u00e1 a cobertura completa e com presen\u00e7a&nbsp;<strong>IN LOCO<\/strong>&nbsp;da equipe de&nbsp;<a href=\"https:\/\/formula1aovivo.com\/\" target=\"_blank\" rel=\"noreferrer noopener\">transmiss\u00e3o<\/a>, <strong>Geferson Kern<\/strong>, <strong>Pedro Henrique Marum<\/strong> e <strong>JP Nascimento<\/strong>, bem como <strong>Daniel Balsa<\/strong>, <strong>Giovani Danjo<\/strong>, <strong>Grazielly Costa<\/strong>, <strong>Guilherme Bloisi<\/strong>, <strong>Pedro Luis Cuenca<\/strong>, <strong>Renato Ribeiro<\/strong>, <strong>Rodrigo Berton<\/strong>, <strong>Thiago Rocha<\/strong> e <strong>Victor Martins<\/strong>.<\/p>\n\n\n\n<p class=\"wp-block-paragraph\"><strong>\u25b6\ufe0f&nbsp;Inscreva-se nos dois canais do GRANDE PR\u00caMIO no YouTube:&nbsp;<a href=\"https:\/\/www.youtube.com\/channel\/UC9OlHEgxoaY6QY6nWPoiqQg?sub_confirmation=1\" target=\"_blank\" rel=\"noreferrer noopener\">GP<\/a>&nbsp;|&nbsp;<a href=\"https:\/\/www.youtube.com\/channel\/UC9csiS6q_C3C0FYhyr1rnFA?sub_confirmation=1\" target=\"_blank\" rel=\"noreferrer noopener\">GP2<\/a><\/strong><\/p>\n\n\n\n<figure class=\"wp-block-embed is-type-video is-provider-youtube wp-block-embed-youtube wp-embed-aspect-16-9 wp-has-aspect-ratio\"><div class=\"wp-block-embed__wrapper\">\n<iframe loading=\"lazy\" title=\"F\u00d3RMULA E 2024\/2025 COM IMAGENS | eP DE S\u00c3O PAULO | 1\u00aa etapa | Treino Livre 2\" width=\"500\" height=\"281\" src=\"https:\/\/www.youtube.com\/embed\/qiwGzTcvAX4?feature=oembed\" frameborder=\"0\" allow=\"accelerometer; autoplay; clipboard-write; encrypted-media; gyroscope; picture-in-picture; web-share\" referrerpolicy=\"strict-origin-when-cross-origin\" allowfullscreen><\/iframe>\n<\/div><\/figure>\n","protected":false},"excerpt":{"rendered":"<p>A F\u00f3rmula E realiza o eP de S\u00e3o Paulo entre 5 e 7 de dezembro, com transmiss\u00e3o AO VIVO e COM IMAGENS do GRANDE PR\u00caMIO. Confira os hor\u00e1rios<\/p>\n","protected":false},"author":0,"featured_media":1000893255,"comment_status":"closed","ping_status":"closed","sticky":false,"template":"","format":"standard","meta":{"42wp_featured_image_caption":"","42wp_featured_image_credits":"","42wp_featured_video":"","42wp_featured_image_hidden":false,"42wp_authors_list":[],"footnotes":""},"categories":[19],"tags":[28679,6853,31468,840,38802,1491,28285,35442,36219,41543],"42wp_author":[47161],"class_list":["post-40935","post","type-post","status-publish","format-standard","has-post-thumbnail","hentry","category-formula-e","tag-calendario-formula-e","tag-classificacao-formula-e","tag-ep-de-sao-paulo","tag-formula-e","tag-formula-e-2025","tag-grande-premio","tag-grandepremio","tag-horarios-formula-e","tag-onde-assistir-formula-e","tag-temporada-2024-25-da-formula-e","42wp_author-kaio-esteves"],"_links":{"self":[{"href":"https:\/\/grandepremio.com\/br\/wp-json\/wp\/v2\/posts\/40935","targetHints":{"allow":["GET"]}}],"collection":[{"href":"https:\/\/grandepremio.com\/br\/wp-json\/wp\/v2\/posts"}],"about":[{"href":"https:\/\/grandepremio.com\/br\/wp-json\/wp\/v2\/types\/post"}],"replies":[{"embeddable":true,"href":"https:\/\/grandepremio.com\/br\/wp-json\/wp\/v2\/comments?post=40935"}],"version-history":[{"count":0,"href":"https:\/\/grandepremio.com\/br\/wp-json\/wp\/v2\/posts\/40935\/revisions"}],"wp:featuredmedia":[{"embeddable":true,"href":"https:\/\/grandepremio.com\/br\/wp-json\/wp\/v2\/media\/1000893255"}],"wp:attachment":[{"href":"https:\/\/grandepremio.com\/br\/wp-json\/wp\/v2\/media?parent=40935"}],"wp:term":[{"taxonomy":"category","embeddable":true,"href":"https:\/\/grandepremio.com\/br\/wp-json\/wp\/v2\/categories?post=40935"},{"taxonomy":"post_tag","embeddable":true,"href":"https:\/\/grandepremio.com\/br\/wp-json\/wp\/v2\/tags?post=40935"},{"taxonomy":"42wp_author","embeddable":true,"href":"https:\/\/grandepremio.com\/br\/wp-json\/wp\/v2\/42wp_author?post=40935"}],"curies":[{"name":"wp","href":"https:\/\/api.w.org\/{rel}","templated":true}]}}