{"id":41128,"date":"2024-12-06T12:17:30","date_gmt":"2024-12-06T15:17:30","guid":{"rendered":"https:\/\/grandepremio.com\/br\/noticias\/sergio-perez-red-bull-muito-fazer-abu-dhabi-nada-certo\/"},"modified":"2024-12-06T12:50:12","modified_gmt":"2024-12-06T15:50:12","slug":"sergio-perez-red-bull-muito-fazer-abu-dhabi-nada-certo","status":"publish","type":"post","link":"https:\/\/grandepremio.com\/br\/f1\/sergio-perez-red-bull-muito-fazer-abu-dhabi-nada-certo\/","title":{"rendered":"P\u00e9rez diz que Red Bull \u201ctem muito a fazer\u201d em Abu Dhabi: \u201cNada est\u00e1 dando certo\u201d"},"content":{"rendered":"\n<p class=\"wp-block-paragraph\"><strong>Sergio P\u00e9rez<\/strong> vive um momento complicado com a <strong>Red Bull<\/strong> e parece que o cen\u00e1rio vai continuar ruim durante o fim de semana do <strong>GP de Abu Dhabi<\/strong>. <a href=\"https:\/\/www.grandepremio.com\/br\/f1\/noticias\/lando-norris-iguala-placar-contra-ferrari-lidera-1-2-mclaren-tl2-gp-abu-dhabi\/\">Ap\u00f3s o primeiro dia de treinos livres<\/a> em <strong>Yas Marina<\/strong>, o mexicano falou que o <strong>RB20 <\/strong>est\u00e1 enfrentando algumas dificuldades com o ritmo, principalmente de classifica\u00e7\u00e3o. E ainda que a equipe tenha testado configura\u00e7\u00f5es diferentes, o problema parece estar longe de ser resolvido.<\/p>\n\n\n\n<p class=\"wp-block-paragraph\"><strong>P\u00e9rez <\/strong>est\u00e1 em uma situa\u00e7\u00e3o delicada na <strong>Red Bull<\/strong>. Sem conseguir entregar um desempenho minimamente satisfat\u00f3rio, o mexicano tem o sexto lugar no <strong>GP dos Pa\u00edses<\/strong> Baixos como seu melhor resultado nas \u00faltimas nove corridas. Al\u00e9m disso, o chefe <strong>Christian Horner<\/strong> voltou a tecer cr\u00edticas ao piloto e disse que <a href=\"https:\/\/www.grandepremio.com\/br\/f1\/noticias\/red-bull-admite-erro-renovacao-prematura-sergio-perez-obviamente-nao-funcionou\/\">renovar o contrato do #11 de forma t\u00e3o prematura foi um erro.<\/a><\/p>\n\n\n\n<p class=\"wp-block-paragraph\">Se estava dif\u00edcil quando o <strong>RB20 <\/strong>era minimamente competitivo, as coisas tendem a ser ainda piores para <strong>P\u00e9rez <\/strong>no <strong>GP de Abu Dhabi<\/strong>. Afinal, al\u00e9m de <strong>Max Verstappen<\/strong> reconhecer que<a href=\"https:\/\/www.grandepremio.com\/br\/f1\/noticias\/max-verstappen-cre-melhora-red-bull-abu-dhabi-avisa-luta-top-6\/\"> lutar pelo top-6 em <strong>Yas Marina<\/strong> \u00e9 algo razo\u00e1vel<\/a> por causa do problema de equil\u00edbrio do carro, o mexicano tamb\u00e9m falou sobre as dificuldades enfrentadas nos treinos livres 1 e 2.<\/p>\n\n\n\n<p class=\"wp-block-paragraph\">\u201cFoi complicado, tive dificuldade em volta de classifica\u00e7\u00e3o, ent\u00e3o temos algum trabalho para fazer. Mas no que diz respeito ao ritmo de corrida, temos um desempenho promissor\u201d, come\u00e7ou o titular da<strong> Red Bull<\/strong>.<\/p>\n\n\n\n<figure class=\"wp-block-image size-large\"><img decoding=\"async\" src=\"https:\/\/www.grandepremio.com\/br\/wp-content\/uploads\/2024\/12\/abu-dhabi-2024-f1-quinta-feira-red-bull-sergio-perez-afp-02-1200x800.jpg\" alt=\"\" class=\"wp-image-906055\"\/><figcaption class=\"wp-element-caption\">Sergio P\u00e9rez reclamou principalmente do ritmo de classifica\u00e7\u00e3o do RB20 em Abu Dhabi(Foto: AFP) <\/figcaption><\/figure>\n\n\n\n<p class=\"wp-block-paragraph\">\u201cTentamos fazer muita coisa na pista, mas nada est\u00e1 dando certo no momento. Ent\u00e3o temos muito a fazer para que eu consiga me conectar com o carro, principalmente em volta lan\u00e7ada\u201d, finalizou <strong>P\u00e9rez<\/strong>.<\/p>\n\n\n\n<p class=\"wp-block-paragraph\">O\u00a0<strong>GRANDE PR\u00caMIO<\/strong>\u00a0acompanha\u00a0<a href=\"https:\/\/www.grandepremio.com\/br\/ao-vivo\/f1\/\"><strong>AO VIVO e EM\u00a0<\/strong><\/a><a href=\"https:\/\/www.grandepremio.com\/br\/ao-vivo\/\"><\/a><strong><a href=\"https:\/\/www.grandepremio.com\/br\/ao-vivo\/\" target=\"_blank\" rel=\"noreferrer noopener\">TEMPO REAL<\/a><\/strong>\u00a0todas as atividades do\u00a0<strong>GP de Abu Dhabi,\u00a0<\/strong>em\u00a0<a href=\"https:\/\/www.grandepremio.com\/br\/circuito\/yas-marina\/\" target=\"_blank\" rel=\"noreferrer noopener\">Yas Marina<\/a>, e transmite classifica\u00e7\u00e3o e corrida em segunda tela, em parceria com a Voz do Esporte, na\u00a0<a href=\"https:\/\/www.youtube.com\/c\/GrandePremioTV\/streams\"><strong>GPTV, o canal do GP no YouTube<\/strong><\/a>. Depois das atividades de cada dia, debate tudo o que aconteceu no Briefing.\u00a0<strong>No s\u00e1bado (7)<\/strong>, os pilotos retornam para o terceiro e \u00faltimo treino livre \u00e0s 7h30 (de Bras\u00edlia, GMT-3), ao passo que a classifica\u00e7\u00e3o ser\u00e1 \u00e0s 11h. Por fim, a largada da corrida em Abu Dhabi ser\u00e1 no\u00a0<strong>domingo (8)<\/strong>, \u00e0s\u00a0<strong>10h<\/strong>.<\/p>\n\n\n\n<p class=\"wp-block-paragraph\"><strong>\u00a0Inscreva-se nos dois canais do GRANDE PR\u00caMIO no YouTube:\u00a0<a href=\"https:\/\/www.youtube.com\/channel\/UC9OlHEgxoaY6QY6nWPoiqQg?sub_confirmation=1\" target=\"_blank\" rel=\"noreferrer noopener\">GP<\/a>\u00a0|\u00a0<a href=\"https:\/\/www.youtube.com\/channel\/UC9csiS6q_C3C0FYhyr1rnFA?sub_confirmation=1\" target=\"_blank\" rel=\"noreferrer noopener\">GP2<\/a><\/strong><\/p>\n\n\n\n<figure class=\"wp-block-embed is-type-video is-provider-youtube wp-block-embed-youtube wp-embed-aspect-16-9 wp-has-aspect-ratio\"><div class=\"wp-block-embed__wrapper\">\n<iframe loading=\"lazy\" title=\"McLAREN DOMINA COM NORRIS E FERRARI SOFRE REV\u00c9S COM LECLERC NA F1 EM ABU DHABI | BRIEFING\" width=\"500\" height=\"281\" src=\"https:\/\/www.youtube.com\/embed\/SUkQvj100lI?feature=oembed\" frameborder=\"0\" allow=\"accelerometer; autoplay; clipboard-write; encrypted-media; gyroscope; picture-in-picture; web-share\" referrerpolicy=\"strict-origin-when-cross-origin\" allowfullscreen><\/iframe>\n<\/div><\/figure>\n","protected":false},"excerpt":{"rendered":"<p>Sergio P\u00e9rez falou que a Red Bull testou diferentes configura\u00e7\u00f5es no RB20, mas nada ajuda a melhorar o desempenho do carro em volta r\u00e1pida<\/p>\n","protected":false},"author":0,"featured_media":1000906214,"comment_status":"closed","ping_status":"closed","sticky":false,"template":"","format":"standard","meta":{"42wp_featured_image_caption":"","42wp_featured_image_credits":"","42wp_featured_video":"","42wp_featured_image_hidden":false,"42wp_authors_list":[],"footnotes":""},"categories":[2],"tags":[1276,3230,33050,25424,1491,28285,27382,38981,28012,3132,1901],"42wp_author":[47149],"class_list":["post-41128","post","type-post","status-publish","format-standard","has-post-thumbnail","hentry","category-f1","tag-abu-dhabi","tag-f1-2024","tag-f1-em-abu-dhabi","tag-gp-de-abu-dhabi","tag-grande-premio","tag-grandepremio","tag-perez","tag-perez-f1","tag-perez-na-red-bull","tag-sergio-perez","tag-yas-marina","42wp_author-bernardo-castro"],"_links":{"self":[{"href":"https:\/\/grandepremio.com\/br\/wp-json\/wp\/v2\/posts\/41128","targetHints":{"allow":["GET"]}}],"collection":[{"href":"https:\/\/grandepremio.com\/br\/wp-json\/wp\/v2\/posts"}],"about":[{"href":"https:\/\/grandepremio.com\/br\/wp-json\/wp\/v2\/types\/post"}],"replies":[{"embeddable":true,"href":"https:\/\/grandepremio.com\/br\/wp-json\/wp\/v2\/comments?post=41128"}],"version-history":[{"count":0,"href":"https:\/\/grandepremio.com\/br\/wp-json\/wp\/v2\/posts\/41128\/revisions"}],"wp:featuredmedia":[{"embeddable":true,"href":"https:\/\/grandepremio.com\/br\/wp-json\/wp\/v2\/media\/1000906214"}],"wp:attachment":[{"href":"https:\/\/grandepremio.com\/br\/wp-json\/wp\/v2\/media?parent=41128"}],"wp:term":[{"taxonomy":"category","embeddable":true,"href":"https:\/\/grandepremio.com\/br\/wp-json\/wp\/v2\/categories?post=41128"},{"taxonomy":"post_tag","embeddable":true,"href":"https:\/\/grandepremio.com\/br\/wp-json\/wp\/v2\/tags?post=41128"},{"taxonomy":"42wp_author","embeddable":true,"href":"https:\/\/grandepremio.com\/br\/wp-json\/wp\/v2\/42wp_author?post=41128"}],"curies":[{"name":"wp","href":"https:\/\/api.w.org\/{rel}","templated":true}]}}