{"id":41256,"date":"2024-12-06T05:45:00","date_gmt":"2024-12-06T08:45:00","guid":{"rendered":"https:\/\/grandepremio.com\/br\/noticias\/maximilian-gunther-grande-passo-ida-ds-penske-sinto-posso-conquistar-tudo\/"},"modified":"2024-12-06T11:23:17","modified_gmt":"2024-12-06T14:23:17","slug":"maximilian-gunther-grande-passo-ida-ds-penske-sinto-posso-conquistar-tudo","status":"publish","type":"post","link":"https:\/\/grandepremio.com\/br\/formula-e\/maximilian-gunther-grande-passo-ida-ds-penske-sinto-posso-conquistar-tudo\/","title":{"rendered":"G\u00fcnther v\u00ea \u201cgrande passo\u201d com ida \u00e0 DS Penske: \u201cSinto que posso conquistar tudo\u201d"},"content":{"rendered":"\n<p class=\"wp-block-paragraph\">O <strong>eP de S\u00e3o Paulo<\/strong> deste fim de semana vai marcar a volta de <strong>Maximilian G\u00fcnther<\/strong> \u00e0 <strong>DS Penske<\/strong>. O alem\u00e3o estreou na<strong> F\u00f3rmula E<\/strong> na temporada 5 pela equipe, na \u00e9poca conhecida como <strong>GEOX Dragon<\/strong>. Agora, depois de cinco temporadas em tr\u00eas times diferentes, o piloto vai voltar a correr pela esquadra &#8211; que vive fase completamente diferente e mais positiva &#8211; e classificou em entrevista ao <strong>GRANDE PR\u00caMIO<\/strong> a mudan\u00e7a como \u201co grande passo que sempre buscou na carreira\u201d.&nbsp;<\/p>\n\n\n\n<p class=\"wp-block-paragraph\">G\u00fcnther destacou que, indo para a s\u00e9tima temporada na categoria, j\u00e1 evoluiu bastante como piloto e segue sempre em busca da \u201cmelhor vers\u00e3o de si\u201d. Para dar esse passo a mais, o alem\u00e3o conta com o poder do trem de for\u00e7a da <strong>Stellantis <\/strong>para brigar por mais, algo que a equipe n\u00e3o tinha na primeira passagem do alem\u00e3o, quando o time terminou em d\u00e9cimo no <strong>Mundial<\/strong>. <\/p>\n\n\n\n<p class=\"wp-block-paragraph\">Nos \u00faltimos cinco anos, com <strong>Andretti<\/strong>, <strong>Nissan <\/strong>e <strong>Maserati<\/strong>, G\u00fcnther somou cinco vit\u00f3rias. Questionado se falta apenas um carro mais competitivo para melhorar esses n\u00fameros e disputar o t\u00edtulo, o alem\u00e3o disse que agora acredita que pode \u201cconquistar tudo\u201d com a nova equipe.&nbsp;<\/p>\n\n\n\n<p class=\"wp-block-paragraph\">\u201cEstou muito feliz com minha jornada na F\u00f3rmula E, tenho crescido muito como piloto\u201d, avaliou. \u201cE essa \u00e9 minha filosofia, de sempre ser uma vers\u00e3o melhor de mim mesmo e empurrar a equipe. Tive dois bons anos na Maserati, foi um grande cap\u00edtulo na minha vida, mas agora, com esse novo desafio em um novo time, esse \u00e9 o grande passo que sempre busquei na minha carreira\u201d.<\/p>\n\n\n\n<figure class=\"wp-block-image size-full\"><img decoding=\"async\" src=\"https:\/\/www.grandepremio.com\/br\/wp-content\/uploads\/2024\/11\/JL109033-2.jpg\" alt=\"\" class=\"wp-image-894434\"\/><figcaption class=\"wp-element-caption\">Maximilian G\u00fcnther est\u00e1 de volta \u00e0 DS Penske para 2024\/25 (Foto: F\u00f3rmula E)<\/figcaption><\/figure>\n\n\n\n<p class=\"wp-block-paragraph\">\u201cSinto que posso conquistar tudo com esse time no futuro. Compartilhamos a mesma ambi\u00e7\u00e3o e paix\u00e3o pelo esporte, e estou animado com isso\u201d, encerrou.<\/p>\n\n\n\n<p class=\"wp-block-paragraph\">Na temporada passada, pela Maserati, G\u00fcnther conquistou 73 pontos e terminou o <strong>Mundial de Pilotos<\/strong> na oitava posi\u00e7\u00e3o.&nbsp;A melhor coloca\u00e7\u00e3o do alem\u00e3o na carreira veio na temporada anterior, tamb\u00e9m pela equipe da Stellantis, quando fechou o campeonato na s\u00e9tima coloca\u00e7\u00e3o. <\/p>\n\n\n\n<p class=\"wp-block-paragraph\">O&nbsp;<strong>GRANDE PR\u00caMIO<\/strong>&nbsp;transmite todas as atividades pelo&nbsp;<strong>YouTube&nbsp;<\/strong>e&nbsp;<a href=\"https:\/\/www.grandepremio.com\/br\/formula-e\/noticias\/horarios-e-onde-assistir-ep-de-sao-paulo-formula-e-2024-2\/\">faz a cobertura completa e com presen\u00e7a<\/a>&nbsp;<strong>IN LOCO<\/strong>&nbsp;da equipe de&nbsp;<a href=\"https:\/\/formula1aovivo.com\/\" target=\"_blank\" rel=\"noreferrer noopener\">transmiss\u00e3o<\/a>,&nbsp;<strong>Geferson Kern<\/strong>,&nbsp;<strong>Pedro Henrique Marum<\/strong>&nbsp;e&nbsp;<strong>JP Nascimento<\/strong>, bem como&nbsp;<strong>Daniel Balsa<\/strong>,&nbsp;<strong>Giovani Danjo<\/strong>,&nbsp;<strong>Grazielly Costa<\/strong>,&nbsp;<strong>Guilherme Bloisi<\/strong>,&nbsp;<strong>Pedro Luis Cuenca<\/strong>,&nbsp;<strong>Renato Ribeiro<\/strong>,&nbsp;<strong>Rodrigo Berton<\/strong>,&nbsp;<strong>Thiago Rocha<\/strong>&nbsp;e&nbsp;<strong>Victor Martins<\/strong>. Nesta sexta-feira (6), o primeiro treino livre est\u00e1 marcado para as&nbsp;<strong>16h45&nbsp;<\/strong>(de Bras\u00edlia, GMT-3). No s\u00e1bado (7), os pilotos retornam para o segundo treino livre \u00e0s&nbsp;<strong>7h15<\/strong>, enquanto que a classifica\u00e7\u00e3o ser\u00e1 \u00e0s&nbsp;<strong>9h30<\/strong>. A transmiss\u00e3o da corrida no&nbsp;<strong>Anhembi&nbsp;<\/strong>come\u00e7a a partir das 13h. O&nbsp;<strong>Briefing&nbsp;<\/strong>debate as atividades tanto depois do TL1 de sexta-feira quanto da corrida,&nbsp;no&nbsp;s\u00e1bado.<\/p>\n\n\n\n<p class=\"wp-block-paragraph\">\u25b6\ufe0f<strong>&nbsp;Inscreva-se nos dois canais do GRANDE PR\u00caMIO no YouTube:&nbsp;<a href=\"https:\/\/www.youtube.com\/channel\/UC9OlHEgxoaY6QY6nWPoiqQg?sub_confirmation=1\" target=\"_blank\" rel=\"noreferrer noopener\">GP<\/a>&nbsp;|&nbsp;<a href=\"https:\/\/www.youtube.com\/channel\/UC9csiS6q_C3C0FYhyr1rnFA?sub_confirmation=1\" target=\"_blank\" rel=\"noreferrer noopener\">GP2<\/a><\/strong><br>\u25b6\ufe0f&nbsp;<strong>LEIA TAMB\u00c9M:&nbsp;<a href=\"https:\/\/www.grandepremio.com\/br\/formula-e\/noticias\/grande-premio-mantem-acordo-para-2024-25-transmite-formula-e-pelo-3-ano\/\">GRANDE PR\u00caMIO mant\u00e9m acordo para 2024\/25 e transmite&nbsp;<\/a><a href=\"https:\/\/www.grandepremio.com\/br\/formula-e\/\" target=\"_blank\" rel=\"noreferrer noopener\">F\u00f3rmula E<\/a>&nbsp;pelo 3\u00ba ano<\/strong><\/p>\n\n\n\n<figure class=\"wp-block-embed is-type-video is-provider-youtube wp-block-embed-youtube wp-embed-aspect-16-9 wp-has-aspect-ratio\"><div class=\"wp-block-embed__wrapper\">\n<iframe loading=\"lazy\" title=\"FO\u0301RMULA E ABRE TEMPORADA EM SA\u0303O PAULO E CRISE NA KTM ABALA MOTOGP | Paddock Sprint\" width=\"500\" height=\"281\" src=\"https:\/\/www.youtube.com\/embed\/jkT2uoUWEsI?feature=oembed\" frameborder=\"0\" allow=\"accelerometer; autoplay; clipboard-write; encrypted-media; gyroscope; picture-in-picture; web-share\" referrerpolicy=\"strict-origin-when-cross-origin\" allowfullscreen><\/iframe>\n<\/div><\/figure>\n\n\n\n<p class=\"wp-block-paragraph\"><\/p>\n","protected":false},"excerpt":{"rendered":"<p>Ap\u00f3s passagens por Andretti, Nissan e Maserati, Maximilian G\u00fcnther volta \u00e0 DS Penske e projeta \u201cgrande passo da carreira\u201d <\/p>\n","protected":false},"author":0,"featured_media":1000894448,"comment_status":"closed","ping_status":"closed","sticky":false,"template":"","format":"standard","meta":{"42wp_featured_image_caption":"","42wp_featured_image_credits":"","42wp_featured_video":"","42wp_featured_image_hidden":false,"42wp_authors_list":[],"footnotes":""},"categories":[19],"tags":[783,28679,6853,31465,31468,840,38802,39137,34849,1491,28285,912,31378],"42wp_author":[47162,47120],"class_list":["post-41256","post","type-post","status-publish","format-standard","has-post-thumbnail","hentry","category-formula-e","tag-brasil","tag-calendario-formula-e","tag-classificacao-formula-e","tag-ds-penske","tag-ep-de-sao-paulo","tag-formula-e","tag-formula-e-2025","tag-gen3-evo","tag-gen4","tag-grande-premio","tag-grandepremio","tag-maximilian-gunther","tag-stellantis","42wp_author-giovani-danjo","42wp_author-pedro-henrique-marum"],"_links":{"self":[{"href":"https:\/\/grandepremio.com\/br\/wp-json\/wp\/v2\/posts\/41256","targetHints":{"allow":["GET"]}}],"collection":[{"href":"https:\/\/grandepremio.com\/br\/wp-json\/wp\/v2\/posts"}],"about":[{"href":"https:\/\/grandepremio.com\/br\/wp-json\/wp\/v2\/types\/post"}],"replies":[{"embeddable":true,"href":"https:\/\/grandepremio.com\/br\/wp-json\/wp\/v2\/comments?post=41256"}],"version-history":[{"count":0,"href":"https:\/\/grandepremio.com\/br\/wp-json\/wp\/v2\/posts\/41256\/revisions"}],"wp:featuredmedia":[{"embeddable":true,"href":"https:\/\/grandepremio.com\/br\/wp-json\/wp\/v2\/media\/1000894448"}],"wp:attachment":[{"href":"https:\/\/grandepremio.com\/br\/wp-json\/wp\/v2\/media?parent=41256"}],"wp:term":[{"taxonomy":"category","embeddable":true,"href":"https:\/\/grandepremio.com\/br\/wp-json\/wp\/v2\/categories?post=41256"},{"taxonomy":"post_tag","embeddable":true,"href":"https:\/\/grandepremio.com\/br\/wp-json\/wp\/v2\/tags?post=41256"},{"taxonomy":"42wp_author","embeddable":true,"href":"https:\/\/grandepremio.com\/br\/wp-json\/wp\/v2\/42wp_author?post=41256"}],"curies":[{"name":"wp","href":"https:\/\/api.w.org\/{rel}","templated":true}]}}