{"id":41332,"date":"2024-12-05T16:02:43","date_gmt":"2024-12-05T19:02:43","guid":{"rendered":"https:\/\/grandepremio.com\/br\/noticias\/formula-e-sao-paulo-mercado-chave-mira-renovacao-por-muitos-anos\/"},"modified":"2024-12-06T11:25:41","modified_gmt":"2024-12-06T14:25:41","slug":"formula-e-sao-paulo-mercado-chave-mira-renovacao-por-muitos-anos","status":"publish","type":"post","link":"https:\/\/grandepremio.com\/br\/formula-e\/formula-e-sao-paulo-mercado-chave-mira-renovacao-por-muitos-anos\/","title":{"rendered":"F\u00f3rmula E p\u00f5e S\u00e3o Paulo como \u201cmercado-chave\u201d e mira renova\u00e7\u00e3o \u201cpor muitos anos\u201d"},"content":{"rendered":"\n<p class=\"wp-block-paragraph\">A <strong>F\u00f3rmula E<\/strong> est\u00e1 de volta ao circuito do <strong>Anhembi <\/strong>para o<strong> eP de S\u00e3o Paulo<\/strong> neste fim de semana. A prova brasileira aparece no calend\u00e1rio da categoria pela terceira vez, mas, de maneira in\u00e9dita, vai sediar a corrida inaugural da temporada. E esse parece ser s\u00f3 o in\u00edcio da jornada da etapa paulista. Segundo <strong>Alberto Longo<\/strong>, cofundador e diretor de competi\u00e7\u00f5es do campeonato, a F\u00f3rmula E j\u00e1 est\u00e1 em busca de renovar o contrato com <strong>S\u00e3o Paulo<\/strong> para manter a corrida por \u201cdez, 15, 20 anos\u201d.&nbsp;<\/p>\n\n\n\n<p class=\"wp-block-paragraph\">Em entrevista coletiva acompanhada pelo <strong>GRANDE PR\u00caMIO<\/strong>, Longo valorizou o apoio e o comprometimento da prefeitura de S\u00e3o Paulo para manter a etapa, que atualmente percorre as ruas da cidade ao redor do <strong>Samb\u00f3dromo<\/strong>. Para a categoria, isso \u00e9 essencial, j\u00e1 que, segundo o cofundador, o Brasil \u201c\u00e9 um mercado-chave\u201d para a F\u00f3rmula E.&nbsp;<\/p>\n\n\n\n<p class=\"wp-block-paragraph\">De in\u00edcio, o contrato com S\u00e3o Paulo era v\u00e1lido por cinco temporadas. J\u00e1 pela terceira vez em solo paulista, a F\u00f3rmula E j\u00e1 est\u00e1 em busca de renovar o acordo com a cidade \u201cpor quantos anos quiserem\u201d para manter a prova brasileira no calend\u00e1rio.&nbsp;<\/p>\n\n\n\n<p class=\"wp-block-paragraph\">\u201cHonestamente, como um mercado-chave, o Brasil, e especialmente S\u00e3o Paulo, estava na agenda da F\u00f3rmula E desde o primeiro dia. E a prefeitura nos deu os passos necess\u00e1rios para que pud\u00e9ssemos estar l\u00e1. Isso aconteceu h\u00e1 tr\u00eas anos. Mas o n\u00edvel de comprometimento que continuam demonstrando conosco \u00e9 fant\u00e1stico e definitivamente nos permite voltar ano ap\u00f3s ano\u201d, destacou Longo.&nbsp;<\/p>\n\n\n\n<figure class=\"wp-block-image size-large\"><img decoding=\"async\" src=\"https:\/\/www.grandepremio.com\/br\/wp-content\/uploads\/2024\/03\/TCM_1024-1024x683.jpg\" alt=\"\" class=\"wp-image-788594\"\/><figcaption class=\"wp-element-caption\">Alberto Longo (Foto: Guilherme Bloisi\/GRANDE PR\u00caMIO)<\/figcaption><\/figure>\n\n\n\n<p class=\"wp-block-paragraph\">O diretor tamb\u00e9m disse que encontrou no Samb\u00f3dromo \u201cum lugar perfeito\u201d para sediar o eP de S\u00e3o Paulo por muitos anos. Longo considera que manter a corrida no calend\u00e1rio foi \u201cuma decis\u00e3o f\u00e1cil\u201d.&nbsp;<\/p>\n\n\n\n<p class=\"wp-block-paragraph\">\u201cAssinamos um contrato original de cinco anos com o munic\u00edpio de S\u00e3o Paulo e j\u00e1 estamos buscando estender esse contrato por quantos anos nos permitirem estar l\u00e1. \u00c9 um pa\u00eds-chave para n\u00f3s. Depois, obviamente, tivemos o desafio naquela \u00e9poca de ver qual local usar. A maioria das corridas que fazemos no calend\u00e1rio da F\u00f3rmula E s\u00e3o no centro da cidade, e no Samb\u00f3dromo encontramos o local perfeito para ficarmos por muitos anos\u201d, continuou.&nbsp;<\/p>\n\n\n\n<p class=\"wp-block-paragraph\">\u201cJunto com os diferentes parceiros que temos l\u00e1, \u00e9 uma decis\u00e3o f\u00e1cil. Voltaremos a S\u00e3o Paulo por dez, 15, 20 anos. O quanto eles quiserem assinar, estaremos l\u00e1 com certeza\u201d, encerrou.&nbsp;<\/p>\n\n\n\n<p class=\"wp-block-paragraph\">O&nbsp;<strong>GRANDE PR\u00caMIO<\/strong>&nbsp;transmite todas as atividades pelo&nbsp;<strong>YouTube&nbsp;<\/strong>e&nbsp;<a href=\"https:\/\/www.grandepremio.com\/br\/formula-e\/noticias\/horarios-e-onde-assistir-ep-de-sao-paulo-formula-e-2024-2\/\">faz a cobertura completa e com presen\u00e7a<\/a>&nbsp;<strong>IN LOCO<\/strong>&nbsp;da equipe de&nbsp;<a href=\"https:\/\/formula1aovivo.com\/\" target=\"_blank\" rel=\"noreferrer noopener\">transmiss\u00e3o<\/a>,&nbsp;<strong>Geferson Kern<\/strong>,&nbsp;<strong>Pedro Henrique Marum<\/strong>&nbsp;e&nbsp;<strong>JP Nascimento<\/strong>, bem como&nbsp;<strong>Daniel Balsa<\/strong>,&nbsp;<strong>Giovani Danjo<\/strong>,&nbsp;<strong>Grazielly Costa<\/strong>,&nbsp;<strong>Guilherme Bloisi<\/strong>,&nbsp;<strong>Pedro Luis Cuenca<\/strong>,&nbsp;<strong>Renato Ribeiro<\/strong>,&nbsp;<strong>Rodrigo Berton<\/strong>,&nbsp;<strong>Thiago Rocha<\/strong>&nbsp;e&nbsp;<strong>Victor Martins<\/strong>. Nesta sexta-feira (6), o primeiro treino livre est\u00e1 marcado para as&nbsp;<strong>16h45&nbsp;<\/strong>(de Bras\u00edlia, GMT-3). No s\u00e1bado (7), os pilotos retornam para o segundo treino livre \u00e0s&nbsp;<strong>7h15<\/strong>, enquanto que a classifica\u00e7\u00e3o ser\u00e1 \u00e0s&nbsp;<strong>9h30<\/strong>. A transmiss\u00e3o da corrida no&nbsp;<strong>Anhembi&nbsp;<\/strong>come\u00e7a a partir das 13h. O&nbsp;<strong>Briefing&nbsp;<\/strong>debate as atividades tanto depois do TL1 de sexta-feira quanto da corrida,&nbsp;no&nbsp;s\u00e1bado.<\/p>\n\n\n\n<p class=\"wp-block-paragraph\">\u25b6\ufe0f<strong>&nbsp;Inscreva-se nos dois canais do GRANDE PR\u00caMIO no YouTube:&nbsp;<a href=\"https:\/\/www.youtube.com\/channel\/UC9OlHEgxoaY6QY6nWPoiqQg?sub_confirmation=1\" target=\"_blank\" rel=\"noreferrer noopener\">GP<\/a>&nbsp;|&nbsp;<a href=\"https:\/\/www.youtube.com\/channel\/UC9csiS6q_C3C0FYhyr1rnFA?sub_confirmation=1\" target=\"_blank\" rel=\"noreferrer noopener\">GP2<\/a><\/strong><br>\u25b6\ufe0f&nbsp;<strong>LEIA TAMB\u00c9M:&nbsp;<a href=\"https:\/\/www.grandepremio.com\/br\/formula-e\/noticias\/grande-premio-mantem-acordo-para-2024-25-transmite-formula-e-pelo-3-ano\/\">GRANDE PR\u00caMIO mant\u00e9m acordo para 2024\/25 e transmite&nbsp;<\/a><a href=\"https:\/\/www.grandepremio.com\/br\/formula-e\/\" target=\"_blank\" rel=\"noreferrer noopener\">F\u00f3rmula E<\/a>&nbsp;pelo 3\u00ba ano<\/strong><\/p>\n\n\n\n<figure class=\"wp-block-embed is-type-video is-provider-youtube wp-block-embed-youtube wp-embed-aspect-16-9 wp-has-aspect-ratio\"><div class=\"wp-block-embed__wrapper\">\n<iframe loading=\"lazy\" title=\"FO\u0301RMULA E ABRE TEMPORADA EM SA\u0303O PAULO E CRISE NA KTM ABALA MOTOGP | Paddock Sprint\" width=\"500\" height=\"281\" src=\"https:\/\/www.youtube.com\/embed\/jkT2uoUWEsI?feature=oembed\" frameborder=\"0\" allow=\"accelerometer; autoplay; clipboard-write; encrypted-media; gyroscope; picture-in-picture; web-share\" referrerpolicy=\"strict-origin-when-cross-origin\" allowfullscreen><\/iframe>\n<\/div><\/figure>\n","protected":false},"excerpt":{"rendered":"<p>Em entrevista coletiva acompanhada pelo GRANDE PR\u00caMIO, Alberto Longo, fundador da F\u00f3rmula E, valorizou import\u00e2ncia do eP de S\u00e3o Paulo e afirmou que deseja renovar com a cidade \u201cpor dez, 15, 20 anos\u201d<\/p>\n","protected":false},"author":0,"featured_media":1000664410,"comment_status":"closed","ping_status":"closed","sticky":false,"template":"","format":"standard","meta":{"42wp_featured_image_caption":"","42wp_featured_image_credits":"","42wp_featured_video":"","42wp_featured_image_hidden":false,"42wp_authors_list":[],"footnotes":""},"categories":[19],"tags":[10187,2402,783,28679,6853,31468,840,38802,39137,34849,1491,28285],"42wp_author":[47162],"class_list":["post-41332","post","type-post","status-publish","format-standard","has-post-thumbnail","hentry","category-formula-e","tag-abt","tag-alberto-longo","tag-brasil","tag-calendario-formula-e","tag-classificacao-formula-e","tag-ep-de-sao-paulo","tag-formula-e","tag-formula-e-2025","tag-gen3-evo","tag-gen4","tag-grande-premio","tag-grandepremio","42wp_author-giovani-danjo"],"_links":{"self":[{"href":"https:\/\/grandepremio.com\/br\/wp-json\/wp\/v2\/posts\/41332","targetHints":{"allow":["GET"]}}],"collection":[{"href":"https:\/\/grandepremio.com\/br\/wp-json\/wp\/v2\/posts"}],"about":[{"href":"https:\/\/grandepremio.com\/br\/wp-json\/wp\/v2\/types\/post"}],"replies":[{"embeddable":true,"href":"https:\/\/grandepremio.com\/br\/wp-json\/wp\/v2\/comments?post=41332"}],"version-history":[{"count":0,"href":"https:\/\/grandepremio.com\/br\/wp-json\/wp\/v2\/posts\/41332\/revisions"}],"wp:featuredmedia":[{"embeddable":true,"href":"https:\/\/grandepremio.com\/br\/wp-json\/wp\/v2\/media\/1000664410"}],"wp:attachment":[{"href":"https:\/\/grandepremio.com\/br\/wp-json\/wp\/v2\/media?parent=41332"}],"wp:term":[{"taxonomy":"category","embeddable":true,"href":"https:\/\/grandepremio.com\/br\/wp-json\/wp\/v2\/categories?post=41332"},{"taxonomy":"post_tag","embeddable":true,"href":"https:\/\/grandepremio.com\/br\/wp-json\/wp\/v2\/tags?post=41332"},{"taxonomy":"42wp_author","embeddable":true,"href":"https:\/\/grandepremio.com\/br\/wp-json\/wp\/v2\/42wp_author?post=41332"}],"curies":[{"name":"wp","href":"https:\/\/api.w.org\/{rel}","templated":true}]}}