{"id":41444,"date":"2024-12-05T06:00:00","date_gmt":"2024-12-05T09:00:00","guid":{"rendered":"https:\/\/grandepremio.com\/br\/noticias\/onde-assistir-as-corridas-do-fim-de-semana-na-tv-e-streaming-6-a-8-de-dezembro\/"},"modified":"2024-12-05T14:26:05","modified_gmt":"2024-12-05T17:26:05","slug":"onde-assistir-as-corridas-do-fim-de-semana-na-tv-e-streaming-6-a-8-de-dezembro","status":"publish","type":"post","link":"https:\/\/grandepremio.com\/br\/programacao-tv\/onde-assistir-as-corridas-do-fim-de-semana-na-tv-e-streaming-6-a-8-de-dezembro\/","title":{"rendered":"Onde assistir \u00e0s corridas do fim de semana na TV e streaming: 6 a 8 de dezembro"},"content":{"rendered":"\n<h3 class=\"wp-block-heading\" id=\"h-sexta-feira-6-de-dezembro\"><strong>SEXTA-FEIRA, 6 DE DEZEMBRO<\/strong><\/h3>\n\n\n\n<figure class=\"wp-block-table\"><table><tbody><tr><td><strong>CATEGORIA<\/strong><\/td><td><strong>EVENTO<\/strong><\/td><td><strong>ATIVIDADE<\/strong><\/td><td><strong>HORA<\/strong><\/td><td><strong>EMISSORA<\/strong><\/td><\/tr><tr><td>F1 Academy<\/td><td>Abu Dhabi<\/td><td>Treino livre<\/td><td>02:05<\/td><td>F1 TV | BandSports<\/td><\/tr><tr><td>F\u00f3rmula 2<\/td><td>Abu Dhabi<\/td><td>Treino livre <\/td><td>04:05<\/td><td>F1 TV | BandSports<\/td><\/tr><tr><td>F\u00f3rmula 1<\/td><td>GP de Abu Dhabi<\/td><td>Treino livre 1<\/td><td>06:30<\/td><td>F1 TV | BandSports<\/td><\/tr><tr><td>F\u00f3rmula 2<\/td><td>Abu Dhabi<\/td><td>Classifica\u00e7\u00e3o<\/td><td>08:00<\/td><td>F1 TV | BandSports<\/td><\/tr><tr><td>F\u00f3rmula 1<\/td><td>GP de Abu Dhabi<\/td><td>Treino livre 2<\/td><td>10:00<\/td><td>F1 TV | BandSports<\/td><\/tr><tr><td>F1 Academy<\/td><td>Abu Dhabi<\/td><td>Classifica\u00e7\u00e3o<\/td><td>11:35<\/td><td>F1 TV | BandSports<\/td><\/tr><tr><td><strong>F\u00f3rmula E<\/strong><\/td><td><strong>ePrix de S\u00e3o Paulo<\/strong><\/td><td><strong>Treino livre 1<\/strong><\/td><td><strong>16:15<\/strong><\/td><td><strong><a href=\"https:\/\/youtube.com\/live\/DR6hi8HMGfM\">GRANDE PR\u00caMIO<\/a><\/strong><\/td><\/tr><\/tbody><\/table><\/figure>\n\n\n\n<h3 class=\"wp-block-heading\" id=\"h-sabado-7-de-dezembro\"><strong>S\u00c1BADO, 7 DE DEZEMBRO<\/strong><\/h3>\n\n\n\n<figure class=\"wp-block-table\"><table><tbody><tr><td><strong>CATEGORIA<\/strong><\/td><td><strong>EVENTO<\/strong><\/td><td><strong>ATIVIDADE<\/strong><\/td><td><strong>HORA<\/strong><\/td><td><strong>EMISSORA<\/strong><\/td><\/tr><tr><td>F1 Academy<\/td><td>Abu Dhabi<\/td><td>Corrida 1<\/td><td>05:15<\/td><td>F1 TV <\/td><\/tr><tr><td><strong>F\u00f3rmula E<\/strong><\/td><td><strong>ePrix de S\u00e3o Paulo<\/strong><\/td><td><strong>Treino livre 2<\/strong><\/td><td><strong>07:15<\/strong><\/td><td><strong><a href=\"https:\/\/youtube.com\/live\/qiwGzTcvAX4\">GRANDE PR\u00caMIO<\/a><\/strong><\/td><\/tr><tr><td>F\u00f3rmula 1<\/td><td>GP de Abu Dhabi<\/td><td>Treino livre 3<\/td><td>07:30<\/td><td>F1 TV | Band | BandSports<\/td><\/tr><tr><td>F\u00f3rmula 2<\/td><td>Abu Dhabi<\/td><td>Corrida sprint<\/td><td>09:15<\/td><td>F1 TV | Band | BandSports<\/td><\/tr><tr><td><strong>F\u00f3rmula E<\/strong><\/td><td><strong>ePrix de S\u00e3o Paulo<\/strong><\/td><td><strong>Classifica\u00e7\u00e3o<\/strong><\/td><td><strong>09:30<\/strong><\/td><td><strong><a href=\"https:\/\/youtube.com\/live\/FI_0RIutZik\">GRANDE PR\u00caMIO<\/a><\/strong><\/td><\/tr><tr><td><strong>F\u00f3rmula 1<\/strong><\/td><td><strong>GP de Abu Dhabi<\/strong><\/td><td><strong>Classifica\u00e7\u00e3o<\/strong><\/td><td><strong>10:45<\/strong><\/td><td><strong><a href=\"https:\/\/youtube.com\/live\/LxQ96dHEE7U\">GRANDE PR\u00caMIO<\/a><\/strong><\/td><\/tr><tr><td>F\u00f3rmula 1<\/td><td>GP de Abu Dhabi<\/td><td>Classifica\u00e7\u00e3o<\/td><td>11:00<\/td><td>F1 TV | Band | BandSports<\/td><\/tr><tr><td><strong>F\u00f3rmula E<\/strong><\/td><td><strong>ePrix de S\u00e3o Paulo<\/strong><\/td><td><strong>Corrida<\/strong><\/td><td><strong>13:00<\/strong><\/td><td><strong><a href=\"https:\/\/youtube.com\/live\/vZpI8DHq7mI\">GRANDE PR\u00caMIO<\/a><\/strong><\/td><\/tr><tr><td>F1 Academy<\/td><td>Abu Dhabi<\/td><td>Corrida 2<\/td><td>13:15<\/td><td>F1 TV | BandSports<\/td><\/tr><\/tbody><\/table><\/figure>\n\n\n\n<p class=\"wp-block-paragraph\"><strong><img decoding=\"async\" src=\"https:\/\/a.slack-edge.com\/production-standard-emoji-assets\/14.0\/google-medium\/25b6-fe0f.png\" alt=\":seta_para_frente:\">&nbsp;Inscreva-se nos dois canais do GRANDE PR\u00caMIO no YouTube:&nbsp;<a href=\"https:\/\/www.youtube.com\/channel\/UC9OlHEgxoaY6QY6nWPoiqQg?sub_confirmation=1\" target=\"_blank\" rel=\"noreferrer noopener\">GP<\/a>&nbsp;|&nbsp;<a href=\"https:\/\/www.youtube.com\/channel\/UC9csiS6q_C3C0FYhyr1rnFA?sub_confirmation=1\" target=\"_blank\" rel=\"noreferrer noopener\">GP2<\/a><\/strong><br><strong><img decoding=\"async\" src=\"https:\/\/a.slack-edge.com\/production-standard-emoji-assets\/14.0\/google-medium\/25b6-fe0f.png\" alt=\":seta_para_frente:\">&nbsp;LEIA TAMB\u00c9M:&nbsp;<a href=\"https:\/\/www.grandepremio.com\/br\/formula-e\/noticias\/grande-premio-mantem-acordo-para-2024-25-transmite-formula-e-pelo-3-ano\/\">GRANDE PR\u00caMIO mant\u00e9m acordo para 2024\/25 e transmite F\u00f3rmula E pelo 3\u00ba ano<\/a><\/strong><\/p>\n\n\n\n<p class=\"wp-block-paragraph\"><strong>DOMINGO, 8 DE DEZEMBRO<\/strong><\/p>\n\n\n\n<figure class=\"wp-block-table\"><table><tbody><tr><td><strong>CATEGORIA<\/strong><\/td><td><strong>EVENTO<\/strong><\/td><td><strong>ATIVIDADE<\/strong><\/td><td><strong>HORA<\/strong><\/td><td><strong>EMISSORA<\/strong><\/td><\/tr><tr><td>F1 Academy<\/td><td>Abu Dhabi<\/td><td>Corrida 3<\/td><td>04:15<\/td><td>F1 TV | BandSports<\/td><\/tr><tr><td>F\u00f3rmula 2<\/td><td>Abu Dhabi<\/td><td>Corrida Principal<\/td><td>06:25<\/td><td>F1 TV | Band | BandSports<\/td><\/tr><tr><td><strong>F\u00f3rmula 1<\/strong><\/td><td><strong>GP de Abu Dhabi<\/strong><\/td><td><strong>Corrida<\/strong><\/td><td><strong>09:40<\/strong><\/td><td><strong><a href=\"https:\/\/youtube.com\/live\/zEAxXMa97Vg\">GRANDE PR\u00caMIO<\/a><\/strong><\/td><\/tr><tr><td>F\u00f3rmula 1<\/td><td>GP de Abu Dhabi<\/td><td>Corrida<\/td><td>10:00<\/td><td>F1 TV | Band<\/td><\/tr><tr><td>Copa Truck<\/td><td>Goi\u00e2nia<\/td><td>Corrida<\/td><td>14:10<\/td><td>Band | sportv<\/td><\/tr><\/tbody><\/table><\/figure>\n\n\n\n<h3 class=\"wp-block-heading\" id=\"h-programacao-grande-premio\"><strong>PROGRAMA\u00c7\u00c3O GRANDE PR\u00caMIO<\/strong><\/h3>\n\n\n\n<figure class=\"wp-block-table\"><table><tbody><tr><td><strong>PROGRAMA<\/strong><\/td><td><strong>EVENTO<\/strong><\/td><td><strong>ATIVIDADE<\/strong><\/td><td><strong>HORA<\/strong><\/td><td><strong>EMISSORA<\/strong><\/td><\/tr><tr><td>Briefing (SEX)<\/td><td>GP de Abu Dhabi<\/td><td>P\u00f3s-treinos livres<\/td><td>11:00<\/td><td><strong><a href=\"https:\/\/youtube.com\/live\/SUkQvj100lI\">GRANDE PR\u00caMIO<\/a><\/strong><\/td><\/tr><tr><td>Briefing (SAB)<\/td><td>GP de Abu Dhabi<\/td><td>P\u00f3s-classifica\u00e7\u00e3o<\/td><td>12:00<\/td><td><a href=\"https:\/\/youtube.com\/live\/IGSefNDFFKk\"><strong>GRANDE PR\u00caMIO<\/strong><\/a><\/td><\/tr><tr><td>Briefing (DOM)<\/td><td>GP de Abu Dhabi<\/td><td>Pr\u00e9-corrida<\/td><td>08:30<\/td><td><strong><a href=\"https:\/\/youtube.com\/live\/410IDAyxxw4\">GRANDE PR\u00caMIO<\/a><\/strong><\/td><\/tr><tr><td>Briefing (DOM)<\/td><td>GP de Abu Dhabi<\/td><td>P\u00f3s-corrida<\/td><td>11:45<\/td><td><strong><a href=\"https:\/\/youtube.com\/live\/MRmw7l9wyic\">GRANDE PR\u00caMIO<\/a><\/strong><\/td><\/tr><\/tbody><\/table><\/figure>\n","protected":false},"excerpt":{"rendered":"<p>Onde assistir a todas as corridas do fim de semana do esporte a motor? O GRANDE PR\u00caMIO lista tudo aqui: a F\u00f3rmula 1 enfim chega \u00e0 etapa final da temporada 2024, com o GP de Abu Dhabi. A GPTV, como de costume, faz a &#8216;segunda tela&#8217; da classifica\u00e7\u00e3o e da corrida, bem como o Briefing, com a an\u00e1lise de todas as atividades em Yas Marina, palco tamb\u00e9m da decis\u00e3o da F\u00f3rmula 2, que tem Gabriel Bortoleto na lideran\u00e7a. A F1 Academy completa a rodada. Outro destaque importante da agenda \u00e9 a F\u00f3rmula E. A categoria el\u00e9trica d\u00e1 o pontap\u00e9 inicial do campeonato 2024\/2025 em S\u00e3o Paulo, com transmiss\u00e3o ao vivo no canal do YouTube do GRANDE PR\u00caMIO, al\u00e9m da cobertura in loco. Confira a programa\u00e7\u00e3o de TV e streaming <\/p>\n","protected":false},"author":0,"featured_media":1000665126,"comment_status":"closed","ping_status":"closed","sticky":false,"template":"","format":"standard","meta":{"42wp_featured_image_caption":"","42wp_featured_image_credits":"","42wp_featured_video":"","42wp_featured_image_hidden":false,"42wp_authors_list":[],"footnotes":""},"categories":[38],"tags":[1276,636,3801,388,20491,309,2031,28679,3158,30246,6853,31396,6093,31468,147,3230,33050,32189,207,30909,35969,840,38802,350,1390,25424,30299,1491,28285,119,2810,114,35029,35442,13814,28104,34830,2780,15373,90,82,1117,6285,12829,35030,36219,25439,27382,30336,39061,204,30847,7672,1197,34552,13632,41543,33359,40877,30979,9685,30312,215,30974],"42wp_author":[47109],"class_list":["post-41444","post","type-post","status-publish","format-standard","has-post-thumbnail","hentry","category-programacao-tv","tag-abu-dhabi","tag-abu-dhabi-f1","tag-albon","tag-alonso","tag-alpine","tag-aston-martin","tag-bottas","tag-calendario-formula-e","tag-campos","tag-classificacao-f2","tag-classificacao-formula-e","tag-colapinto","tag-doohan","tag-ep-de-sao-paulo","tag-f1","tag-f1-2024","tag-f1-em-abu-dhabi","tag-f2-2024","tag-ferrari","tag-formula-1-2024","tag-formula-2-2024","tag-formula-e","tag-formula-e-2025","tag-gabriel-bortoleto","tag-gasly","tag-gp-de-abu-dhabi","tag-gp-de-abu-dhabi-de-f1","tag-grande-premio","tag-grandepremio","tag-haas","tag-hamilton","tag-hitech","tag-horarios-f2","tag-horarios-formula-e","tag-hulkenberg","tag-isack-hadjar","tag-lawson","tag-leclerc","tag-magnussen","tag-mclaren","tag-mercedes","tag-mundial-de-construtores","tag-norris","tag-ocon","tag-onde-assistir-f2","tag-onde-assistir-formula-e","tag-paul-aron","tag-perez","tag-piastri","tag-rb-2","tag-red-bull","tag-russell","tag-sainz","tag-sauber","tag-sprint-f2","tag-stroll","tag-temporada-2024-25-da-formula-e","tag-titulo-f2","tag-transmissao-f2","tag-tsunoda","tag-verstappen","tag-virtuosi","tag-williams","tag-zhou","42wp_author-redacao-gp"],"_links":{"self":[{"href":"https:\/\/grandepremio.com\/br\/wp-json\/wp\/v2\/posts\/41444","targetHints":{"allow":["GET"]}}],"collection":[{"href":"https:\/\/grandepremio.com\/br\/wp-json\/wp\/v2\/posts"}],"about":[{"href":"https:\/\/grandepremio.com\/br\/wp-json\/wp\/v2\/types\/post"}],"replies":[{"embeddable":true,"href":"https:\/\/grandepremio.com\/br\/wp-json\/wp\/v2\/comments?post=41444"}],"version-history":[{"count":0,"href":"https:\/\/grandepremio.com\/br\/wp-json\/wp\/v2\/posts\/41444\/revisions"}],"wp:featuredmedia":[{"embeddable":true,"href":"https:\/\/grandepremio.com\/br\/wp-json\/wp\/v2\/media\/1000665126"}],"wp:attachment":[{"href":"https:\/\/grandepremio.com\/br\/wp-json\/wp\/v2\/media?parent=41444"}],"wp:term":[{"taxonomy":"category","embeddable":true,"href":"https:\/\/grandepremio.com\/br\/wp-json\/wp\/v2\/categories?post=41444"},{"taxonomy":"post_tag","embeddable":true,"href":"https:\/\/grandepremio.com\/br\/wp-json\/wp\/v2\/tags?post=41444"},{"taxonomy":"42wp_author","embeddable":true,"href":"https:\/\/grandepremio.com\/br\/wp-json\/wp\/v2\/42wp_author?post=41444"}],"curies":[{"name":"wp","href":"https:\/\/api.w.org\/{rel}","templated":true}]}}