{"id":41513,"date":"2024-12-04T15:21:45","date_gmt":"2024-12-04T18:21:45","guid":{"rendered":"https:\/\/grandepremio.com\/br\/noticias\/ferrari-se-diz-muito-bem-preparada-abu-dhabi-mas-ve-titulo-dificil-ser-alcancado\/"},"modified":"2024-12-04T15:28:42","modified_gmt":"2024-12-04T18:28:42","slug":"ferrari-se-diz-muito-bem-preparada-abu-dhabi-mas-ve-titulo-dificil-ser-alcancado","status":"publish","type":"post","link":"https:\/\/grandepremio.com\/br\/f1\/ferrari-se-diz-muito-bem-preparada-abu-dhabi-mas-ve-titulo-dificil-ser-alcancado\/","title":{"rendered":"Ferrari se diz &#8220;muito bem preparada&#8221; para Abu Dhabi, mas v\u00ea t\u00edtulo &#8220;dif\u00edcil de ser alcan\u00e7ado&#8221;"},"content":{"rendered":"\n<p class=\"wp-block-paragraph\">Depois de ver a <strong>McLaren<\/strong> <a href=\"https:\/\/www.grandepremio.com\/br\/f1\/noticias\/max-verstappen-passa-george-russell-largada-controla-lando-norris-vence-revolto-gp-do-catar-formula-1\/\">ter um domingo dif\u00edcil<\/a> no <strong>Catar<\/strong>, a <strong>Ferrari<\/strong> chega ao <strong>GP de Abu Dhabi<\/strong> \u2014 \u00faltima etapa da temporada 2024 da <strong>F\u00f3rmula 1<\/strong> \u2014 com mais chances do que esperava na <a href=\"https:\/\/www.grandepremio.com\/br\/f1\/noticias\/ferrari-corta-vantagem-mclaren-21-pontos-segue-viva-confira-classificacao\/\">briga pelo t\u00edtulo do Mundial de Construtores<\/a>. Chefe da equipe, <strong>Fr\u00e9d\u00e9ric Vasseur<\/strong> prometeu lutar at\u00e9 a \u00faltima curva da \u00faltima volta, mas foi sincero ao dizer que o objetivo \u00e9 &#8220;muito dif\u00edcil de ser alcan\u00e7ado&#8221;.<\/p>\n\n\n\n<p class=\"wp-block-paragraph\">A dobradinha conquistada por <strong>Oscar Piastri<\/strong> e <strong>Lando Norris<\/strong> na sprint em <strong>Lusail<\/strong> parecia ter sido o primeiro passo do time de Woking para deixar o circuito catari com o trof\u00e9u em m\u00e3os. No entanto, os resultados muito aqu\u00e9m do esperado da dupla no dia seguinte foram um banho de \u00e1gua fria nas pretens\u00f5es de <strong>Andrea Stella<\/strong> e companhia, que viram a vantagem para os rivais cair para 21 pontos.<\/p>\n\n\n\n<p class=\"wp-block-paragraph\">Segundo colocado no <strong>GP do Catar<\/strong>, <strong>Charles Leclerc<\/strong> esbanjou otimismo ao dizer que <a href=\"https:\/\/www.grandepremio.com\/br\/f1\/noticias\/charles-leclerc-mira-1-2-abu-dhabi-titulo-ferrari-1a-vez-para-tudo\/\">est\u00e1 focado em conseguir um 1-2<\/a> com <strong>Carlos Sainz<\/strong> no circuito de <strong>Yas Marina<\/strong> para conseguir reverter o atual cen\u00e1rio do campeonato. Vasseur, por sua vez, preferiu manter os p\u00e9s no ch\u00e3o e optou pela cautela, mas deixou claro que est\u00e1 &#8220;no DNA da Ferrari&#8221; superar desafios aparentemente imposs\u00edveis.<\/p>\n\n\n\n<p class=\"wp-block-paragraph\">&#8220;Pela primeira vez desde que a <strong>F1<\/strong> entrou na era h\u00edbrida conseguimos disputar um t\u00edtulo na \u00faltima corrida\u00a0\u2014 \u00e9 uma conquista importante e, neste fim de semana, tentaremos fazer ainda mais. Claro que temos de ser realistas: estamos matematicamente na disputa, mas o\u00a0t\u00edtulo \u00e9 muito dif\u00edcil de ser alcan\u00e7ado&#8221;, come\u00e7ou o dirigente.<\/p>\n\n\n\n<figure class=\"wp-block-image size-large\"><img decoding=\"async\" src=\"https:\/\/www.grandepremio.com\/br\/wp-content\/uploads\/2024\/11\/catar-2024-f1-classificacao-sprint-ferrari-carlos-sainz-01-1200x900.jpg\" alt=\"\" class=\"wp-image-902798\"\/><figcaption class=\"wp-element-caption\">Fr\u00e9d\u00e9ric Vasseur garantiu que a Ferrari vai se esfor\u00e7ar at\u00e9 o fim (Foto: Ferrari)<\/figcaption><\/figure>\n\n\n\n<p class=\"wp-block-paragraph\"><strong><img decoding=\"async\" src=\"https:\/\/a.slack-edge.com\/production-standard-emoji-assets\/14.0\/google-medium\/25b6-fe0f.png\" alt=\":seta_para_frente:\">\u00a0Inscreva-se nos dois canais do GRANDE PR\u00caMIO no YouTube:\u00a0<a href=\"https:\/\/www.youtube.com\/channel\/UC9OlHEgxoaY6QY6nWPoiqQg?sub_confirmation=1\" target=\"_blank\" rel=\"noreferrer noopener\">GP<\/a>\u00a0|\u00a0<a href=\"https:\/\/www.youtube.com\/channel\/UC9csiS6q_C3C0FYhyr1rnFA?sub_confirmation=1\" target=\"_blank\" rel=\"noreferrer noopener\">GP2<\/a><\/strong><br><strong><img decoding=\"async\" src=\"https:\/\/a.slack-edge.com\/production-standard-emoji-assets\/14.0\/google-medium\/25b6-fe0f.png\" alt=\":seta_para_frente:\">\u00a0LEIA TAMB\u00c9M:\u00a0<a href=\"https:\/\/www.grandepremio.com\/br\/f1\/noticias\/gp-paises-baixos-deixa-calendario-f1-2026-decidimos-sair-alta\/\">GP dos Pa\u00edses Baixos deixa calend\u00e1rio da F1 ap\u00f3s 2026<\/a><\/strong><\/p>\n\n\n\n<p class=\"wp-block-paragraph\">&#8220;Mesmo que termin\u00e1ssemos em primeiro e segundo, poderia n\u00e3o ser suficiente, dado que a McLaren tem uma vantagem de 21 pontos e poderia ficar satisfeita com um terceiro e um quinto lugar.\u00a0No entanto, os desafios est\u00e3o no DNA da Ferrari\u00a0e, por isso, queremos tentar&#8221;, continuou.<\/p>\n\n\n\n<p class=\"wp-block-paragraph\">Assim como aconteceu no decorrer de toda a temporada, a Ferrari est\u00e1 apostando no bom ritmo de corrida da <strong>SF-24<\/strong> para conseguir superar a rival. Entretanto, a equipe italiana precisa, antes de qualquer coisa, conseguir bons lugares no grid de largada. E Vasseur sabe muito bem disso.<\/p>\n\n\n\n<p class=\"wp-block-paragraph\">&#8220;Estamos muito bem preparados para esta corrida\u00a0e sabemos que a classifica\u00e7\u00e3o ter\u00e1 um papel fundamental, pois o nosso carro ter\u00e1 um melhor desempenho no domingo. Charles, Carlos e toda a equipe v\u00e3o se esfor\u00e7ar at\u00e9 a \u00faltima gota de suor para tentar levar o t\u00edtulo para casa&#8221;, encerrou.<\/p>\n\n\n\n<p class=\"wp-block-paragraph\">Com 640 pontos, a McLaren ocupa o topo da tabela de classifica\u00e7\u00e3o, enquanto o time de Maranello vem logo atr\u00e1s, em segundo, com 619 tentos. A <strong>Red Bull<\/strong> fecha o top-3, com 581, e n\u00e3o tem mais chances de brigar pelo t\u00edtulo.<\/p>\n\n\n\n<p class=\"wp-block-paragraph\">A<strong>\u00a0<a href=\"https:\/\/www.grandepremio.com\/br\/f1\/\" target=\"_blank\" rel=\"noreferrer noopener\"><\/a><a href=\"https:\/\/www.grandepremio.com\/br\/f1\/\" target=\"_blank\" rel=\"noreferrer noopener\">F\u00f3rmula 1<\/a>\u00a0<\/strong>retorna j\u00e1 neste fim de semana, entre os dias 6 e 8 de dezembro, com o\u00a0<strong>GP de Abu Dhabi<\/strong>. Ser\u00e1 a 24\u00aa e \u00faltima etapa da temporada 2024.<\/p>\n\n\n\n<figure class=\"wp-block-embed is-type-video is-provider-youtube wp-block-embed-youtube wp-embed-aspect-16-9 wp-has-aspect-ratio\"><div class=\"wp-block-embed__wrapper\">\n<iframe loading=\"lazy\" title=\"VERSTAPPEN x RUSSELL e FIA x F1: Rivalidades PEGAM FOGO | Paddock GP #400\" width=\"500\" height=\"281\" src=\"https:\/\/www.youtube.com\/embed\/KYKcQDr3Gvw?feature=oembed\" frameborder=\"0\" allow=\"accelerometer; autoplay; clipboard-write; encrypted-media; gyroscope; picture-in-picture; web-share\" referrerpolicy=\"strict-origin-when-cross-origin\" allowfullscreen><\/iframe>\n<\/div><\/figure>\n","protected":false},"excerpt":{"rendered":"<p>Apesar de reconhecer o tamanho do desafio que ter\u00e1 pela frente, Fr\u00e9d\u00e9ric Vasseur, chefe da Ferrari, disse que Charles Leclerc e Carlos Sainz &#8220;v\u00e3o se esfor\u00e7ar at\u00e9 a \u00faltima gota de suor&#8221; para superar a McLaren na briga pelo t\u00edtulo do Mundial de Construtores<\/p>\n","protected":false},"author":0,"featured_media":1000903213,"comment_status":"closed","ping_status":"closed","sticky":false,"template":"","format":"standard","meta":{"42wp_featured_image_caption":"","42wp_featured_image_credits":"","42wp_featured_video":"","42wp_featured_image_hidden":false,"42wp_authors_list":[],"footnotes":""},"categories":[2],"tags":[546,209,5660,969,147,3230,642,160,207,180,30909,1322,25424,41722,1491,30103,28285],"42wp_author":[47160],"class_list":["post-41513","post","type-post","status-publish","format-standard","has-post-thumbnail","hentry","category-f1","tag-carlos-sainz","tag-charles-leclerc","tag-classificacao","tag-corrida","tag-f1","tag-f1-2024","tag-f1-ao-vivo","tag-f1-tv","tag-ferrari","tag-formula-1","tag-formula-1-2024","tag-frederic-vasseur","tag-gp-de-abu-dhabi","tag-gp-de-abu-dhabi-2024","tag-grande-premio","tag-grande-premio-f1","tag-grandepremio","42wp_author-vicente-soella"],"_links":{"self":[{"href":"https:\/\/grandepremio.com\/br\/wp-json\/wp\/v2\/posts\/41513","targetHints":{"allow":["GET"]}}],"collection":[{"href":"https:\/\/grandepremio.com\/br\/wp-json\/wp\/v2\/posts"}],"about":[{"href":"https:\/\/grandepremio.com\/br\/wp-json\/wp\/v2\/types\/post"}],"replies":[{"embeddable":true,"href":"https:\/\/grandepremio.com\/br\/wp-json\/wp\/v2\/comments?post=41513"}],"version-history":[{"count":0,"href":"https:\/\/grandepremio.com\/br\/wp-json\/wp\/v2\/posts\/41513\/revisions"}],"wp:featuredmedia":[{"embeddable":true,"href":"https:\/\/grandepremio.com\/br\/wp-json\/wp\/v2\/media\/1000903213"}],"wp:attachment":[{"href":"https:\/\/grandepremio.com\/br\/wp-json\/wp\/v2\/media?parent=41513"}],"wp:term":[{"taxonomy":"category","embeddable":true,"href":"https:\/\/grandepremio.com\/br\/wp-json\/wp\/v2\/categories?post=41513"},{"taxonomy":"post_tag","embeddable":true,"href":"https:\/\/grandepremio.com\/br\/wp-json\/wp\/v2\/tags?post=41513"},{"taxonomy":"42wp_author","embeddable":true,"href":"https:\/\/grandepremio.com\/br\/wp-json\/wp\/v2\/42wp_author?post=41513"}],"curies":[{"name":"wp","href":"https:\/\/api.w.org\/{rel}","templated":true}]}}