{"id":41635,"date":"2024-12-03T13:00:00","date_gmt":"2024-12-03T16:00:00","guid":{"rendered":"https:\/\/grandepremio.com\/br\/noticias\/grande-premio-mantem-acordo-para-2024-25-transmite-formula-e-pelo-3-ano\/"},"modified":"2024-12-03T17:44:06","modified_gmt":"2024-12-03T20:44:06","slug":"grande-premio-mantem-acordo-para-2024-25-transmite-formula-e-pelo-3-ano","status":"publish","type":"post","link":"https:\/\/grandepremio.com\/br\/formula-e\/grande-premio-mantem-acordo-para-2024-25-transmite-formula-e-pelo-3-ano\/","title":{"rendered":"GRANDE PR\u00caMIO mant\u00e9m acordo para 2024\/25 e transmite F\u00f3rmula E pelo 3\u00ba ano"},"content":{"rendered":"\n<p class=\"wp-block-paragraph\">A <strong><a href=\"https:\/\/www.grandepremio.com\/br\/formula-e\/\">F\u00f3rmula E<\/a><\/strong> j\u00e1 est\u00e1 no <strong>Brasil<\/strong> e prepara a abertura da temporada 2024\/25 no pr\u00f3ximo fim de semana, no <strong>Anhembi<\/strong>, em <strong>S\u00e3o Paulo<\/strong>. \u00c9 o in\u00edcio do 11\u00aa campeonato de uma categoria que j\u00e1 est\u00e1 consolidada no cen\u00e1rio do esporte a motor internacional e que tem crescimento progressivo. E pelo terceiro ano consecutivo, o <strong>GRANDE PR\u00caMIO<\/strong> ter\u00e1 a oportunidade de ser a casa da categoria dos carros el\u00e9tricos.<\/p>\n\n\n\n<p class=\"wp-block-paragraph\"><strong>GRANDE PR\u00caMIO<\/strong> e F\u00f3rmula E consagraram a renova\u00e7\u00e3o contratual ap\u00f3s o sucesso dos \u00faltimos dois anos. Assim, a GPTV ser\u00e1 a casa das transmiss\u00f5es exclusivas para o digital atrav\u00e9s das plataformas do GP em YouTube e Kwai. Bem como vem sendo desde o come\u00e7o da parceria, as transmiss\u00f5es contar\u00e3o todas com narra\u00e7\u00e3o em portugu\u00eas e com um time de especialistas e novidades.<\/p>\n\n\n\n<p class=\"wp-block-paragraph\">Nas duas temporadas passadas somadas, as transmiss\u00f5es da F\u00f3rmula E na <strong>GPTV<\/strong> chegaram a mais de <strong>2,5 milh\u00f5es de visualiza\u00e7\u00f5es<\/strong>. Apenas em 2024, foram mais de <strong>1,2 milh\u00e3o de visualiza\u00e7\u00f5es e 10 milh\u00f5es de pessoas alcan\u00e7adas<\/strong> s\u00f3 com as transmiss\u00f5es no YouTube, tendo como pontos altos S\u00e3o Paulo e M\u00f4naco. Al\u00e9m disso, foram <strong>mais de 200 mil horas de exibi\u00e7\u00e3o<\/strong> nas plataformas. O <strong>GRANDE PR\u00caMIO<\/strong> ainda ofereceu mais de 100 v\u00eddeos e 360 publica\u00e7\u00f5es para as redes sociais.<\/p>\n\n\n\n<p class=\"wp-block-paragraph\">A parceria, al\u00e9m das transmiss\u00f5es de todas as atividades em pista do in\u00edcio ao fim dos eventos, envolve conte\u00fados especiais no grandepremio.com\/br e nas redes sociais, dando suporte na promo\u00e7\u00e3o da F\u00f3rmula E no Brasil.<\/p>\n\n\n\n<figure class=\"wp-block-image size-large\"><img decoding=\"async\" src=\"https:\/\/www.grandepremio.com\/br\/wp-content\/uploads\/2024\/03\/TCM_1004-1024x683.jpg\" alt=\"\" class=\"wp-image-788539\"\/><figcaption class=\"wp-element-caption\">F\u00f3rmula E est\u00e1 em S\u00e3o Paulo uma vez mais (Foto: Guilherme Bloisi\/GRANDE PR\u00caMIO)<\/figcaption><\/figure>\n\n\n\n<p class=\"wp-block-paragraph\">&#8220;Manter esta parceria com a F\u00f3rmula E, agora em voo solo, \u00e9 um grande motivo de satisfa\u00e7\u00e3o e felicidade. A categoria apresenta um crescimento not\u00f3rio, e no Brasil n\u00e3o \u00e9 diferente, atraindo cada vez mais pessoas para as transmiss\u00f5es e para a corrida em S\u00e3o Paulo, que passa a abrir a temporada&#8221;, disse Victor Martins, diretor-executivo do <strong>GRANDE PR\u00caMIO<\/strong>. &#8220;\u00c9 um desafio grande organizar a cobertura in loco no Anhembi e elevar ainda mais o n\u00edvel das \u00faltimas temporadas, mas tenho certeza de que faremos o melhor trabalho com um time de primeira&#8221;, completou.<\/p>\n\n\n\n<p class=\"wp-block-paragraph\">Assim como desde que o <strong>GRANDE PR\u00caMIO<\/strong> adquiriu os direitos de transmiss\u00e3o da categoria, todas as atividades de pista que contem com sinal de TV ser\u00e3o transmitidas: corridas, classifica\u00e7\u00f5es, treinos livres e at\u00e9 testes.<\/p>\n\n\n\n<p class=\"wp-block-paragraph\">&#8220;A F\u00f3rmula E j\u00e1 se tornou um emblema do <strong>GRANDE PR\u00caMIO<\/strong> pelo grande interesse e resposta do p\u00fablico e tamb\u00e9m pelo lugar central em nosso estabelecimento enquanto TV&#8221;, apontou Pedro Henrique Marum, coordenador de conte\u00fado do <strong>GRANDE PR\u00caMIO<\/strong> e um dos comentaristas oficiais das transmiss\u00f5es. &#8220;\u00c9 um prazer saber que o posto de refer\u00eancia que tivemos desde 2014 para informar sobre a categoria foi traduzido desta mesma maneira para as transmiss\u00f5es desde 2023. Temos agora a responsabilidade de conduzir o projeto com nossas pr\u00f3prias pernas, mostrando nossa matura\u00e7\u00e3o em todas as pontas desta empreitada. O resultado, come\u00e7ando a partir da ampla cobertura <em>in loco<\/em> em S\u00e3o Paulo, ser\u00e1 o de sempre: de ponta, digno da aten\u00e7\u00e3o do p\u00fablico&#8221;, finalizou.<\/p>\n\n\n\n<p class=\"wp-block-paragraph\">Da mesma forma que as transmiss\u00f5es do <strong>GRANDE PR\u00caMIO<\/strong>, o eP de S\u00e3o Paulo, etapa brasileira do calend\u00e1rio, ser\u00e1 realizado pela terceira vez. Desta feita, por\u00e9m, abre o campeonato, algo que jamais havia acontecido antes. No fim de semana do dia 7 de dezembro, o Samb\u00f3dromo do Anhembi sedia a corrida ap\u00f3s duas edi\u00e7\u00f5es absolutamente memor\u00e1veis. Ainda h\u00e1 um adendo: ser\u00e1 a estreia dos inovadores carros Gen3 Evo na categoria.<\/p>\n\n\n\n<figure class=\"wp-block-image size-large\"><img decoding=\"async\" src=\"https:\/\/www.grandepremio.com\/br\/wp-content\/uploads\/2024\/07\/GPF1-11-1200x677.jpg\" alt=\"\" class=\"wp-image-844584\"\/><figcaption class=\"wp-element-caption\">Pascal Wehrlein entra com o #1 do campe\u00e3o na temporada 2024\/25 (Foto: Porsche)<\/figcaption><\/figure>\n\n\n\n<p class=\"wp-block-paragraph\">&#8220;\u00c9 \u00f3timo poder seguir comentando as corridas incr\u00edveis da F\u00f3rmula E pela terceira temporada seguida&#8221;, adicionou Jo\u00e3o Pedro Nascimento, comentarista oficial das transmiss\u00f5es e editor-s\u00eanior da F\u00f3rmula E no <strong><a href=\"http:\/\/grandepremio.com\/br\/home\">grandepremio.com\/br<\/a><\/strong>. &#8220;Al\u00e9m do alto n\u00edvel de competitividade e imprevisibilidade, a categoria \u00e9 de enorme import\u00e2ncia para o futuro em termos de sustentabilidade e novas tecnologia. No <strong>GRANDE PR\u00caMIO<\/strong>, o foco \u00e9 sempre trazer uma cobertura do nosso jeito, cheia de informa\u00e7\u00f5es e que agregue cada vez mais p\u00fablico e esporte. Tudo come\u00e7a em S\u00e3o Paulo!&#8221;, completou.<\/p>\n\n\n\n<p class=\"wp-block-paragraph\">Ao todo, o calend\u00e1rio viaja por quatro continentes, dez pa\u00edses e 16 corridas ao longo do ano. Ap\u00f3s S\u00e3o Paulo e o Brasil, vai ao M\u00e9xico, Ar\u00e1bia Saudita, Estados Unidos, M\u00f4naco, Jap\u00e3o, China, Indon\u00e9sia, Alemanha e Inglaterra. A grande novidade \u00e9 a corrida dos EUA realizada no circuito de Homestead, na regi\u00e3o de Miami, que substitui Portland. J\u00e1 Jacarta, capital indon\u00e9sia, retorna ap\u00f3s um ano de hiato.<\/p>\n\n\n\n<p class=\"wp-block-paragraph\">Ademais o sucesso crescente nas pistas e os avan\u00e7os tecnol\u00f3gicos, como, por exemplo, a utiliza\u00e7\u00e3o de equipamento de recarga da categoria durante as corridas, marcado para acontecer pela primeira vez neste ano, a F\u00f3rmula E ainda mira a sustentabilidade no esporte. Em 2024, inclusive, foi eleita l\u00edder do ranking GSBS (Refer\u00eancia em Sustentabilidade Global nos Esportes, na sigla em ingl\u00eas) e se manteve como l\u00edder mundial em sustentabilidade corporativa (ESG). Superou, assim, organiza\u00e7\u00f5es como F1, NBA, premier League, NFL, Real Madrid e Barcelona.<\/p>\n\n\n\n<p class=\"wp-block-paragraph\">O&nbsp;<strong>GRANDE PR\u00caMIO<\/strong>&nbsp;far\u00e1 a cobertura completa e com presen\u00e7a&nbsp;<strong>IN LOCO<\/strong> do eP de S\u00e3o Paulo com a presen\u00e7a da equipe de transmiss\u00e3o, Geferson Kern, Pedro Henrique Marum e JP Nascimento, bem como Daniel Balsa, Giovani Danjo, Grazielly Costa, Guilherme Bloisi, Pedro Luis Cuenca, Renato Ribeiro, Rodrigo Berton, Thiago Rocha e Victor Martins. <\/p>\n\n\n\n<p class=\"wp-block-paragraph\"><strong>\u25b6\ufe0f&nbsp;Inscreva-se nos dois canais do GRANDE PR\u00caMIO no YouTube:&nbsp;<a href=\"https:\/\/www.youtube.com\/channel\/UC9OlHEgxoaY6QY6nWPoiqQg?sub_confirmation=1\" target=\"_blank\" rel=\"noreferrer noopener\">GP<\/a>&nbsp;|&nbsp;<a href=\"https:\/\/www.youtube.com\/channel\/UC9csiS6q_C3C0FYhyr1rnFA?sub_confirmation=1\" target=\"_blank\" rel=\"noreferrer noopener\">GP2<\/a><\/strong><\/p>\n","protected":false},"excerpt":{"rendered":"<p>A temporada 2025 da F\u00f3rmula E, que come\u00e7a j\u00e1 no pr\u00f3ximo fim de semana, no Brasil, vai contar uma vez mais com a cobertura completa do GRANDE PR\u00caMIO. A GPTV entrega o mesmo que nos \u00faltimos dois anos: transmiss\u00e3o de todas as atividades de pista, sempre ao vivo, al\u00e9m de programas pr\u00e9 e p\u00f3s-corridas, bastidores da categoria e sempre muita an\u00e1lise<\/p>\n","protected":false},"author":0,"featured_media":1000904934,"comment_status":"closed","ping_status":"closed","sticky":false,"template":"","format":"standard","meta":{"42wp_featured_image_caption":"","42wp_featured_image_credits":"","42wp_featured_video":"","42wp_featured_image_hidden":false,"42wp_authors_list":[],"footnotes":""},"categories":[19],"tags":[5660,35967,38802,34647,37545,33841,37745],"42wp_author":[47120],"class_list":["post-41635","post","type-post","status-publish","format-standard","has-post-thumbnail","hentry","category-formula-e","tag-classificacao","tag-formula-e-2024","tag-formula-e-2025","tag-formula-e-ao-vivo","tag-formula-e-live","tag-formula-e-no-grande-premio","tag-formula-e-tv-2024","42wp_author-pedro-henrique-marum"],"_links":{"self":[{"href":"https:\/\/grandepremio.com\/br\/wp-json\/wp\/v2\/posts\/41635","targetHints":{"allow":["GET"]}}],"collection":[{"href":"https:\/\/grandepremio.com\/br\/wp-json\/wp\/v2\/posts"}],"about":[{"href":"https:\/\/grandepremio.com\/br\/wp-json\/wp\/v2\/types\/post"}],"replies":[{"embeddable":true,"href":"https:\/\/grandepremio.com\/br\/wp-json\/wp\/v2\/comments?post=41635"}],"version-history":[{"count":0,"href":"https:\/\/grandepremio.com\/br\/wp-json\/wp\/v2\/posts\/41635\/revisions"}],"wp:featuredmedia":[{"embeddable":true,"href":"https:\/\/grandepremio.com\/br\/wp-json\/wp\/v2\/media\/1000904934"}],"wp:attachment":[{"href":"https:\/\/grandepremio.com\/br\/wp-json\/wp\/v2\/media?parent=41635"}],"wp:term":[{"taxonomy":"category","embeddable":true,"href":"https:\/\/grandepremio.com\/br\/wp-json\/wp\/v2\/categories?post=41635"},{"taxonomy":"post_tag","embeddable":true,"href":"https:\/\/grandepremio.com\/br\/wp-json\/wp\/v2\/tags?post=41635"},{"taxonomy":"42wp_author","embeddable":true,"href":"https:\/\/grandepremio.com\/br\/wp-json\/wp\/v2\/42wp_author?post=41635"}],"curies":[{"name":"wp","href":"https:\/\/api.w.org\/{rel}","templated":true}]}}