{"id":41689,"date":"2024-12-03T09:34:16","date_gmt":"2024-12-03T12:34:16","guid":{"rendered":"https:\/\/grandepremio.com\/br\/noticias\/franco-colapinto-frenesi-equipes-diluir-caminha-reserva-williams-2025\/"},"modified":"2024-12-03T10:24:05","modified_gmt":"2024-12-03T13:24:05","slug":"franco-colapinto-frenesi-equipes-diluir-caminha-reserva-williams-2025","status":"publish","type":"post","link":"https:\/\/grandepremio.com\/br\/f1\/franco-colapinto-frenesi-equipes-diluir-caminha-reserva-williams-2025\/","title":{"rendered":"Colapinto v\u00ea frenesi de equipes se diluir e caminha para reserva da Williams em 2025"},"content":{"rendered":"\n<p class=\"wp-block-paragraph\"><strong>Franco Colapinto <\/strong>causou um frenesi no grid com a estreia avassaladora na <strong>It\u00e1lia <\/strong>e os pontos j\u00e1 na segunda corrida, no <strong>Azerbaij\u00e3o<\/strong>, mas o argentino deve mesmo continuar na <strong>Williams <\/strong>na<strong> F\u00f3rmula 1 2025<\/strong>. E sem lugar para ser titular, j\u00e1 que o time ingl\u00eas ter\u00e1 <strong>Alexander Albon<\/strong> e <strong>Carlos Sainz<\/strong>, a expectativa \u00e9 que v\u00e1 para a reserva e d\u00ea sequ\u00eancia a um intenso programa de testes at\u00e9 o mercado se abrir novamente.<\/p>\n\n\n\n<p class=\"wp-block-paragraph\">A informa\u00e7\u00e3o \u00e9 do site da revista alem\u00e3<em> Auto Motor und Sport<\/em> desta ter\u00e7a-feira (3). A op\u00e7\u00e3o, no caso, \u00e9 v\u00e1lida porque tanto Albon quanto Sainz possuem cl\u00e1usulas contratuais que os liberam do contrato com o time de Grove caso haja interesse de algum time de ponta. A publica\u00e7\u00e3o alem\u00e3, inclusive, especifica que o atual piloto da <strong>Ferrari<\/strong> tem a op\u00e7\u00e3o de ir para a<strong> Red Bull<\/strong> se houver vaga por l\u00e1 daqui a um ano.<\/p>\n\n\n\n<p class=\"wp-block-paragraph\">Colapinto estreou na F1 no<strong> GP da It\u00e1lia<\/strong>, substituindo <strong>Logan Sargeant<\/strong>, e impressionou n\u00e3o apenas por andar muito pr\u00f3ximo de Albon nas classifica\u00e7\u00f5es, como tamb\u00e9m pelos pontos marcados em <strong>Baku<\/strong> e nos <strong>Estados Unidos<\/strong>. A Red Bull logo se agitou e demonstrou interesse, e a m\u00eddia argentina chegou a noticiar que havia um acordo encaminhado para que ele corresse no lugar de <strong>Sergio P\u00e9rez<\/strong>.<\/p>\n\n\n\n<p class=\"wp-block-paragraph\">As especula\u00e7\u00f5es aumentaram quando <strong>Christian Horner<\/strong>, chefe dos taurinos, foi visto nas instala\u00e7\u00f5es da Williams em <strong>Interlagos<\/strong>. Os ingleses, todavia, exigiam pagamento de <a href=\"https:\/\/www.grandepremio.com\/br\/f1\/noticias\/red-bull-busca-patrocinios-franco-colapinto-pagar-taxa-milionaria-exigida-williams\/\">US$ 20 milh\u00f5es&nbsp;<\/a>(R$ 121 milh\u00f5es, na cota\u00e7\u00e3o mais recente) para liber\u00e1-lo, e a Red Bull at\u00e9 cogitou usar os pr\u00f3prios patrocinadores de Franco para cobrir o valor, segundo o site neerland\u00eas <em>RacingNews365<\/em>.<\/p>\n\n\n\n<figure class=\"wp-block-image size-large\"><img decoding=\"async\" src=\"https:\/\/www.grandepremio.com\/br\/wp-content\/uploads\/2024\/11\/catar-2024-f1-corrida-sprint-williams-franco-colapinto-03-1200x801.jpg\" alt=\"\" class=\"wp-image-903309\"\/><figcaption class=\"wp-element-caption\">Franco Colapinto ao lado de Sergio P\u00e9rez no Catar (Foto: Williams)<\/figcaption><\/figure>\n\n\n\n<p class=\"wp-block-paragraph\">S\u00f3 que os acidentes em Interlagos e<strong> Las Vegas <\/strong>fizeram o alvoro\u00e7o em torno dele baixar. A <strong>Alpine<\/strong>, outra a demonstrar desejo de trazer Colapinto e dispensar o contratado<strong> Jack Doohan<\/strong> antes mesmo do in\u00edcio da temporada,<a href=\"https:\/\/www.grandepremio.com\/br\/f1\/noticias\/alpine-desiste-franco-colapinto-alto-preco-concentra-jack-doohan-paul-aron-formula-1\/\"> tamb\u00e9m desistiu por conta da multa considerada alta demais por<strong> Flavio Briatore<\/strong><\/a>, informou a <em>AMuS<\/em>. Os franceses querem focar em jovens talentos como <strong>Paul Aron<\/strong>, o novo reserva.<\/p>\n\n\n\n<p class=\"wp-block-paragraph\">Chefe da Williams, <strong>James Vowles<\/strong> chegou a falar h\u00e1 alguns meses sobre a possibilidade de Colapinto continuar com o time. &#8220;Em primeiro lugar, ter\u00edamos o melhor piloto reserva no momento. Em segundo lugar, ele receberia a melhor prepara\u00e7\u00e3o com testes de carros de outras temporadas e simula\u00e7\u00f5es. Fiz algo semelhante com<strong> Esteban Ocon<\/strong>, e o intervalo de um ano tamb\u00e9m foi ben\u00e9fico para ele&#8221;, salientou.<\/p>\n\n\n\n<p class=\"wp-block-paragraph\">A Red Bull renovou contrato com P\u00e9rez, mas a <em>ESPN <\/em>afirma que ele deixar\u00e1 o time depois do GP de Abu Dhabi deste fim de semana. <em>Liam Lawson<\/em> e <strong>Yuki Tsunoda<\/strong> brigam pela vaga. Na Alpine, Doohan j\u00e1 assume o cockpit de Ocon para valer em<strong> Yas Marina<\/strong>, ao lado de <strong>Pierre Gasly<\/strong>.<\/p>\n\n\n\n<p class=\"wp-block-paragraph\">A&nbsp;<strong><a href=\"https:\/\/www.grandepremio.com\/br\/f1\/\" target=\"_blank\" rel=\"noreferrer noopener\"><\/a><a href=\"https:\/\/www.grandepremio.com\/br\/f1\/\" target=\"_blank\" rel=\"noreferrer noopener\">F\u00f3rmula 1<\/a><\/strong>&nbsp;retorna j\u00e1 neste fim de semana, entre os dias&nbsp;<strong>6 e 8 de dezembro<\/strong>, com o&nbsp;<strong>GP de Abu Dhabi<\/strong>. Ser\u00e1 a 24\u00aa e \u00faltima etapa da temporada 2024.<\/p>\n\n\n\n<p class=\"wp-block-paragraph\"><strong><img decoding=\"async\" src=\"https:\/\/a.slack-edge.com\/production-standard-emoji-assets\/14.0\/google-medium\/25b6-fe0f.png\" alt=\":seta_para_frente:\">&nbsp;Inscreva-se nos dois canais do GRANDE PR\u00caMIO no YouTube:&nbsp;<a href=\"https:\/\/www.youtube.com\/channel\/UC9OlHEgxoaY6QY6nWPoiqQg?sub_confirmation=1\" target=\"_blank\" rel=\"noreferrer noopener\">GP<\/a>&nbsp;|&nbsp;<a href=\"https:\/\/www.youtube.com\/channel\/UC9csiS6q_C3C0FYhyr1rnFA?sub_confirmation=1\" target=\"_blank\" rel=\"noreferrer noopener\">GP2<\/a><\/strong><br><strong><img decoding=\"async\" src=\"https:\/\/a.slack-edge.com\/production-standard-emoji-assets\/14.0\/google-medium\/25b6-fe0f.png\" alt=\":seta_para_frente:\">&nbsp;LEIA TAMB\u00c9M:&nbsp;<a href=\"https:\/\/www.grandepremio.com\/br\/f2\/noticias\/gabriel-bortoleto-sai-catar-05-ponto-frente-isack-hadjar-classificacao-f2-2024\/\">Bortoleto sai do Catar 0,5 ponto \u00e0 frente de Hadjar. Confira classifica\u00e7\u00e3o da F2 2024<\/a><\/strong><\/p>\n\n\n\n<figure class=\"wp-block-embed is-type-video is-provider-youtube wp-block-embed-youtube wp-embed-aspect-16-9 wp-has-aspect-ratio\"><div class=\"wp-block-embed__wrapper\">\n<iframe loading=\"lazy\" title=\"VERSTAPPEN x RUSSELL e FIA x F1: Rivalidades PEGAM FOGO | Paddock GP #400\" width=\"500\" height=\"281\" src=\"https:\/\/www.youtube.com\/embed\/KYKcQDr3Gvw?feature=oembed\" frameborder=\"0\" allow=\"accelerometer; autoplay; clipboard-write; encrypted-media; gyroscope; picture-in-picture; web-share\" referrerpolicy=\"strict-origin-when-cross-origin\" allowfullscreen><\/iframe>\n<\/div><\/figure>\n","protected":false},"excerpt":{"rendered":"<p>De acordo com o site da revista alem\u00e3 Auto Motor und Sport, Franco Colapinto seguir\u00e1 na Williams como piloto reserva em 2025, dando continuidade a um intenso programa de testes<\/p>\n","protected":false},"author":0,"featured_media":1000902648,"comment_status":"closed","ping_status":"closed","sticky":false,"template":"","format":"standard","meta":{"42wp_featured_image_caption":"","42wp_featured_image_credits":"","42wp_featured_video":"","42wp_featured_image_hidden":false,"42wp_authors_list":[],"footnotes":""},"categories":[2],"tags":[26271,5273,147,3230,180,30909,25440,25424,37274,1491,28285,30840,4149,35129,33301,215,1901,41806,37255],"42wp_author":[47147],"class_list":["post-41689","post","type-post","status-publish","format-standard","has-post-thumbnail","hentry","category-f1","tag-calendario-f1","tag-classificacao-f1","tag-f1","tag-f1-2024","tag-formula-1","tag-formula-1-2024","tag-franco-colapinto","tag-gp-de-abu-dhabi","tag-gp-de-abu-dhabi-f1","tag-grande-premio","tag-grandepremio","tag-horarios-f1","tag-james-vowles","tag-onde-assistir-f1","tag-temporada-2024-f1","tag-williams","tag-yas-marina","tag-yas-marina-2024","tag-yas-marina-f1","42wp_author-luana-marino"],"_links":{"self":[{"href":"https:\/\/grandepremio.com\/br\/wp-json\/wp\/v2\/posts\/41689","targetHints":{"allow":["GET"]}}],"collection":[{"href":"https:\/\/grandepremio.com\/br\/wp-json\/wp\/v2\/posts"}],"about":[{"href":"https:\/\/grandepremio.com\/br\/wp-json\/wp\/v2\/types\/post"}],"replies":[{"embeddable":true,"href":"https:\/\/grandepremio.com\/br\/wp-json\/wp\/v2\/comments?post=41689"}],"version-history":[{"count":0,"href":"https:\/\/grandepremio.com\/br\/wp-json\/wp\/v2\/posts\/41689\/revisions"}],"wp:featuredmedia":[{"embeddable":true,"href":"https:\/\/grandepremio.com\/br\/wp-json\/wp\/v2\/media\/1000902648"}],"wp:attachment":[{"href":"https:\/\/grandepremio.com\/br\/wp-json\/wp\/v2\/media?parent=41689"}],"wp:term":[{"taxonomy":"category","embeddable":true,"href":"https:\/\/grandepremio.com\/br\/wp-json\/wp\/v2\/categories?post=41689"},{"taxonomy":"post_tag","embeddable":true,"href":"https:\/\/grandepremio.com\/br\/wp-json\/wp\/v2\/tags?post=41689"},{"taxonomy":"42wp_author","embeddable":true,"href":"https:\/\/grandepremio.com\/br\/wp-json\/wp\/v2\/42wp_author?post=41689"}],"curies":[{"name":"wp","href":"https:\/\/api.w.org\/{rel}","templated":true}]}}