{"id":42046,"date":"2024-12-01T15:28:31","date_gmt":"2024-12-01T18:28:31","guid":{"rendered":"https:\/\/grandepremio.com\/br\/noticias\/charles-leclerc-vibra-pontos-tirados-mclaren-2o-lugar-catar-vamos-dar-tudo\/"},"modified":"2024-12-01T16:05:51","modified_gmt":"2024-12-01T19:05:51","slug":"charles-leclerc-vibra-pontos-tirados-mclaren-2o-lugar-catar-vamos-dar-tudo","status":"publish","type":"post","link":"https:\/\/grandepremio.com\/br\/f1\/charles-leclerc-vibra-pontos-tirados-mclaren-2o-lugar-catar-vamos-dar-tudo\/","title":{"rendered":"Leclerc vibra com &#8220;pontos tirados da McLaren&#8221; com 2\u00ba lugar no Catar: &#8220;Vamos dar tudo&#8221;"},"content":{"rendered":"\n<p class=\"wp-block-paragraph\"><strong>Charles Leclerc <\/strong>celebrou bastante a virada sobre a <strong>McLaren<\/strong> no <strong>GP do Catar<\/strong>, <a href=\"https:\/\/www.grandepremio.com\/br\/f1\/noticias\/max-verstappen-passa-george-russell-largada-controla-lando-norris-vence-revolto-gp-do-catar-formula-1\/\">realizado neste domingo (1\u00ba)<\/a>. Em uma corrida totalmente maluca, com in\u00fameras puni\u00e7\u00f5es \u2014 incluindo um stop and go para <strong>Lando Norris <\/strong>\u2014, o monegasco levou a <strong>Ferrari<\/strong> ao segundo lugar, \u00e0 frente de <strong>Oscar Piastri<\/strong>, e ajudou a equipe a cortar a diferen\u00e7a de 30 pontos no fim da sprint para 21, mantendo as chances vivas de t\u00edtulo no Mundial de Construtores.<\/p>\n\n\n\n<p class=\"wp-block-paragraph\">O fim de semana, na verdade, foi bastante complicado para o time de Maranello, que viu a McLaren mais uma vez forte, por\u00e9m ainda teve de lutar contra os intrusos<strong> George Russell<\/strong>, o pole da corrida, e <strong>Max Verstappen<\/strong>, o vencedor da etapa. Ainda assim, as reviravoltas permitiram a Leclerc brigar pelo p\u00f3dio.<\/p>\n\n\n\n<p class=\"wp-block-paragraph\">&#8220;Estou muito feliz&#8221;, come\u00e7ou. &#8220;Sinceramente, assinaria correndo antes da corrida um contrato que me garantisse chegar em segundo em uma pista como essa depois de um fim de semana desses, porque as caracter\u00edsticas do nosso carro n\u00e3o se encaixam muito bem com essa pista&#8221;, salientou.<\/p>\n\n\n\n<p class=\"wp-block-paragraph\">\u201cSab\u00edamos que seria um fim de semana muito dif\u00edcil comparado com a McLaren, mas, no final, conseguimos tirar pontos deles, ent\u00e3o a luta ser\u00e1 at\u00e9 a \u00faltima corrida, em Abu Dhabi, na pr\u00f3xima semana&#8221;, enfatizou Leclerc.<\/p>\n\n\n\n<figure class=\"wp-block-image size-large\"><img decoding=\"async\" src=\"https:\/\/www.grandepremio.com\/br\/wp-content\/uploads\/2024\/11\/catar-2024-f1-corrida-sprint-ferrari-charles-leclerc-01-1200x800.jpg\" alt=\"\" class=\"wp-image-903151\"\/><figcaption class=\"wp-element-caption\">Charles Leclerc foi o segundo colocado no Catar (Foto: Ferrari)<\/figcaption><\/figure>\n\n\n\n<p class=\"wp-block-paragraph\">Ao ser perguntado sobre o que espera para Yas Marina, Leclerc admitiu que era &#8220;dif\u00edcil saber&#8221; o qu\u00e3o r\u00e1pido a Ferrari estar\u00e1.<\/p>\n\n\n\n<p class=\"wp-block-paragraph\">&#8220;Estamos todos muito pr\u00f3ximos. Vai ser muito disputado, mas \u00e9 emocionante. 21 pontos ainda \u00e9 muito, mas tudo \u00e9 poss\u00edvel, e vamos dar tudo de n\u00f3s&#8221;, encerrou.<\/p>\n\n\n\n<p class=\"wp-block-paragraph\">A F\u00f3rmula 1 retorna j\u00e1 no pr\u00f3ximo fim de semana, de 6 a 8 de dezembro, com o GP de Abu Dhabi, encerramento da temporada 2024.<\/p>\n\n\n\n<p class=\"wp-block-paragraph\"><strong><img decoding=\"async\" src=\"https:\/\/a.slack-edge.com\/production-standard-emoji-assets\/14.0\/google-medium\/25b6-fe0f.png\" alt=\":seta_para_frente:\">&nbsp;Inscreva-se nos dois canais do GRANDE PR\u00caMIO no YouTube:&nbsp;<a href=\"https:\/\/www.youtube.com\/channel\/UC9OlHEgxoaY6QY6nWPoiqQg?sub_confirmation=1\" target=\"_blank\" rel=\"noreferrer noopener\">GP<\/a>&nbsp;|&nbsp;<a href=\"https:\/\/www.youtube.com\/channel\/UC9csiS6q_C3C0FYhyr1rnFA?sub_confirmation=1\" target=\"_blank\" rel=\"noreferrer noopener\">GP2<\/a><\/strong><br><strong><img decoding=\"async\" src=\"https:\/\/a.slack-edge.com\/production-standard-emoji-assets\/14.0\/google-medium\/25b6-fe0f.png\" alt=\":seta_para_frente:\">&nbsp;LEIA TAMB\u00c9M:&nbsp;<a href=\"https:\/\/www.grandepremio.com\/br\/f2\/noticias\/gabriel-bortoleto-sai-catar-05-ponto-frente-isack-hadjar-classificacao-f2-2024\/\">Bortoleto sai do Catar 0,5 ponto \u00e0 frente de Hadjar. Confira classifica\u00e7\u00e3o da F2 2024<\/a><\/strong><\/p>\n\n\n\n<figure class=\"wp-block-embed is-type-video is-provider-youtube wp-block-embed-youtube wp-embed-aspect-16-9 wp-has-aspect-ratio\"><div class=\"wp-block-embed__wrapper\">\n<iframe loading=\"lazy\" title=\"VERSTAPPEN 1\u00ba, NORRIS toma STOP-GO, ZHOU pontua, DIRE\u00c7\u00c3O ESTRAGA GP do CATAR de F1 | Briefing\" width=\"500\" height=\"281\" src=\"https:\/\/www.youtube.com\/embed\/9abyFFSNEV8?feature=oembed\" frameborder=\"0\" allow=\"accelerometer; autoplay; clipboard-write; encrypted-media; gyroscope; picture-in-picture; web-share\" referrerpolicy=\"strict-origin-when-cross-origin\" allowfullscreen><\/iframe>\n<\/div><\/figure>\n","protected":false},"excerpt":{"rendered":"<p>Charles Leclerc chegou \u00e0 frente de Oscar Piastri no GP do Catar. A decis\u00e3o no Mundial de Construtores da F1 2024 ficou para Abu Dhabi<\/p>\n","protected":false},"author":0,"featured_media":1000903940,"comment_status":"closed","ping_status":"closed","sticky":false,"template":"","format":"standard","meta":{"42wp_featured_image_caption":"","42wp_featured_image_credits":"","42wp_featured_video":"","42wp_featured_image_hidden":false,"42wp_authors_list":[],"footnotes":""},"categories":[2],"tags":[26271,1113,209,5273,147,3230,207,180,30909,600,41740,1491,28285,30840,31014,41695,36668,90,35129,33301],"42wp_author":[47147],"class_list":["post-42046","post","type-post","status-publish","format-standard","has-post-thumbnail","hentry","category-f1","tag-calendario-f1","tag-catar","tag-charles-leclerc","tag-classificacao-f1","tag-f1","tag-f1-2024","tag-ferrari","tag-formula-1","tag-formula-1-2024","tag-gp-do-catar","tag-gp-do-catar-f1","tag-grande-premio","tag-grandepremio","tag-horarios-f1","tag-lusail","tag-lusail-2024","tag-lusail-f1","tag-mclaren","tag-onde-assistir-f1","tag-temporada-2024-f1","42wp_author-luana-marino"],"_links":{"self":[{"href":"https:\/\/grandepremio.com\/br\/wp-json\/wp\/v2\/posts\/42046","targetHints":{"allow":["GET"]}}],"collection":[{"href":"https:\/\/grandepremio.com\/br\/wp-json\/wp\/v2\/posts"}],"about":[{"href":"https:\/\/grandepremio.com\/br\/wp-json\/wp\/v2\/types\/post"}],"replies":[{"embeddable":true,"href":"https:\/\/grandepremio.com\/br\/wp-json\/wp\/v2\/comments?post=42046"}],"version-history":[{"count":0,"href":"https:\/\/grandepremio.com\/br\/wp-json\/wp\/v2\/posts\/42046\/revisions"}],"wp:featuredmedia":[{"embeddable":true,"href":"https:\/\/grandepremio.com\/br\/wp-json\/wp\/v2\/media\/1000903940"}],"wp:attachment":[{"href":"https:\/\/grandepremio.com\/br\/wp-json\/wp\/v2\/media?parent=42046"}],"wp:term":[{"taxonomy":"category","embeddable":true,"href":"https:\/\/grandepremio.com\/br\/wp-json\/wp\/v2\/categories?post=42046"},{"taxonomy":"post_tag","embeddable":true,"href":"https:\/\/grandepremio.com\/br\/wp-json\/wp\/v2\/tags?post=42046"},{"taxonomy":"42wp_author","embeddable":true,"href":"https:\/\/grandepremio.com\/br\/wp-json\/wp\/v2\/42wp_author?post=42046"}],"curies":[{"name":"wp","href":"https:\/\/api.w.org\/{rel}","templated":true}]}}