{"id":42076,"date":"2024-12-01T14:36:13","date_gmt":"2024-12-01T17:36:13","guid":{"rendered":"https:\/\/grandepremio.com\/br\/noticias\/fia-alega-gabriel-bortoleto-avisado-teve-tempo-evitar-pit-lane-vsc-catar\/"},"modified":"2024-12-01T14:52:10","modified_gmt":"2024-12-01T17:52:10","slug":"fia-alega-gabriel-bortoleto-avisado-teve-tempo-evitar-pit-lane-vsc-catar","status":"publish","type":"post","link":"https:\/\/grandepremio.com\/br\/f2\/fia-alega-gabriel-bortoleto-avisado-teve-tempo-evitar-pit-lane-vsc-catar\/","title":{"rendered":"FIA alega que Bortoleto foi avisado e teve tempo de evitar pit-lane durante VSC no Catar"},"content":{"rendered":"\n<p class=\"wp-block-paragraph\">A <strong>Federa\u00e7\u00e3o Internacional de Automobilismo<\/strong> (<strong>FIA<\/strong>) emitiu o documento oficial explicando a puni\u00e7\u00e3o aplicada a <strong>Gabriel Bortoleto<\/strong> <a href=\"https:\/\/www.grandepremio.com\/br\/f2\/noticias\/gabriel-bortoleto-vence-corrida-2-catar-toma-5s-fica-atras-isack-hadjar-paul-aron-herda-vitoria\/\">na <strong>corrida 2 <\/strong><\/a>da <strong>F\u00f3rmula 2 <\/strong>no <strong>Catar<\/strong>, realizada neste domingo (1\u00ba), e alegou que ele teve tempo de evitar o pit-lane durante o safety-car virtual (VSC). O brasileiro tomou 5s de puni\u00e7\u00e3o por cruzar a linha da entrada dos boxes e perdeu a vit\u00f3ria para <strong>Paul Aron<\/strong>.<\/p>\n\n\n\n<p class=\"wp-block-paragraph\">Tudo aconteceu quando <strong>Andrea Kimi Antonelli<\/strong> perdeu o controle do carro \u2014 avariado ap\u00f3s toque de <strong>Richard Verschoor <\/strong>nos boxes \u2014 e foi parar na brita. A situa\u00e7\u00e3o, embora cl\u00e1ssica para safety-car, trouxe primeiro o virtual.<\/p>\n\n\n\n<p class=\"wp-block-paragraph\">Acontece que Gabriel estava pronto para efetuar a troca obrigat\u00f3ria. A <strong>Invicta<\/strong>, ent\u00e3o, avisou para ele ficar na pista, mas era tarde demais, pois Bortoleto j\u00e1 havia entrado na \u00e1rea do pit-lane.<\/p>\n\n\n\n<p class=\"wp-block-paragraph\">&#8220;Os comiss\u00e1rios examinaram as evid\u00eancias em v\u00eddeo e os dados de telemetria&#8221;, come\u00e7ou o texto. &#8220;O carro #10 estava entrando na curva 16 quando o safety-car virtual (VSC)  foi acionado. O piloto teria recebido alerta aud\u00edvel de som, a tela do volante teria mostrado o VSC e os pain\u00e9is de luz [na pista] foram acesos.&#8221;<\/p>\n\n\n\n<figure class=\"wp-block-image size-full\"><img decoding=\"async\" src=\"https:\/\/www.grandepremio.com\/br\/wp-content\/uploads\/2024\/12\/446353_1135725_24jgp30no1584-1.jpg\" alt=\"\" class=\"wp-image-903970\"\/><figcaption class=\"wp-element-caption\">Gabriel Bortoleto na corrida 2 da F2 no Catar (Foto: James Gasperotti)<\/figcaption><\/figure>\n\n\n\n<p class=\"wp-block-paragraph\">&#8220;O piloto pretendia entrar no pit-lane e continuou a fazer isso, embora n\u00e3o seja permitido pelo VSC. O piloto cruzou completamente a linha pontilhada destacada no item 19.2 das anota\u00e7\u00f5es do diretor de prova. O diretor de prova comunicou a todas as equipes, ap\u00f3s pedido de esclarecimento, que um carro ser\u00e1 considerado como tendo entrado na reta dos boxes se uma roda cruzar essa linha pontilhada&#8221;, continuou.<\/p>\n\n\n\n<p class=\"wp-block-paragraph\">&#8220;Portanto, o carro #10 estava no pit-lane nesse instante, conforme definido pelo diretor de prova. O piloto, ent\u00e3o, optou por retornar \u00e0 pista e fez isso depois de passar pelo poste de sinaliza\u00e7\u00e3o, cruzando a linha branca que separa o pit-lane da pista&#8221;, seguiu o documento.<\/p>\n\n\n\n<p class=\"wp-block-paragraph\">Por fim, os comiss\u00e1rios explicaram que &#8220;a puni\u00e7\u00e3o m\u00ednima foi escolhida para essa infra\u00e7\u00e3o, pois a sequ\u00eancia de eventos foi muito pr\u00f3xima, mas os comiss\u00e1rios ainda julgaram que o piloto teve tempo suficiente para abortar a entrada nos boxes conforme necess\u00e1rio&#8221;.<\/p>\n\n\n\n<p class=\"wp-block-paragraph\">Ap\u00f3s a corrida, Gabriel disse em comunicado enviado \u00e0 imprensa que a puni\u00e7\u00e3o &#8220;havia sido correta&#8221;. &#8220;Infelizmente eu n\u00e3o tive outra atitude a tomar&#8221;, salientou. <\/p>\n\n\n\n<p class=\"wp-block-paragraph\">O <strong>GRANDE PR\u00caMIO<\/strong> procurou a assessoria de Bortoleto e perguntou se, de fato, houve tempo para ele evitar o tra\u00e7ado do pit-lane quando o safety-car virtual estava em a\u00e7\u00e3o, conforme alegado pela FIA. Tamb\u00e9m perguntou em qual momento a Invicta avisou do SCV, mas ouviu que o piloto &#8220;n\u00e3o falaria mais nada sobre o tema&#8221;.<\/p>\n\n\n\n<p class=\"wp-block-paragraph\">Bortoleto terminou oficialmente em terceiro e marcou 15 pontos, enquanto Isack Hadjar ficou em segundo e anotou 18. Na classifica\u00e7\u00e3o, o brasileiro lidera com 188.5, enquanto o rival franc\u00eas tem 188.<\/p>\n\n\n\n<p class=\"wp-block-paragraph\">A\u00a0<strong><a href=\"https:\/\/www.grandepremio.com\/br\/f2\/\" target=\"_blank\" rel=\"noreferrer noopener\"><\/a><a href=\"https:\/\/www.grandepremio.com\/br\/f2\/\" target=\"_blank\" rel=\"noreferrer noopener\">F\u00f3rmula 2<\/a>\u00a0<\/strong>retorna no pr\u00f3ximo fim de semana, em\u00a0<strong>Abu Dhabi<\/strong>, \u00faltima rodada da\u00a0<strong>temporada 2024<\/strong>. O<strong>\u00a0GRANDE PR\u00caMIO\u00a0<\/strong>acompanha todas as atividades.<\/p>\n\n\n\n<p class=\"wp-block-paragraph\"><strong><img decoding=\"async\" src=\"https:\/\/a.slack-edge.com\/production-standard-emoji-assets\/14.0\/google-medium\/25b6-fe0f.png\" alt=\":seta_para_frente:\">\u00a0Inscreva-se nos dois canais do GRANDE PR\u00caMIO no YouTube:\u00a0<a href=\"https:\/\/www.youtube.com\/channel\/UC9OlHEgxoaY6QY6nWPoiqQg?sub_confirmation=1\" target=\"_blank\" rel=\"noreferrer noopener\">GP<\/a>\u00a0|\u00a0<a href=\"https:\/\/www.youtube.com\/channel\/UC9csiS6q_C3C0FYhyr1rnFA?sub_confirmation=1\" target=\"_blank\" rel=\"noreferrer noopener\">GP2<\/a><\/strong><br><strong><img decoding=\"async\" src=\"https:\/\/a.slack-edge.com\/production-standard-emoji-assets\/14.0\/google-medium\/25b6-fe0f.png\" alt=\":seta_para_frente:\">\u00a0LEIA TAMB\u00c9M: <a href=\"https:\/\/www.grandepremio.com\/br\/f2\/noticias\/gabriel-bortoleto-sai-catar-05-ponto-frente-isack-hadjar-classificacao-f2-2024\/\">Bortoleto sai do Catar 0,5 ponto \u00e0 frente de Hadjar. Confira classifica\u00e7\u00e3o da F2 2024<\/a><\/strong><\/p>\n\n\n\n<figure class=\"wp-block-embed is-type-video is-provider-youtube wp-block-embed-youtube wp-embed-aspect-4-3 wp-has-aspect-ratio\"><div class=\"wp-block-embed__wrapper\">\n<iframe loading=\"lazy\" title=\"ASSISTA ao GP do CATAR de F1 no GRANDE PR\u00caMIO | segunda tela [REACT]\" width=\"500\" height=\"281\" src=\"https:\/\/www.youtube.com\/embed\/Nqg364f-_UY?feature=oembed\" frameborder=\"0\" allow=\"accelerometer; autoplay; clipboard-write; encrypted-media; gyroscope; picture-in-picture; web-share\" referrerpolicy=\"strict-origin-when-cross-origin\" allowfullscreen><\/iframe>\n<\/div><\/figure>\n","protected":false},"excerpt":{"rendered":"<p>A Federa\u00e7\u00e3o Internacional de Automobilismo (FIA) alegou que Gabriel Bortoleto teria recebido avisos visuais e sonoros sobre o safety-car virtual, portanto teve tempo para n\u00e3o entrar no pit-lane na corrida 2 da F2 no Catar<\/p>\n","protected":false},"author":0,"featured_media":1000903969,"comment_status":"closed","ping_status":"closed","sticky":false,"template":"","format":"standard","meta":{"42wp_featured_image_caption":"","42wp_featured_image_credits":"","42wp_featured_video":"","42wp_featured_image_hidden":false,"42wp_authors_list":[],"footnotes":""},"categories":[9],"tags":[29654,1113,30246,111,32189,103,2208,35969,350,1491,28285,35029,35937,31014,41695,41692,35030,41691,32190],"42wp_author":[47147],"class_list":["post-42076","post","type-post","status-publish","format-standard","has-post-thumbnail","hentry","category-f2","tag-calendario-f2","tag-catar","tag-classificacao-f2","tag-f2","tag-f2-2024","tag-fia","tag-formula-2","tag-formula-2-2024","tag-gabriel-bortoleto","tag-grande-premio","tag-grandepremio","tag-horarios-f2","tag-invicta","tag-lusail","tag-lusail-2024","tag-lusail-f2","tag-onde-assistir-f2","tag-rodada-do-catar","tag-temporada-2024-f2","42wp_author-luana-marino"],"_links":{"self":[{"href":"https:\/\/grandepremio.com\/br\/wp-json\/wp\/v2\/posts\/42076","targetHints":{"allow":["GET"]}}],"collection":[{"href":"https:\/\/grandepremio.com\/br\/wp-json\/wp\/v2\/posts"}],"about":[{"href":"https:\/\/grandepremio.com\/br\/wp-json\/wp\/v2\/types\/post"}],"replies":[{"embeddable":true,"href":"https:\/\/grandepremio.com\/br\/wp-json\/wp\/v2\/comments?post=42076"}],"version-history":[{"count":0,"href":"https:\/\/grandepremio.com\/br\/wp-json\/wp\/v2\/posts\/42076\/revisions"}],"wp:featuredmedia":[{"embeddable":true,"href":"https:\/\/grandepremio.com\/br\/wp-json\/wp\/v2\/media\/1000903969"}],"wp:attachment":[{"href":"https:\/\/grandepremio.com\/br\/wp-json\/wp\/v2\/media?parent=42076"}],"wp:term":[{"taxonomy":"category","embeddable":true,"href":"https:\/\/grandepremio.com\/br\/wp-json\/wp\/v2\/categories?post=42076"},{"taxonomy":"post_tag","embeddable":true,"href":"https:\/\/grandepremio.com\/br\/wp-json\/wp\/v2\/tags?post=42076"},{"taxonomy":"42wp_author","embeddable":true,"href":"https:\/\/grandepremio.com\/br\/wp-json\/wp\/v2\/42wp_author?post=42076"}],"curies":[{"name":"wp","href":"https:\/\/api.w.org\/{rel}","templated":true}]}}