{"id":42179,"date":"2024-11-30T19:18:14","date_gmt":"2024-11-30T22:18:14","guid":{"rendered":"https:\/\/grandepremio.com\/br\/noticias\/kevin-magnussen-celebra-largar-frente-alpine-rb-mas-preve-duelo-apertado-catar\/"},"modified":"2024-11-30T19:19:17","modified_gmt":"2024-11-30T22:19:17","slug":"kevin-magnussen-celebra-largar-frente-alpine-rb-mas-preve-duelo-apertado-catar","status":"publish","type":"post","link":"https:\/\/grandepremio.com\/br\/f1\/kevin-magnussen-celebra-largar-frente-alpine-rb-mas-preve-duelo-apertado-catar\/","title":{"rendered":"Magnussen celebra largar \u00e0 frente de Alpine e RB, mas prev\u00ea &#8220;duelo apertado&#8221; no Catar"},"content":{"rendered":"\n<p class=\"wp-block-paragraph\">O s\u00e1bado (30) acabou como um dia positivo para <strong>Kevin Magnussen<\/strong>. Na corrida sprint, que abriu o dia, <a href=\"https:\/\/www.grandepremio.com\/br\/f1\/noticias\/oscar-piastri-lando-norris-abrir-passagem-linha-chegada-vence-corrida-sprint-gp-catar\/\">terminou na d\u00e9cima coloca\u00e7\u00e3o<\/a>, mas saiu sem pontos. No fim, o piloto da <strong>Haas <\/strong>andou bem na classifica\u00e7\u00e3o e <a href=\"https:\/\/www.grandepremio.com\/br\/f1\/noticias\/max-verstappen-desbanca-favorita-mclaren-conquista-pole-gp-do-catar-formula-1\/\">avan\u00e7ou para o Q3 e ficou dentro do top-10 no grid<\/a> do <strong>Catar<\/strong>.<\/p>\n\n\n\n<p class=\"wp-block-paragraph\">Ap\u00f3s a classifica\u00e7\u00e3o, Magnussen lamentou um erro durante a tentativa decisiva, mas admitiu que ficou feliz por se garantir \u00e0 frente das rivais <strong>RB <\/strong>e <strong>Alpine <\/strong>em <strong>Lusail<\/strong>, pensando na disputa pelo sexto lugar no <strong>Mundial de Construtores<\/strong> deste ano.<\/p>\n\n\n\n<p class=\"wp-block-paragraph\">&#8220;Foi bom entrar no Q3 da classifica\u00e7\u00e3o. Estou meio incomodado com um erro na curva 10 do jeito que foi, ent\u00e3o acho que poderia ter subido uma posi\u00e7\u00e3o. Estou bem feliz com minha coloca\u00e7\u00e3o de largada, amanh\u00e3 ser\u00e1 um dia longo, espero ter ritmo como na sprint e somar alguns pontos&#8221;, disse.<\/p>\n\n\n\n<p class=\"wp-block-paragraph\"><strong><img decoding=\"async\" src=\"https:\/\/a.slack-edge.com\/production-standard-emoji-assets\/14.0\/google-medium\/25b6-fe0f.png\" alt=\":seta_para_frente:\">\u00a0Inscreva-se nos dois canais do GRANDE PR\u00caMIO no YouTube:\u00a0<a href=\"https:\/\/www.youtube.com\/channel\/UC9OlHEgxoaY6QY6nWPoiqQg?sub_confirmation=1\" target=\"_blank\" rel=\"noreferrer noopener\">GP<\/a>\u00a0|\u00a0<a href=\"https:\/\/www.youtube.com\/channel\/UC9csiS6q_C3C0FYhyr1rnFA?sub_confirmation=1\" target=\"_blank\" rel=\"noreferrer noopener\">GP2<\/a><\/strong><br><strong><img decoding=\"async\" src=\"https:\/\/a.slack-edge.com\/production-standard-emoji-assets\/14.0\/google-medium\/25b6-fe0f.png\" alt=\":seta_para_frente:\">\u00a0LEIA TAMB\u00c9M:\u00a0<a href=\"https:\/\/www.grandepremio.com\/br\/f1\/noticias\/mclaren-tenta-anular-oportunista-mercedes-livrar-ferrari-red-bull-catar\/\">McLaren tenta anular oportunista Mercedes para se livrar de Ferrari e Red Bull no Catar<\/a><\/strong><\/p>\n\n\n\n<figure class=\"wp-block-image size-large\"><img decoding=\"async\" src=\"https:\/\/www.grandepremio.com\/br\/wp-content\/uploads\/2024\/11\/catar-2024-f1-classificacao-haas-kevin-magnussen-01-1200x800.jpg\" alt=\"\" class=\"wp-image-903396\"\/><figcaption class=\"wp-element-caption\">Kevin Magnussen conseguiu avan\u00e7ar para o Q3 e larga no top-10 em Lusail (Foto: Haas F1 Team)<\/figcaption><\/figure>\n\n\n\n<p class=\"wp-block-paragraph\">&#8220;O importante \u00e9 que conseguir me classificar \u00e0 frente de <strong>Alpine <\/strong>e <strong>RB<\/strong>, esse \u00e9 o objetivo. [Pierre] Gasly est\u00e1 bem atr\u00e1s de mim no lado limpo do grid, ent\u00e3o ser\u00e1 um duelo apertado&#8221;, acrescentou o dinamarqu\u00eas.<\/p>\n\n\n\n<p class=\"wp-block-paragraph\"><strong>Nico H\u00fclkenberg<\/strong>, outro piloto da <strong>Haas<\/strong>, at\u00e9 garantiu dois pontos com o s\u00e9timo lugar na sprint, mas n\u00e3o passou da 18\u00aa coloca\u00e7\u00e3o na classifica\u00e7\u00e3o para a corrida principal.<\/p>\n\n\n\n<p class=\"wp-block-paragraph\">O\u00a0<strong>GRANDE PR\u00caMIO<\/strong>\u00a0acompanha\u00a0<a href=\"https:\/\/www.grandepremio.com\/br\/ao-vivo\/f1\/\"><strong>AO VIVO e EM\u00a0<\/strong><\/a><a href=\"https:\/\/www.grandepremio.com\/br\/ao-vivo\/\"><\/a><strong><a href=\"https:\/\/www.grandepremio.com\/br\/ao-vivo\/\" target=\"_blank\" rel=\"noreferrer noopener\">TEMPO REAL<\/a><\/strong>\u00a0todas as atividades do\u00a0<strong>GP do Catar,\u00a0<\/strong>em\u00a0<a href=\"https:\/\/www.grandepremio.com\/br\/circuito\/lusail\/\" target=\"_blank\" rel=\"noreferrer noopener\">Lusail<\/a>, e transmite classifica\u00e7\u00f5es e corridas em segunda tela, em parceria com a Voz do Esporte, na\u00a0<a href=\"https:\/\/www.youtube.com\/c\/GrandePremioTV\/streams\"><strong>GPTV, o canal do GP no YouTube<\/strong><\/a>. Depois das atividades de cada dia, debate tudo o que aconteceu no Briefing.\u00a0A largada da corrida no Catar ser\u00e1 no\u00a0<strong>domingo (1)<\/strong>, \u00e0s\u00a0<strong>13h<\/strong>\u00a0<strong>(de Bras\u00edlia, GMT-3)<\/strong>.<\/p>\n\n\n\n<figure class=\"wp-block-embed is-type-video is-provider-youtube wp-block-embed-youtube wp-embed-aspect-16-9 wp-has-aspect-ratio\"><div class=\"wp-block-embed__wrapper\">\n<iframe loading=\"lazy\" title=\"VERSTAPPEN BATE RUSSELL e \u00e9 POLE do CATAR na F1. NORRIS D\u00c1 VIT\u00d3RIA A PIASTRI NA SPRINT | Briefing\" width=\"500\" height=\"281\" src=\"https:\/\/www.youtube.com\/embed\/lOKluyb9Ym4?feature=oembed\" frameborder=\"0\" allow=\"accelerometer; autoplay; clipboard-write; encrypted-media; gyroscope; picture-in-picture; web-share\" referrerpolicy=\"strict-origin-when-cross-origin\" allowfullscreen><\/iframe>\n<\/div><\/figure>\n","protected":false},"excerpt":{"rendered":"<p>Kevin Magnussen conseguiu mostrar bom ritmo durante a classifica\u00e7\u00e3o para o GP do Catar e garantiu um lugar no top-10. De quebra, ainda comemorou o fato de estar na frente das rivais Alpine e RB no grid<\/p>\n","protected":false},"author":0,"featured_media":1000903397,"comment_status":"closed","ping_status":"closed","sticky":false,"template":"","format":"standard","meta":{"42wp_featured_image_caption":"","42wp_featured_image_credits":"","42wp_featured_video":"","42wp_featured_image_hidden":false,"42wp_authors_list":[],"footnotes":""},"categories":[2],"tags":[26271,1113,5273,147,3230,180,30909,600,1491,28285,119,30840,117,31014,35129,33301],"42wp_author":[47135],"class_list":["post-42179","post","type-post","status-publish","format-standard","has-post-thumbnail","hentry","category-f1","tag-calendario-f1","tag-catar","tag-classificacao-f1","tag-f1","tag-f1-2024","tag-formula-1","tag-formula-1-2024","tag-gp-do-catar","tag-grande-premio","tag-grandepremio","tag-haas","tag-horarios-f1","tag-kevin-magnussen","tag-lusail","tag-onde-assistir-f1","tag-temporada-2024-f1","42wp_author-pedro-luis-cuenca"],"_links":{"self":[{"href":"https:\/\/grandepremio.com\/br\/wp-json\/wp\/v2\/posts\/42179","targetHints":{"allow":["GET"]}}],"collection":[{"href":"https:\/\/grandepremio.com\/br\/wp-json\/wp\/v2\/posts"}],"about":[{"href":"https:\/\/grandepremio.com\/br\/wp-json\/wp\/v2\/types\/post"}],"replies":[{"embeddable":true,"href":"https:\/\/grandepremio.com\/br\/wp-json\/wp\/v2\/comments?post=42179"}],"version-history":[{"count":0,"href":"https:\/\/grandepremio.com\/br\/wp-json\/wp\/v2\/posts\/42179\/revisions"}],"wp:featuredmedia":[{"embeddable":true,"href":"https:\/\/grandepremio.com\/br\/wp-json\/wp\/v2\/media\/1000903397"}],"wp:attachment":[{"href":"https:\/\/grandepremio.com\/br\/wp-json\/wp\/v2\/media?parent=42179"}],"wp:term":[{"taxonomy":"category","embeddable":true,"href":"https:\/\/grandepremio.com\/br\/wp-json\/wp\/v2\/categories?post=42179"},{"taxonomy":"post_tag","embeddable":true,"href":"https:\/\/grandepremio.com\/br\/wp-json\/wp\/v2\/tags?post=42179"},{"taxonomy":"42wp_author","embeddable":true,"href":"https:\/\/grandepremio.com\/br\/wp-json\/wp\/v2\/42wp_author?post=42179"}],"curies":[{"name":"wp","href":"https:\/\/api.w.org\/{rel}","templated":true}]}}