{"id":42345,"date":"2024-11-30T09:58:47","date_gmt":"2024-11-30T12:58:47","guid":{"rendered":"https:\/\/grandepremio.com\/br\/noticias\/formula-1-realiza-corrida-sprint-classificacao-noite-fria-sem-chance-chuva-catar\/"},"modified":"2024-11-30T11:58:41","modified_gmt":"2024-11-30T14:58:41","slug":"formula-1-realiza-corrida-sprint-classificacao-noite-fria-sem-chance-chuva-catar","status":"publish","type":"post","link":"https:\/\/grandepremio.com\/br\/f1\/formula-1-realiza-corrida-sprint-classificacao-noite-fria-sem-chance-chuva-catar\/","title":{"rendered":"F\u00f3rmula 1 realiza corrida sprint e classifica\u00e7\u00e3o em noite fria e sem chance de chuva no Catar"},"content":{"rendered":"\n<p class=\"wp-block-paragraph\">A <strong>F\u00f3rmula 1 <\/strong>est\u00e1 de volta ao Oriente M\u00e9dio neste fim de semana com o <strong>GP do Catar<\/strong>, pen\u00faltima etapa da <strong>temporada 2024<\/strong>, e a expectativa para este s\u00e1bado (30) \u00e9 que os pilotos tenham mais uma vez pela frente temperaturas baixas, ventos fortes e zero possibilidade de chuva. Confira o que diz a meteorologia para o hor\u00e1rio da corrida sprint e da classifica\u00e7\u00e3o.<\/p>\n\n\n\n<p class=\"wp-block-paragraph\">O clima bem mais ameno que o visto no ano passado, quando v\u00e1rios pilotos passaram mal por conta do intenso calor, \u00e9 consequ\u00eancia da mudan\u00e7a de data da corrida, j\u00e1 que o per\u00edodo mais frio come\u00e7a no final de novembro e vai at\u00e9 fevereiro.<\/p>\n\n\n\n<p class=\"wp-block-paragraph\">A largada da <strong>sprint<\/strong> est\u00e1 marcada para as 17h locais (<strong>11h <\/strong>de Bras\u00edlia, GMT-3), e a previs\u00e3o \u00e9 de 19\u00b0C de temperatura ambiente, com sensa\u00e7\u00e3o t\u00e9rmica em 17\u00b0C. A umidade relativa do ar fica em 65%, enquanto os ventos sopram intensos: 26 km\/h de velocidade m\u00e9dia a noroeste, com rajadas de at\u00e9 44 km\/h.<\/p>\n\n\n\n<p class=\"wp-block-paragraph\">Depois, \u00e0s 21h locais (<strong>15h <\/strong>de Bras\u00edlia, GMT-3), in\u00edcio da <strong>classifica\u00e7\u00e3o<\/strong> para a corrida de domingo, a temperatura n\u00e3o sofre varia\u00e7\u00e3o, permanecendo em 19\u00b0C e sensa\u00e7\u00e3o t\u00e9rmica de 17\u00b0C. A umidade sobe um pouco, indo a 67%, enquanto os ventos diminuem, soprando a 19 km\/h a noroeste e rajadas de at\u00e9 35 km\/h.<\/p>\n\n\n\n<figure class=\"wp-block-image size-large\"><img decoding=\"async\" src=\"https:\/\/www.grandepremio.com\/br\/wp-content\/uploads\/2024\/11\/catar-2024-f1-treinos-livres-williams-alexander-albon-02-1200x802.jpg\" alt=\"\" class=\"wp-image-902702\"\/><figcaption class=\"wp-element-caption\">Alexander Albon (Foto: Williams)<\/figcaption><\/figure>\n\n\n\n<p class=\"wp-block-paragraph\">A meteorologia ainda aponta para c\u00e9u sem nuvens e zero chance de chuva. As informa\u00e7\u00f5es s\u00e3o do servi\u00e7o de meteorologia <em>AccuWeather<\/em>.<\/p>\n\n\n\n<p class=\"wp-block-paragraph\"><strong>Lando Norris<\/strong> larga na pole-position, com <strong>George Russell<\/strong> ao lado na primeira fila. Campe\u00e3o antecipado da temporada 2024, <strong>Max Verstappen <\/strong>parte da sexta posi\u00e7\u00e3o. <\/p>\n\n\n\n<p class=\"wp-block-paragraph\">O\u00a0<strong>GRANDE PR\u00caMIO<\/strong>\u00a0acompanha\u00a0<a href=\"https:\/\/www.grandepremio.com\/br\/ao-vivo\/f1\/\"><strong>AO VIVO e EM\u00a0<\/strong><\/a><a href=\"https:\/\/www.grandepremio.com\/br\/ao-vivo\/\"><\/a><strong><a href=\"https:\/\/www.grandepremio.com\/br\/ao-vivo\/\" target=\"_blank\" rel=\"noreferrer noopener\">TEMPO REAL<\/a><\/strong>\u00a0todas as atividades do\u00a0<strong>GP do Catar,\u00a0<\/strong>em\u00a0<a href=\"https:\/\/www.grandepremio.com\/br\/circuito\/lusail\/\" target=\"_blank\" rel=\"noreferrer noopener\">Lusail<\/a>, e transmite classifica\u00e7\u00f5es e corridas em segunda tela, em parceria com a Voz do Esporte, na\u00a0<a href=\"https:\/\/www.youtube.com\/c\/GrandePremioTV\/streams\"><strong>GPTV, o canal do GP no YouTube<\/strong><\/a>. Depois das atividades de cada dia, debate tudo o que aconteceu no Briefing.\u00a0No s\u00e1bado (30), os pilotos retornam para a largada da prova curta \u00e0s\u00a0<strong>11h<\/strong>\u00a0(de Bras\u00edlia, GMT-3). Em seguida, \u00e0s\u00a0<strong>15h<\/strong>, disputam a\u00a0<strong>classifica\u00e7\u00e3o<\/strong>. Por fim, a largada da corrida no Catar ser\u00e1 no\u00a0<strong>domingo (1)<\/strong>, \u00e0s\u00a0<strong>13h<\/strong>.<\/p>\n\n\n\n<p class=\"wp-block-paragraph\"><strong><img decoding=\"async\" src=\"https:\/\/a.slack-edge.com\/production-standard-emoji-assets\/14.0\/google-medium\/25b6-fe0f.png\" alt=\":seta_para_frente:\">&nbsp;Inscreva-se nos dois canais do GRANDE PR\u00caMIO no YouTube:&nbsp;<a href=\"https:\/\/www.youtube.com\/channel\/UC9OlHEgxoaY6QY6nWPoiqQg?sub_confirmation=1\" target=\"_blank\" rel=\"noreferrer noopener\">GP<\/a>&nbsp;|&nbsp;<a href=\"https:\/\/www.youtube.com\/channel\/UC9csiS6q_C3C0FYhyr1rnFA?sub_confirmation=1\" target=\"_blank\" rel=\"noreferrer noopener\">GP2<\/a><\/strong><br><strong><img decoding=\"async\" src=\"https:\/\/a.slack-edge.com\/production-standard-emoji-assets\/14.0\/google-medium\/25b6-fe0f.png\" alt=\":seta_para_frente:\">&nbsp;LEIA TAMB\u00c9M:&nbsp;<a href=\"https:\/\/www.grandepremio.com\/br\/f1\/noticias\/mclaren-tenta-anular-oportunista-mercedes-livrar-ferrari-red-bull-catar\/\">McLaren tenta anular oportunista Mercedes para se livrar de Ferrari e Red Bull no Catar<\/a><\/strong><\/p>\n\n\n\n<figure class=\"wp-block-embed is-type-video is-provider-youtube wp-block-embed-youtube wp-embed-aspect-16-9 wp-has-aspect-ratio\"><div class=\"wp-block-embed__wrapper\">\n<iframe loading=\"lazy\" title=\"Schumacher SE LIBERTA de Mercedes e cai na real: BONDE DA F1 J\u00c1 PASSOU\" width=\"500\" height=\"281\" src=\"https:\/\/www.youtube.com\/embed\/QYGlHe5l4KE?feature=oembed\" frameborder=\"0\" allow=\"accelerometer; autoplay; clipboard-write; encrypted-media; gyroscope; picture-in-picture; web-share\" referrerpolicy=\"strict-origin-when-cross-origin\" allowfullscreen><\/iframe>\n<\/div><\/figure>\n","protected":false},"excerpt":{"rendered":"<p>Segundo a meteorologia, os term\u00f4metros no Catar ficam em 19\u00b0C tanto na corrida sprint quanto na classifica\u00e7\u00e3o. Confira a previs\u00e3o completa<\/p>\n","protected":false},"author":0,"featured_media":1000902696,"comment_status":"closed","ping_status":"closed","sticky":false,"template":"","format":"standard","meta":{"42wp_featured_image_caption":"","42wp_featured_image_credits":"","42wp_featured_video":"","42wp_featured_image_hidden":false,"42wp_authors_list":[],"footnotes":""},"categories":[2],"tags":[26271,1113,5273,147,3230,180,30909,600,41740,1491,28285,30840,31014,41695,36668,35129,33301],"42wp_author":[47147],"class_list":["post-42345","post","type-post","status-publish","format-standard","has-post-thumbnail","hentry","category-f1","tag-calendario-f1","tag-catar","tag-classificacao-f1","tag-f1","tag-f1-2024","tag-formula-1","tag-formula-1-2024","tag-gp-do-catar","tag-gp-do-catar-f1","tag-grande-premio","tag-grandepremio","tag-horarios-f1","tag-lusail","tag-lusail-2024","tag-lusail-f1","tag-onde-assistir-f1","tag-temporada-2024-f1","42wp_author-luana-marino"],"_links":{"self":[{"href":"https:\/\/grandepremio.com\/br\/wp-json\/wp\/v2\/posts\/42345","targetHints":{"allow":["GET"]}}],"collection":[{"href":"https:\/\/grandepremio.com\/br\/wp-json\/wp\/v2\/posts"}],"about":[{"href":"https:\/\/grandepremio.com\/br\/wp-json\/wp\/v2\/types\/post"}],"replies":[{"embeddable":true,"href":"https:\/\/grandepremio.com\/br\/wp-json\/wp\/v2\/comments?post=42345"}],"version-history":[{"count":0,"href":"https:\/\/grandepremio.com\/br\/wp-json\/wp\/v2\/posts\/42345\/revisions"}],"wp:featuredmedia":[{"embeddable":true,"href":"https:\/\/grandepremio.com\/br\/wp-json\/wp\/v2\/media\/1000902696"}],"wp:attachment":[{"href":"https:\/\/grandepremio.com\/br\/wp-json\/wp\/v2\/media?parent=42345"}],"wp:term":[{"taxonomy":"category","embeddable":true,"href":"https:\/\/grandepremio.com\/br\/wp-json\/wp\/v2\/categories?post=42345"},{"taxonomy":"post_tag","embeddable":true,"href":"https:\/\/grandepremio.com\/br\/wp-json\/wp\/v2\/tags?post=42345"},{"taxonomy":"42wp_author","embeddable":true,"href":"https:\/\/grandepremio.com\/br\/wp-json\/wp\/v2\/42wp_author?post=42345"}],"curies":[{"name":"wp","href":"https:\/\/api.w.org\/{rel}","templated":true}]}}