{"id":42464,"date":"2024-11-29T16:47:15","date_gmt":"2024-11-29T19:47:15","guid":{"rendered":"https:\/\/grandepremio.com\/br\/noticias\/lewis-hamilton-resume-classificacao-sprint-catar-todas-outras-apenas-lento\/"},"modified":"2024-11-29T17:19:03","modified_gmt":"2024-11-29T20:19:03","slug":"lewis-hamilton-resume-classificacao-sprint-catar-todas-outras-apenas-lento","status":"publish","type":"post","link":"https:\/\/grandepremio.com\/br\/f1\/lewis-hamilton-resume-classificacao-sprint-catar-todas-outras-apenas-lento\/","title":{"rendered":"Hamilton resume classifica\u00e7\u00e3o sprint do Catar &#8220;a todas as outras&#8221;: &#8220;Sou apenas lento&#8221;"},"content":{"rendered":"\n<p class=\"wp-block-paragraph\"><strong>Lewis Hamilton<\/strong> resumiu a ser &#8220;apenas lento&#8221; ao justificar a s\u00e9tima posi\u00e7\u00e3o <a href=\"https:\/\/www.grandepremio.com\/br\/f1\/noticias\/lando-norris-controla-situacao-anota-pole-classificacao-sprint-gp-do-catar-formula-1\/\">na classifica\u00e7\u00e3o sprint desta sexta-feira (29)<\/a>, no <strong>Catar<\/strong>. Novamente distante do companheiro de equipe, <strong>George Russell<\/strong>, que ficou em segundo, o heptacampe\u00e3o reconheceu que o carro estava &#8220;relativamente bom&#8221;, portanto n\u00e3o havia mais o que falar.<\/p>\n\n\n\n<p class=\"wp-block-paragraph\">Hamilton fez a sua melhor volta em 1min21s474, 0s399 pior que o tempo que deu a primeira fila a Russell. A pole-position ficou com <strong>Lando Norris<\/strong>, da <strong>McLaren<\/strong>.<\/p>\n\n\n\n<p class=\"wp-block-paragraph\">Em entrevista \u00e0 emissora brit\u00e2nica <em>Sky Sports<\/em>, Lewis foi direto ao ser perguntado sobre a classifica\u00e7\u00e3o: &#8220;Sou apenas lento.&#8221;<\/p>\n\n\n\n<p class=\"wp-block-paragraph\">&#8220;Foi igual a todas as outras classifica\u00e7\u00f5es, n\u00e3o foi muito boa. Sou lento, apenas. O mesmo acontece todo fim de semana. O carro estava relativamente bom. Sem problemas. N\u00e3o h\u00e1 muito mais a dizer&#8221;, seguiu.<\/p>\n\n\n\n<figure class=\"wp-block-image size-large\"><img decoding=\"async\" src=\"https:\/\/www.grandepremio.com\/br\/wp-content\/uploads\/2024\/11\/catar-2024-f1-classificacao-sprint-mercedes-lewis-hamilton-02-1200x800.jpg\" alt=\"\" class=\"wp-image-902807\"\/><figcaption class=\"wp-element-caption\">Lewis Hamilton (Foto: F1)<\/figcaption><\/figure>\n\n\n\n<p class=\"wp-block-paragraph\">Para a prova curta de s\u00e1bado, Lewis explicou que a simula\u00e7\u00e3o de corrida da Mercedes &#8220;n\u00e3o foi muito ruim&#8221;, mas n\u00e3o se animou com a chance de conseguir alguma coisa. &#8220;Quando se est\u00e1 h\u00e1 muito tempo onde estou, \u00e9 quase imposs\u00edvel competir por vit\u00f3rias.&#8221;<\/p>\n\n\n\n<p class=\"wp-block-paragraph\">&#8220;Mas a sprint \u00e9 assim. Farei o poss\u00edvel amanh\u00e3&#8221;, completou Hamilton, que tamb\u00e9m n\u00e3o destacou nenhum ponto positivo em especial no carro. <\/p>\n\n\n\n<p class=\"wp-block-paragraph\">&#8220;O ponto positivo \u00e9 que o carro \u00e9 r\u00e1pido e George pode fazer a pole amanh\u00e3. Quem sabe? Eu n\u00e3o sou r\u00e1pido, definitivamente&#8221;, encerrou.<\/p>\n\n\n\n<p class=\"wp-block-paragraph\">O&nbsp;<strong>GRANDE PR\u00caMIO<\/strong>&nbsp;acompanha&nbsp;<a href=\"https:\/\/www.grandepremio.com\/br\/ao-vivo\/f1\/\"><strong>AO VIVO e EM&nbsp;<\/strong><\/a><a href=\"https:\/\/www.grandepremio.com\/br\/ao-vivo\/\"><\/a><strong><a href=\"https:\/\/www.grandepremio.com\/br\/ao-vivo\/\" target=\"_blank\" rel=\"noreferrer noopener\">TEMPO REAL<\/a><\/strong>&nbsp;todas as atividades do&nbsp;<strong>GP do Catar,&nbsp;<\/strong>em&nbsp;<a href=\"https:\/\/www.grandepremio.com\/br\/circuito\/lusail\/\" target=\"_blank\" rel=\"noreferrer noopener\">Lusail<\/a>, e transmite classifica\u00e7\u00f5es e corridas em segunda tela, em parceria com a Voz do Esporte, na&nbsp;<a href=\"https:\/\/www.youtube.com\/c\/GrandePremioTV\/streams\"><strong>GPTV, o canal do GP no YouTube<\/strong><\/a>. Depois das atividades de cada dia, debate tudo o que aconteceu no Briefing.&nbsp;No s\u00e1bado (30), os pilotos retornam para a largada da prova curta \u00e0s&nbsp;<strong>11h<\/strong>&nbsp;(de Bras\u00edlia, GMT-3). Em seguida, \u00e0s&nbsp;<strong>15h<\/strong>, disputam a&nbsp;<strong>classifica\u00e7\u00e3o<\/strong>. Por fim, a largada da corrida no Catar ser\u00e1 no&nbsp;<strong>domingo (1)<\/strong>, \u00e0s&nbsp;<strong>13h<\/strong>.<\/p>\n\n\n\n<p class=\"wp-block-paragraph\"><strong><img decoding=\"async\" src=\"https:\/\/a.slack-edge.com\/production-standard-emoji-assets\/14.0\/google-medium\/25b6-fe0f.png\" alt=\":seta_para_frente:\">&nbsp;Inscreva-se nos dois canais do GRANDE PR\u00caMIO no YouTube:&nbsp;<a href=\"https:\/\/www.youtube.com\/channel\/UC9OlHEgxoaY6QY6nWPoiqQg?sub_confirmation=1\" target=\"_blank\" rel=\"noreferrer noopener\">GP<\/a>&nbsp;|&nbsp;<a href=\"https:\/\/www.youtube.com\/channel\/UC9csiS6q_C3C0FYhyr1rnFA?sub_confirmation=1\" target=\"_blank\" rel=\"noreferrer noopener\">GP2<\/a><\/strong><br><strong><img decoding=\"async\" src=\"https:\/\/a.slack-edge.com\/production-standard-emoji-assets\/14.0\/google-medium\/25b6-fe0f.png\" alt=\":seta_para_frente:\">&nbsp;LEIA TAMB\u00c9M:&nbsp;<a href=\"https:\/\/www.grandepremio.com\/br\/f1\/noticias\/lando-norris-x-charles-leclerc-mclaren-x-ferrari-ainda-esta-em-jogo-reta-final-f1-2024\/\">Norris x Leclerc, McLaren x Ferrari: o que ainda est\u00e1 em jogo na reta final da F1 2024<\/a><\/strong><\/p>\n\n\n\n<figure class=\"wp-block-embed is-type-video is-provider-youtube wp-block-embed-youtube wp-embed-aspect-16-9 wp-has-aspect-ratio\"><div class=\"wp-block-embed__wrapper\">\n<iframe loading=\"lazy\" title=\"NORRIS POLE, RUSSELL 2\u00ba e VERSTAPPEN 6\u00ba: a CLASSIFICA\u00c7\u00c3O SPRINT da F1 no CATAR | Briefing\" width=\"500\" height=\"281\" src=\"https:\/\/www.youtube.com\/embed\/hEWPvXH-t80?feature=oembed\" frameborder=\"0\" allow=\"accelerometer; autoplay; clipboard-write; encrypted-media; gyroscope; picture-in-picture; web-share\" referrerpolicy=\"strict-origin-when-cross-origin\" allowfullscreen><\/iframe>\n<\/div><\/figure>\n","protected":false},"excerpt":{"rendered":"<p>Lewis Hamilton disse que o ponto positivo do fim de semana \u00e9 que o carro da Mercedes \u00e9 r\u00e1pido e George Russell pode brigar pela pole, j\u00e1 que ele &#8220;n\u00e3o \u00e9 r\u00e1pido&#8221;<\/p>\n","protected":false},"author":0,"featured_media":1000902806,"comment_status":"closed","ping_status":"closed","sticky":false,"template":"","format":"standard","meta":{"42wp_featured_image_caption":"","42wp_featured_image_credits":"","42wp_featured_video":"","42wp_featured_image_hidden":false,"42wp_authors_list":[],"footnotes":""},"categories":[2],"tags":[26271,1113,5273,147,3230,180,30909,800,600,41740,1491,28285,30840,87,31014,41695,36668,82,35129,33301],"42wp_author":[47147],"class_list":["post-42464","post","type-post","status-publish","format-standard","has-post-thumbnail","hentry","category-f1","tag-calendario-f1","tag-catar","tag-classificacao-f1","tag-f1","tag-f1-2024","tag-formula-1","tag-formula-1-2024","tag-george-russell","tag-gp-do-catar","tag-gp-do-catar-f1","tag-grande-premio","tag-grandepremio","tag-horarios-f1","tag-lewis-hamilton","tag-lusail","tag-lusail-2024","tag-lusail-f1","tag-mercedes","tag-onde-assistir-f1","tag-temporada-2024-f1","42wp_author-luana-marino"],"_links":{"self":[{"href":"https:\/\/grandepremio.com\/br\/wp-json\/wp\/v2\/posts\/42464","targetHints":{"allow":["GET"]}}],"collection":[{"href":"https:\/\/grandepremio.com\/br\/wp-json\/wp\/v2\/posts"}],"about":[{"href":"https:\/\/grandepremio.com\/br\/wp-json\/wp\/v2\/types\/post"}],"replies":[{"embeddable":true,"href":"https:\/\/grandepremio.com\/br\/wp-json\/wp\/v2\/comments?post=42464"}],"version-history":[{"count":0,"href":"https:\/\/grandepremio.com\/br\/wp-json\/wp\/v2\/posts\/42464\/revisions"}],"wp:featuredmedia":[{"embeddable":true,"href":"https:\/\/grandepremio.com\/br\/wp-json\/wp\/v2\/media\/1000902806"}],"wp:attachment":[{"href":"https:\/\/grandepremio.com\/br\/wp-json\/wp\/v2\/media?parent=42464"}],"wp:term":[{"taxonomy":"category","embeddable":true,"href":"https:\/\/grandepremio.com\/br\/wp-json\/wp\/v2\/categories?post=42464"},{"taxonomy":"post_tag","embeddable":true,"href":"https:\/\/grandepremio.com\/br\/wp-json\/wp\/v2\/tags?post=42464"},{"taxonomy":"42wp_author","embeddable":true,"href":"https:\/\/grandepremio.com\/br\/wp-json\/wp\/v2\/42wp_author?post=42464"}],"curies":[{"name":"wp","href":"https:\/\/api.w.org\/{rel}","templated":true}]}}