{"id":42562,"date":"2024-11-29T11:32:01","date_gmt":"2024-11-29T14:32:01","guid":{"rendered":"https:\/\/grandepremio.com\/br\/noticias\/charles-leclerc-bate-mclaren-comanda-unico-treino-livre-gp-catar-formula-1\/"},"modified":"2024-11-29T11:55:18","modified_gmt":"2024-11-29T14:55:18","slug":"charles-leclerc-bate-mclaren-comanda-unico-treino-livre-gp-catar-formula-1","status":"publish","type":"post","link":"https:\/\/grandepremio.com\/br\/f1\/charles-leclerc-bate-mclaren-comanda-unico-treino-livre-gp-catar-formula-1\/","title":{"rendered":"Leclerc bate McLaren e comanda \u00fanico treino livre do GP do Catar de F\u00f3rmula 1"},"content":{"rendered":"\n<p class=\"wp-block-paragraph\"><strong>Charles Leclerc <\/strong>comandou o <strong>treino livre <\/strong>do<strong> GP do Catar<\/strong> de <strong>F\u00f3rmula 1<\/strong>, realizado nesta sexta-feira (29). O monegasco foi o mais r\u00e1pido tanto com os pneus duros quanto com os macios, usados nos minutos finais, e fechou a sess\u00e3o com 1min21s953. <strong>Lando Norris<\/strong> e <strong>Oscar Piastri<\/strong> vieram na sequ\u00eancia com a <strong>McLaren<\/strong>.<\/p>\n\n\n\n<p class=\"wp-block-paragraph\">Com somente um treino livre \u00e0 disposi\u00e7\u00e3o por conta do fim de semana de sprint, a Ferrari focou em trabalhar bastante com os pneus duros no circuito catari, enquanto as rivais diretas andaram com os m\u00e9dios em boa parte do tempo. E mesmo assim, os italianos comandaram praticamente toda a sess\u00e3o, n\u00e3o usando os m\u00e9dios em nenhum momento.<\/p>\n\n\n\n<p class=\"wp-block-paragraph\">Nesse instante, quem mais chegou perto foi a McLaren, com Norris novamente andando melhor que o companheiro de equipe, Piastri. Os dois, todavia, deram alguns passeios na brita durante a sess\u00e3o \u2014 situa\u00e7\u00e3o, ali\u00e1s, que se repetiu com outros carros, como <strong>Sergio P\u00e9rez<\/strong>, que novamente andou distante do parceiro de Red Bull.<\/p>\n\n\n\n<p class=\"wp-block-paragraph\">J\u00e1 <strong>Pierre Gasly<\/strong>, aguerrido, foi \u00e0 luta mais uma vez e conseguiu colocar a Alpine constantemente no top-10 com os m\u00e9dios \u2014 algumas vezes no top-3, dando sinais de que ao menos seria p\u00e1reo duro contra os advers\u00e1rios diretos no Mundial de Construtores.<\/p>\n\n\n\n<p class=\"wp-block-paragraph\">Nos dez minutos finais, os macios entraram em a\u00e7\u00e3o, mas a Ferrari continuou forte, s\u00f3 que, dessa vez, os carros da McLaren, com Norris \u00e0 frente de Piastri, colocaram-se entre o monegasco e Sainz. A Mercedes \u00e9 que n\u00e3o conseguiu repetir o ritmo de Las Vegas e foi mais discreta. Destaque para George Russell, de novo andando \u00e0 frente de Lewis Hamilton.<\/p>\n\n\n\n<p class=\"wp-block-paragraph\">O top-10, portanto, ficou assim: Leclerc, Norris, Piastri, Sainz, Yuki Tsunoda, Valtteri Bottas, Lance Stroll, Russell, Alexander Albon e Lewis Hamilton. J\u00e1 campe\u00e3o, Max Verstappen ficou em 11\u00ba.<\/p>\n\n\n\n<p class=\"wp-block-paragraph\">O&nbsp;<strong>GRANDE PR\u00caMIO<\/strong>&nbsp;acompanha&nbsp;<a href=\"https:\/\/www.grandepremio.com\/br\/ao-vivo\/f1\/\"><strong>AO VIVO e EM&nbsp;<\/strong><\/a><a href=\"https:\/\/www.grandepremio.com\/br\/ao-vivo\/\"><\/a><strong><a href=\"https:\/\/www.grandepremio.com\/br\/ao-vivo\/\" target=\"_blank\" rel=\"noreferrer noopener\">TEMPO REAL<\/a><\/strong>&nbsp;todas as atividades do&nbsp;<strong>GP do Catar,&nbsp;<\/strong>em&nbsp;<a href=\"https:\/\/www.grandepremio.com\/br\/circuito\/lusail\/\" target=\"_blank\" rel=\"noreferrer noopener\">Lusail<\/a>, e transmite classifica\u00e7\u00f5es e corridas em segunda tela, em parceria com a Voz do Esporte, na&nbsp;<a href=\"https:\/\/www.youtube.com\/c\/GrandePremioTV\/streams\"><strong>GPTV, o canal do GP no YouTube<\/strong><\/a>. Depois das atividades de cada dia, debate tudo o que aconteceu no Briefing.&nbsp;Na&nbsp;<strong>sexta-feira (29)<\/strong>, \u00e0s&nbsp;<strong>14h30<\/strong> (de Bras\u00edlia, GMT-3), os pilotos realizam&nbsp;<strong>a classifica\u00e7\u00e3o sprint<\/strong>. No s\u00e1bado (30), retornam para a largada da prova curta \u00e0s&nbsp;<strong>11h<\/strong>. Em seguida, \u00e0s&nbsp;<strong>15h<\/strong>, disputam a&nbsp;<strong>classifica\u00e7\u00e3o<\/strong>. Por fim, a largada da corrida no Catar ser\u00e1 no&nbsp;<strong>domingo (1)<\/strong>, \u00e0s&nbsp;<strong>13h<\/strong>.<\/p>\n\n\n\n<figure class=\"wp-block-image size-large\"><img decoding=\"async\" src=\"https:\/\/www.grandepremio.com\/br\/wp-content\/uploads\/2024\/11\/catar-2024-f1-treinos-livres-mclaren-oscar-piastri-01-1200x800.jpg\" alt=\"\" class=\"wp-image-902645\"\/><figcaption class=\"wp-element-caption\">Oscar Piastri (Foto: McLaren)<\/figcaption><\/figure>\n\n\n\n<h2 class=\"wp-block-heading\" id=\"h-confira-como-foi-o-treino-livre-da-f1-em-lusail\">Confira como foi o treino livre da F1 em Lusail:<\/h2>\n\n\n\n<p class=\"wp-block-paragraph\">Ao contr\u00e1rio do completo caos da edi\u00e7\u00e3o de 2023 por conta do intenso calor, a decis\u00e3o da <strong>FIA <\/strong>de jogar a etapa catari para o fim de novembro e in\u00edcio de dezembro proporcionou aos pilotos um clima muito mais ameno para as atividades. No momento do in\u00edcio do treino livre, os term\u00f4metros registravam 21\u00b0C de temperatura ambiente, com asfalto em 26\u00b0C e umidade relativa do ar em 55%. Os ventos eram, contudo, o que mais preocupava, j\u00e1 que o circuito de <strong>Lusail<\/strong> \u00e9 mais um no meio do deserto e costuma ter contratempos com a areia levada para a pista.<\/p>\n\n\n\n<p class=\"wp-block-paragraph\">Os pilotos, portanto, pegaram um asfalto bem sujo no in\u00edcio, mas que foi evoluindo gradativamente ao longo da atividade. Nos dez primeiros minutos, Verstappen, de m\u00e9dios, estabeleceu 1min25s612 como marca a ser batida, s\u00f3 que Leclerc conseguiu superar a volta em 0s126 \u2014 detalhe, com pneus duros.<\/p>\n\n\n\n<p class=\"wp-block-paragraph\">Russell, ent\u00e3o, colocou a Mercedes no topo com 1min24s901, mesmo reclamando dos freios pelo r\u00e1dio. Norris, por sua vez, cravou o segundo melhor tempo, a apenas 0s076 da volta do #63. Sainz tamb\u00e9m passou o companheiro de equipe, que caiu para quarto.<\/p>\n\n\n\n<p class=\"wp-block-paragraph\">Enquanto Tsunoda achava o terceiro tempo na classifica\u00e7\u00e3o e Gasly assumia a ponta, Leclerc veio com as duas melhores primeiras parciais dele, mas perdeu tempo no setor final e n\u00e3o conseguiu subir na tabela. Quem melhorou bastante, em contrapartida, foi Verstappen, que pintou todos os setores de roxo e colocou nada menos que 0s9 sobre Gasly ao virar 1min23s885.<\/p>\n\n\n\n<p class=\"wp-block-paragraph\">Norris e Russell tamb\u00e9m melhoraram tempo nas voltas seguintes, ficando respectivamente atr\u00e1s do agora tetracampe\u00e3o mundial. Com 15 minutos completados, o top-10 era formado por Verstappen, Norris, Russell, Gasly, P\u00e9rez, Tsunoda, Piastri, Sainz, Ocon e Leclerc. Dentre esses, apenas os carros da Ferrari rodavam com os pneus de faixa branca.<\/p>\n\n\n\n<p class=\"wp-block-paragraph\">Em mais uma tentativa, Charles fez o melhor primeiro setor e recuperou a ponta com 1min23s702. Gasly tamb\u00e9m conseguiu saltar para terceiro gra\u00e7as ao melhor segundo trecho do circuito de Lusail. Enquanto isso, na parte de baixo, Colapinto ocupava somente a \u00faltima posi\u00e7\u00e3o. Os carros da Haas, com Magnussen \u00e0 frente de H\u00fclkenberg, tamb\u00e9m surgiam s\u00f3 em 17\u00ba e 18\u00ba.<\/p>\n\n\n\n<p class=\"wp-block-paragraph\">Com o cair da noite, perto da marca de 30 minutos de sess\u00e3o, enquanto Norris errava a curva 5 e levantava poeira no deserto, Leclerc ainda mantinha a Ferrari no topo. Sainz, ent\u00e3o, chegou bem perto do tempo do companheiro de equipe e pulou para segundo, 0s119 atr\u00e1s. Piastri tamb\u00e9m for\u00e7ou o ritmo em busca de um giro melhor, mas foi outro a escapar e levar brita para o asfalto, permanecendo apenas em 14\u00ba.<\/p>\n\n\n\n<p class=\"wp-block-paragraph\">Com 22 minutos para o fim, Sainz, ainda de pneus duros, fez todos os melhores setores e deu o troco em Leclerc, assumindo a ponta com 1min23s068. J\u00e1 a Mercedes figurava em oitavo e 12\u00ba com Russell, e Hamilton, respectivamente, depois de dominar a etapa anterior, em Las Vegas. Verstappen era o quinto.<\/p>\n\n\n\n<p class=\"wp-block-paragraph\">As posi\u00e7\u00f5es na tabela s\u00f3 sofreram altera\u00e7\u00f5es quando os macios entraram em a\u00e7\u00e3o, por\u00e9m a Ferrari continuou na lideran\u00e7a com Leclerc. A McLaren \u00e9 que deu um bom salto, fechando o top-3 e jogando Sainz para quarto. Destaque tamb\u00e9m para Tsunoda, mais uma vez andando \u00e0 frente de Liam Lawson, e Bottas, que achou lugarzinho no top-10.<\/p>\n\n\n\n<h3 class=\"wp-block-heading\" id=\"h-f1-2024-gp-do-catar-lusail-treino-livre-1\">F1 2024, GP do Catar, Lusail, Treino livre 1:<\/h3>\n\n\n\n<figure class=\"wp-block-table\"><table><tbody><tr><td><strong>1<\/strong><\/td><td>C LECLERC<\/td><td>Ferrari<\/td><td>1:21.953<\/td><td>&nbsp;<\/td><td>30<\/td><\/tr><tr><td><strong>2<\/strong><\/td><td>L NORRIS<\/td><td>McLaren Mercedes<\/td><td>1:22.378<\/td><td>+0.425<\/td><td>24<\/td><\/tr><tr><td><strong>3<\/strong><\/td><td>O PIASTRI<\/td><td>McLaren Mercedes<\/td><td>1:22.425<\/td><td>+0.472<\/td><td>26<\/td><\/tr><tr><td><strong>4<\/strong><\/td><td>C SAINZ<\/td><td>Ferrari<\/td><td>1:22.535<\/td><td>+0.582<\/td><td>30<\/td><\/tr><tr><td><strong>5<\/strong><\/td><td>Y TSUNODA<\/td><td>RB Honda<\/td><td>1:23.045<\/td><td>+1.092<\/td><td>27<\/td><\/tr><tr><td><strong>6<\/strong><\/td><td>V BOTTAS<\/td><td>Sauber Ferrari<\/td><td>1:23.064<\/td><td>+1.111<\/td><td>29<\/td><\/tr><tr><td><strong>7<\/strong><\/td><td>L STROLL<\/td><td>Aston Martin Mercedes<\/td><td>1:23.099<\/td><td>+1.146<\/td><td>24<\/td><\/tr><tr><td><strong>8<\/strong><\/td><td>G RUSSELL<\/td><td>Mercedes<\/td><td>1:23.160<\/td><td>+1.207<\/td><td>27<\/td><\/tr><tr><td><strong>9<\/strong><\/td><td>A ALBON<\/td><td>Williams Mercedes<\/td><td>1:23.161<\/td><td>+1.208<\/td><td>29<\/td><\/tr><tr><td><strong>10<\/strong><\/td><td>L HAMILTON<\/td><td>Mercedes<\/td><td>1:23.188<\/td><td>+1.235<\/td><td>26<\/td><\/tr><tr><td><strong>11<\/strong><\/td><td>M VERSTAPPEN<\/td><td>Red Bull Honda<\/td><td>1:23.213<\/td><td>+1.260<\/td><td>26<\/td><\/tr><tr><td><strong>12<\/strong><\/td><td>F ALONSO<\/td><td>Aston Martin Mercedes<\/td><td>1:23.227<\/td><td>+1.274<\/td><td>24<\/td><\/tr><tr><td><strong>13<\/strong><\/td><td>N H\u00dcLKENBERG<\/td><td>Haas Ferrari<\/td><td>1:23.245<\/td><td>+1.292<\/td><td>27<\/td><\/tr><tr><td><strong>14<\/strong><\/td><td>L LAWSON<\/td><td>RB Honda<\/td><td>1:23.562<\/td><td>+1.609<\/td><td>29<\/td><\/tr><tr><td><strong>15<\/strong><\/td><td>P GASLY<\/td><td>Alpine<\/td><td>1:23.620<\/td><td>+1.667<\/td><td>28<\/td><\/tr><tr><td><strong>16<\/strong><\/td><td>K MAGNUSSEN<\/td><td>Haas Ferrari<\/td><td>1:23.715<\/td><td>+1.762<\/td><td>27<\/td><\/tr><tr><td><strong>17<\/strong><\/td><td>G ZHOU<\/td><td>Sauber Ferrari<\/td><td>1:23.880<\/td><td>+1.927<\/td><td>27<\/td><\/tr><tr><td><strong>18<\/strong><\/td><td>S P\u00c9REZ<\/td><td>Red Bull Honda<\/td><td>1:24.039<\/td><td>+2.086<\/td><td>26<\/td><\/tr><tr><td><strong>19<\/strong><\/td><td>F COLAPINTO<\/td><td>Williams Mercedes<\/td><td>1:24.200<\/td><td>+2.247<\/td><td>29<\/td><\/tr><tr><td><strong>20<\/strong><\/td><td>E OCON<\/td><td>Alpine<\/td><td>1:24.280<\/td><td>+2.327<\/td><td>21<\/td><\/tr><\/tbody><\/table><\/figure>\n","protected":false},"excerpt":{"rendered":"<p>Charles Leclerc colocou a Ferrari no topo do treino livre da F\u00f3rmula 1 no Catar, realizado nesta sexta-feira (29). O monegasco assegurou a melhor volta com 1min21s953<\/p>\n","protected":false},"author":0,"featured_media":1000902689,"comment_status":"closed","ping_status":"closed","sticky":false,"template":"","format":"standard","meta":{"42wp_featured_image_caption":"","42wp_featured_image_credits":"","42wp_featured_video":"","42wp_featured_image_hidden":false,"42wp_authors_list":[],"footnotes":""},"categories":[2],"tags":[1417,457,20491,309,26271,546,1113,41694,30090,209,5273,302,147,3230,176,207,180,30909,25440,800,600,41740,1491,28285,3746,119,30840,117,485,547,87,595,31014,41695,36668,203,90,82,1521,35129,2916,676,39061,204,3132,33301,612,215,597],"42wp_author":[47147],"class_list":["post-42562","post","type-post","status-publish","format-standard","has-post-thumbnail","hentry","category-f1","tag-alex-albon","tag-alfa-romeo","tag-alpine","tag-aston-martin","tag-calendario-f1","tag-carlos-sainz","tag-catar","tag-catar-2024","tag-catar-f1","tag-charles-leclerc","tag-classificacao-f1","tag-esteban-ocon","tag-f1","tag-f1-2024","tag-fernando-alonso","tag-ferrari","tag-formula-1","tag-formula-1-2024","tag-franco-colapinto","tag-george-russell","tag-gp-do-catar","tag-gp-do-catar-f1","tag-grande-premio","tag-grandepremio","tag-guanyu-zhou","tag-haas","tag-horarios-f1","tag-kevin-magnussen","tag-lance-stroll","tag-lando-norris","tag-lewis-hamilton","tag-liam-lawson","tag-lusail","tag-lusail-2024","tag-lusail-f1","tag-max-verstappen","tag-mclaren","tag-mercedes","tag-nico-hulkenberg","tag-onde-assistir-f1","tag-oscar-piastri","tag-pierre-gasly","tag-rb-2","tag-red-bull","tag-sergio-perez","tag-temporada-2024-f1","tag-valtteri-bottas","tag-williams","tag-yuki-tsunoda","42wp_author-luana-marino"],"_links":{"self":[{"href":"https:\/\/grandepremio.com\/br\/wp-json\/wp\/v2\/posts\/42562","targetHints":{"allow":["GET"]}}],"collection":[{"href":"https:\/\/grandepremio.com\/br\/wp-json\/wp\/v2\/posts"}],"about":[{"href":"https:\/\/grandepremio.com\/br\/wp-json\/wp\/v2\/types\/post"}],"replies":[{"embeddable":true,"href":"https:\/\/grandepremio.com\/br\/wp-json\/wp\/v2\/comments?post=42562"}],"version-history":[{"count":0,"href":"https:\/\/grandepremio.com\/br\/wp-json\/wp\/v2\/posts\/42562\/revisions"}],"wp:featuredmedia":[{"embeddable":true,"href":"https:\/\/grandepremio.com\/br\/wp-json\/wp\/v2\/media\/1000902689"}],"wp:attachment":[{"href":"https:\/\/grandepremio.com\/br\/wp-json\/wp\/v2\/media?parent=42562"}],"wp:term":[{"taxonomy":"category","embeddable":true,"href":"https:\/\/grandepremio.com\/br\/wp-json\/wp\/v2\/categories?post=42562"},{"taxonomy":"post_tag","embeddable":true,"href":"https:\/\/grandepremio.com\/br\/wp-json\/wp\/v2\/tags?post=42562"},{"taxonomy":"42wp_author","embeddable":true,"href":"https:\/\/grandepremio.com\/br\/wp-json\/wp\/v2\/42wp_author?post=42562"}],"curies":[{"name":"wp","href":"https:\/\/api.w.org\/{rel}","templated":true}]}}