{"id":42583,"date":"2024-11-29T09:14:47","date_gmt":"2024-11-29T12:14:47","guid":{"rendered":"https:\/\/grandepremio.com\/br\/noticias\/formula-1-encara-sexta-feira-catar-clima-mais-agradavel-ventos-fortes\/"},"modified":"2024-11-29T09:18:35","modified_gmt":"2024-11-29T12:18:35","slug":"formula-1-encara-sexta-feira-catar-clima-mais-agradavel-ventos-fortes","status":"publish","type":"post","link":"https:\/\/grandepremio.com\/br\/f1\/formula-1-encara-sexta-feira-catar-clima-mais-agradavel-ventos-fortes\/","title":{"rendered":"F\u00f3rmula 1 encara sexta-feira no Catar de clima mais agrad\u00e1vel e ventos fortes"},"content":{"rendered":"\n<p class=\"wp-block-paragraph\">A <strong>F\u00f3rmula 1<\/strong> chega neste fim de semana \u00e0 pen\u00faltima etapa da <strong>temporada 2024<\/strong>, no <strong>Catar<\/strong>, evento que conta ainda com a \u00faltima corrida sprint do ano. E ao contr\u00e1rio do caos provocado pelo intenso calor em 2023, os pilotos ter\u00e3o pela frente nesta sexta-feira (29) um clima um pouco mais agrad\u00e1vel, apesar dos ventos fortes. Confira o que diz a meteorologia.<\/p>\n\n\n\n<p class=\"wp-block-paragraph\">Lusail est\u00e1 localizado no munic\u00edpio de Al Daayen, no Catar, pa\u00eds que fica no Oriente M\u00e9dio e possui um clima des\u00e9rtico. O calor \u00e9 intenso durante praticamente todo o ano, com o pico sendo atingido entre os meses de junho e setembro. Neste per\u00edodo, os term\u00f4metros podem chegar perto dos 50\u00b0C. No fim de novembro, no entanto, a temperatura come\u00e7a a cair, e o frio se estende at\u00e9 fevereiro.<\/p>\n\n\n\n<p class=\"wp-block-paragraph\">Dividindo a programa\u00e7\u00e3o com <strong>F\u00f3rmula 2 <\/strong>e <strong>F1 Academy<\/strong>, a primeira atividade do dia, o <strong>treino livre<\/strong>, acontece \u00e0s 16h30 locais (<strong>10h30<\/strong> de Bras\u00edlia, GMT-3). Neste momento, a expectativa \u00e9 de term\u00f4metros em 21\u00b0C, com sensa\u00e7\u00e3o t\u00e9rmica bem semelhante, em 20\u00b0C.<\/p>\n\n\n\n<p class=\"wp-block-paragraph\">J\u00e1 a umidade relativa do ar fica em 52%, valor dentro da faixa considerada ideal pela Organiza\u00e7\u00e3o Mundial de Sa\u00fade (OMS). Os ventos, por sua vez, devem dar dor de cabe\u00e7a aos pilotos. A velocidade m\u00e9dia prevista \u00e9 de 28 km\/h a noroeste, com rajadas de at\u00e9 44 km\/h.<\/p>\n\n\n\n<figure class=\"wp-block-image size-large\"><img decoding=\"async\" src=\"https:\/\/www.grandepremio.com\/br\/wp-content\/uploads\/2023\/11\/560561_Ambience_Red-Bull-KTM_MotoGP_Lusail-International-Circuit-_QAT_16-11-2023-4_19th-Rnd.-MotoGP-2023-_-Lusail-International-Circuit-_QAT_-1024x682.jpg\" alt=\"\" class=\"wp-image-754706\"\/><figcaption class=\"wp-element-caption\">O clima ser\u00e1 mais ameno no Catar este ano (Foto: KTM)<\/figcaption><\/figure>\n\n\n\n<p class=\"wp-block-paragraph\">Na noite catari, \u00e0s 20h30 locais (<strong>14h30 <\/strong>de Bras\u00edlia), os pilotos retornam para a disputa da <strong>classifica\u00e7\u00e3o sprint<\/strong>. A previs\u00e3o indica term\u00f4metros em 21\u00b0C, com sensa\u00e7\u00e3o de 17\u00b0C e umidade relativa um pouco mais elevada, em 64%. <\/p>\n\n\n\n<p class=\"wp-block-paragraph\">Quanto aos ventos, a velocidade m\u00e9dia diminui para 19 km\/h, com rajadas de at\u00e9 35 km\/h. N\u00e3o h\u00e1 previs\u00e3o de chuva. As informa\u00e7\u00f5es s\u00e3o do servi\u00e7o de meteorologia <em>AccuWeather<\/em>.<\/p>\n\n\n\n<p class=\"wp-block-paragraph\">O\u00a0<strong>GRANDE PR\u00caMIO<\/strong>\u00a0acompanha\u00a0<a href=\"https:\/\/www.grandepremio.com\/br\/ao-vivo\/f1\/\"><strong>AO VIVO e EM\u00a0<\/strong><\/a><a href=\"https:\/\/www.grandepremio.com\/br\/ao-vivo\/\"><\/a><strong><a href=\"https:\/\/www.grandepremio.com\/br\/ao-vivo\/\" target=\"_blank\" rel=\"noreferrer noopener\">TEMPO REAL<\/a><\/strong>\u00a0todas as atividades do\u00a0<strong>GP do Catar,\u00a0<\/strong>em\u00a0<a href=\"https:\/\/www.grandepremio.com\/br\/circuito\/lusail\/\" target=\"_blank\" rel=\"noreferrer noopener\">Lusail<\/a>, e transmite classifica\u00e7\u00f5es e corridas em segunda tela, em parceria com a Voz do Esporte, na\u00a0<a href=\"https:\/\/www.youtube.com\/c\/GrandePremioTV\/streams\"><strong>GPTV, o canal do GP no YouTube<\/strong><\/a>. Depois das atividades de cada dia, debate tudo o que aconteceu no Briefing.<\/p>\n\n\n\n<p class=\"wp-block-paragraph\"><strong><img decoding=\"async\" src=\"https:\/\/a.slack-edge.com\/production-standard-emoji-assets\/14.0\/google-medium\/25b6-fe0f.png\" alt=\":seta_para_frente:\">\u00a0Inscreva-se nos dois canais do GRANDE PR\u00caMIO no YouTube:\u00a0<a href=\"https:\/\/www.youtube.com\/channel\/UC9OlHEgxoaY6QY6nWPoiqQg?sub_confirmation=1\" target=\"_blank\" rel=\"noreferrer noopener\">GP<\/a>\u00a0|\u00a0<a href=\"https:\/\/www.youtube.com\/channel\/UC9csiS6q_C3C0FYhyr1rnFA?sub_confirmation=1\" target=\"_blank\" rel=\"noreferrer noopener\">GP2<\/a><\/strong><br><strong><img decoding=\"async\" src=\"https:\/\/a.slack-edge.com\/production-standard-emoji-assets\/14.0\/google-medium\/25b6-fe0f.png\" alt=\":seta_para_frente:\">\u00a0LEIA TAMB\u00c9M:\u00a0<a href=\"https:\/\/www.grandepremio.com\/br\/f1\/noticias\/lando-norris-x-charles-leclerc-mclaren-x-ferrari-ainda-esta-em-jogo-reta-final-f1-2024\/\">Norris x Leclerc, McLaren x Ferrari: o que ainda est\u00e1 em jogo na reta final da F1 2024<\/a><\/strong><\/p>\n\n\n\n<figure class=\"wp-block-embed is-type-video is-provider-youtube wp-block-embed-youtube wp-embed-aspect-16-9 wp-has-aspect-ratio\"><div class=\"wp-block-embed__wrapper\">\n<iframe loading=\"lazy\" title=\"FIA ESFARELA com BEN SULAYEM, SCHUMACHER FORA da MERCEDES e BRIGA FERRARI \u00d7 McLAREN ABERTA | WGP\" width=\"500\" height=\"281\" src=\"https:\/\/www.youtube.com\/embed\/t3Lc9blpw1w?feature=oembed\" frameborder=\"0\" allow=\"accelerometer; autoplay; clipboard-write; encrypted-media; gyroscope; picture-in-picture; web-share\" referrerpolicy=\"strict-origin-when-cross-origin\" allowfullscreen><\/iframe>\n<\/div><\/figure>\n","protected":false},"excerpt":{"rendered":"<p>Depois da sauna que os pilotos encararam no ano passado, a previs\u00e3o do tempo aponta term\u00f4metros em torno dos 20\u00b0C para a sexta-feira da F\u00f3rmula 1 no Catar<\/p>\n","protected":false},"author":0,"featured_media":1000902605,"comment_status":"closed","ping_status":"closed","sticky":false,"template":"","format":"standard","meta":{"42wp_featured_image_caption":"","42wp_featured_image_credits":"","42wp_featured_video":"","42wp_featured_image_hidden":false,"42wp_authors_list":[],"footnotes":""},"categories":[2],"tags":[26271,1113,5273,147,3230,180,30909,600,41740,1491,28285,30840,31014,41695,36668,2326,35129,25333,33301],"42wp_author":[47147],"class_list":["post-42583","post","type-post","status-publish","format-standard","has-post-thumbnail","hentry","category-f1","tag-calendario-f1","tag-catar","tag-classificacao-f1","tag-f1","tag-f1-2024","tag-formula-1","tag-formula-1-2024","tag-gp-do-catar","tag-gp-do-catar-f1","tag-grande-premio","tag-grandepremio","tag-horarios-f1","tag-lusail","tag-lusail-2024","tag-lusail-f1","tag-meteorologia","tag-onde-assistir-f1","tag-previsao-do-tempo","tag-temporada-2024-f1","42wp_author-luana-marino"],"_links":{"self":[{"href":"https:\/\/grandepremio.com\/br\/wp-json\/wp\/v2\/posts\/42583","targetHints":{"allow":["GET"]}}],"collection":[{"href":"https:\/\/grandepremio.com\/br\/wp-json\/wp\/v2\/posts"}],"about":[{"href":"https:\/\/grandepremio.com\/br\/wp-json\/wp\/v2\/types\/post"}],"replies":[{"embeddable":true,"href":"https:\/\/grandepremio.com\/br\/wp-json\/wp\/v2\/comments?post=42583"}],"version-history":[{"count":0,"href":"https:\/\/grandepremio.com\/br\/wp-json\/wp\/v2\/posts\/42583\/revisions"}],"wp:featuredmedia":[{"embeddable":true,"href":"https:\/\/grandepremio.com\/br\/wp-json\/wp\/v2\/media\/1000902605"}],"wp:attachment":[{"href":"https:\/\/grandepremio.com\/br\/wp-json\/wp\/v2\/media?parent=42583"}],"wp:term":[{"taxonomy":"category","embeddable":true,"href":"https:\/\/grandepremio.com\/br\/wp-json\/wp\/v2\/categories?post=42583"},{"taxonomy":"post_tag","embeddable":true,"href":"https:\/\/grandepremio.com\/br\/wp-json\/wp\/v2\/tags?post=42583"},{"taxonomy":"42wp_author","embeddable":true,"href":"https:\/\/grandepremio.com\/br\/wp-json\/wp\/v2\/42wp_author?post=42583"}],"curies":[{"name":"wp","href":"https:\/\/api.w.org\/{rel}","templated":true}]}}