{"id":51771,"date":"2024-11-26T09:44:54","date_gmt":"2024-11-26T12:44:54","guid":{"rendered":"https:\/\/grandepremio.com\/br\/noticias\/lando-norris-rebate-max-verstappen-titulo-mclaren-nunca-reverteram-desvantagem\/"},"modified":"2024-11-26T14:48:06","modified_gmt":"2024-11-26T17:48:06","slug":"lando-norris-rebate-max-verstappen-titulo-mclaren-nunca-reverteram-desvantagem","status":"publish","type":"post","link":"https:\/\/grandepremio.com\/br\/f1\/lando-norris-rebate-max-verstappen-titulo-mclaren-nunca-reverteram-desvantagem\/","title":{"rendered":"Norris rebate Verstappen sobre t\u00edtulo com McLaren: \u201cNunca reverteram tal desvantagem\u201d"},"content":{"rendered":"\n<p class=\"wp-block-paragraph\"><strong>Lando Norris<\/strong> fez in\u00fameros <a href=\"https:\/\/www.grandepremio.com\/br\/f1\/noticias\/lando-norris-forca-max-verstappen-temporada-2024-nao-deu-passo-falso\/\">elogios \u00e0 campanha de <strong>Max Verstappen<\/strong> na busca pelo tetra<\/a> na <strong>F\u00f3rmula 1<\/strong>, mas respondeu o neerland\u00eas depois de ele dizer que seria capaz de ser <a href=\"https:\/\/www.grandepremio.com\/br\/f1\/noticias\/max-verstappen-poderia-ter-conquistado-titulo-2024-mclaren-ferrari\/\">campe\u00e3o com o carro da <strong>McLaren<\/strong><\/a>. De acordo com o piloto brit\u00e2nico, ningu\u00e9m nunca descontou uma desvantagem t\u00e3o grande quanto a que ele teve no in\u00edcio do ano e nem o #1 seria capaz de reverter o cen\u00e1rio.<\/p>\n\n\n\n<p class=\"wp-block-paragraph\">A temporada 2024 teve uma mudan\u00e7a na ordem de for\u00e7as do grid. A <strong>Red Bull<\/strong> come\u00e7ou o ano com uma ampla vantagem em rela\u00e7\u00e3o aos rivais e <strong>Max Verstappen<\/strong> se valeu disso para vencer quatro das primeiras seis corridas do ano. A partir de <strong>Miami<\/strong>, no entanto, a <strong>McLaren <\/strong>despontou como for\u00e7a a ser batida \u2014 ainda que <strong>Norris <\/strong>n\u00e3o tenha conseguido o mesmo aproveitamento de <strong>Verstappen<\/strong>.<\/p>\n\n\n\n<p class=\"wp-block-paragraph\">Ap\u00f3s vencer a etapa na <strong>Fl\u00f3rida<\/strong>, Norris tinha uma desvantagem de 53 pontos para <strong>Verstappen<\/strong>. Por\u00e9m, nas provas seguintes, o titular da <strong>Red Bull<\/strong> conseguiu algumas vit\u00f3rias e abriu 69 tentos de vantagem antes de o <strong>RB20 <\/strong>come\u00e7ar a de fato perder rendimento depois do <strong>GP da Espanha<\/strong>. Ainda que a diferen\u00e7a tenha sido consider\u00e1vel, <strong>Max <\/strong>afirmou que poderia ter sido campe\u00e3o da temporada 2024 da <strong>F1 <\/strong>caso estivesse guiando pela <strong>McLaren<\/strong>. Para <strong>Norris<\/strong>, no entanto, a situa\u00e7\u00e3o n\u00e3o era t\u00e3o simples assim.<\/p>\n\n\n\n<p class=\"wp-block-paragraph\">\u201cNingu\u00e9m na hist\u00f3ria da F\u00f3rmula 1 conseguiu reverter a desvantagem que eu tive. E al\u00e9m disso, o desempenho dos carros oscilou entre o in\u00edcio da temporada e agora. A vantagem que eles [Red Bull] tinham no in\u00edcio da temporada sobre todos era muito maior do que a que tivemos\u201d, disse <strong>Norris<\/strong>.<\/p>\n\n\n\n<figure class=\"wp-block-image size-full\"><img decoding=\"async\" src=\"https:\/\/www.grandepremio.com\/br\/wp-content\/uploads\/2024\/11\/SI202411240371-1.jpg\" alt=\"\" class=\"wp-image-901189\"\/><figcaption class=\"wp-element-caption\">Max Verstappen garantiu que poderia ser campe\u00e3o com a McLaren (Foto: Red Bull Content Pool)<\/figcaption><\/figure>\n\n\n\n<p class=\"wp-block-paragraph\">\u201cAcho que se fosse outro piloto, e n\u00e3o Max e a Red Bull, as chances teriam sido muito maiores\u201d, finalizou <strong>Lando<\/strong>.<\/p>\n\n\n\n<p class=\"wp-block-paragraph\">Agora, a&nbsp;<strong><a href=\"https:\/\/www.grandepremio.com\/br\/f1\/\" target=\"_blank\" rel=\"noreferrer noopener\">F\u00f3rmula 1<\/a><\/strong>&nbsp;retorna neste fim de semana, entre os dias&nbsp;<strong>29 de novembro<\/strong>&nbsp;e&nbsp;<strong>1\u00ba de dezembro<\/strong>, para o&nbsp;<strong>GP do Catar<\/strong>, o pen\u00faltimo da temporada.<\/p>\n\n\n\n<p class=\"wp-block-paragraph\"><strong>&nbsp;Inscreva-se nos dois canais do GRANDE PR\u00caMIO no YouTube:&nbsp;<a href=\"https:\/\/www.youtube.com\/channel\/UC9OlHEgxoaY6QY6nWPoiqQg?sub_confirmation=1\" target=\"_blank\" rel=\"noreferrer noopener\">GP<\/a>&nbsp;|&nbsp;<a href=\"https:\/\/www.youtube.com\/channel\/UC9csiS6q_C3C0FYhyr1rnFA?sub_confirmation=1\" target=\"_blank\" rel=\"noreferrer noopener\">GP2<\/a><\/strong><\/p>\n\n\n\n<figure class=\"wp-block-embed is-type-video is-provider-youtube wp-block-embed-youtube wp-embed-aspect-16-9 wp-has-aspect-ratio\"><div class=\"wp-block-embed__wrapper\">\n<iframe loading=\"lazy\" title=\"TETRA VERSTAPPEN, TRETA NA FERRARI e CADILLAC NA F1 | Paddock GP #399\" width=\"500\" height=\"281\" src=\"https:\/\/www.youtube.com\/embed\/QZNLNDJ2TWo?feature=oembed\" frameborder=\"0\" allow=\"accelerometer; autoplay; clipboard-write; encrypted-media; gyroscope; picture-in-picture; web-share\" referrerpolicy=\"strict-origin-when-cross-origin\" allowfullscreen><\/iframe>\n<\/div><\/figure>\n","protected":false},"excerpt":{"rendered":"<p>Lando Norris lembrou que chegou a ficar mais de 60 pontos atr\u00e1s de Max Verstappen e disse que ningu\u00e9m nunca reverteu uma desvantagem como essa na F\u00f3rmula 1<\/p>\n","protected":false},"author":0,"featured_media":1000899428,"comment_status":"closed","ping_status":"closed","sticky":false,"template":"","format":"standard","meta":{"42wp_featured_image_caption":"","42wp_featured_image_credits":"","42wp_featured_video":"","42wp_featured_image_hidden":false,"42wp_authors_list":[],"footnotes":""},"categories":[2],"tags":[3230,30909,1491,28285,547,203,90,6285,30806,37737,33134,204,9685,27543],"42wp_author":[47149],"class_list":["post-51771","post","type-post","status-publish","format-standard","has-post-thumbnail","hentry","category-f1","tag-f1-2024","tag-formula-1-2024","tag-grande-premio","tag-grandepremio","tag-lando-norris","tag-max-verstappen","tag-mclaren","tag-norris","tag-norris-f1","tag-norris-formula-1","tag-norris-mclaren","tag-red-bull","tag-verstappen","tag-verstappen-campeao","42wp_author-bernardo-castro"],"_links":{"self":[{"href":"https:\/\/grandepremio.com\/br\/wp-json\/wp\/v2\/posts\/51771","targetHints":{"allow":["GET"]}}],"collection":[{"href":"https:\/\/grandepremio.com\/br\/wp-json\/wp\/v2\/posts"}],"about":[{"href":"https:\/\/grandepremio.com\/br\/wp-json\/wp\/v2\/types\/post"}],"replies":[{"embeddable":true,"href":"https:\/\/grandepremio.com\/br\/wp-json\/wp\/v2\/comments?post=51771"}],"version-history":[{"count":0,"href":"https:\/\/grandepremio.com\/br\/wp-json\/wp\/v2\/posts\/51771\/revisions"}],"wp:featuredmedia":[{"embeddable":true,"href":"https:\/\/grandepremio.com\/br\/wp-json\/wp\/v2\/media\/1000899428"}],"wp:attachment":[{"href":"https:\/\/grandepremio.com\/br\/wp-json\/wp\/v2\/media?parent=51771"}],"wp:term":[{"taxonomy":"category","embeddable":true,"href":"https:\/\/grandepremio.com\/br\/wp-json\/wp\/v2\/categories?post=51771"},{"taxonomy":"post_tag","embeddable":true,"href":"https:\/\/grandepremio.com\/br\/wp-json\/wp\/v2\/tags?post=51771"},{"taxonomy":"42wp_author","embeddable":true,"href":"https:\/\/grandepremio.com\/br\/wp-json\/wp\/v2\/42wp_author?post=51771"}],"curies":[{"name":"wp","href":"https:\/\/api.w.org\/{rel}","templated":true}]}}