{"id":51780,"date":"2024-11-26T08:45:18","date_gmt":"2024-11-26T11:45:18","guid":{"rendered":"https:\/\/grandepremio.com\/br\/noticias\/john-bennett-substitui-enzo-fittipaldi-van-amersfoort-reta-final-formula-2-2024\/"},"modified":"2024-11-26T12:29:03","modified_gmt":"2024-11-26T15:29:03","slug":"john-bennett-substitui-enzo-fittipaldi-van-amersfoort-reta-final-formula-2-2024","status":"publish","type":"post","link":"https:\/\/grandepremio.com\/br\/f2\/john-bennett-substitui-enzo-fittipaldi-van-amersfoort-reta-final-formula-2-2024\/","title":{"rendered":"Bennett substitui Enzo Fittipaldi na Van Amersfoort em reta final da F\u00f3rmula 2 2024"},"content":{"rendered":"\n<p class=\"wp-block-paragraph\"><strong>Enzo Fittipaldi <\/strong>est\u00e1 fora da <strong>Van Amersfoort <\/strong>das duas rodadas finais da <strong>temporada 2024<\/strong> da <strong>F\u00f3rmula 2<\/strong>, que come\u00e7a neste fim de semana, no <strong>Catar<\/strong>. A equipe neerlandesa anunciou nesta ter\u00e7a-feira (26) que <strong>John Bennett<\/strong>, que correu na <strong>GB3 <\/strong>este ano, vai substituir o brasileiro. <\/p>\n\n\n\n<p class=\"wp-block-paragraph\">Fittipaldi estreou na F2 em 2021, quando disputou tr\u00eas etapas com a <strong>Charouz<\/strong>. No ano seguinte, ainda com o time tcheco, fez o primeiro ano completo na classe e chamou aten\u00e7\u00e3o pelos seis p\u00f3dios conquistados.<\/p>\n\n\n\n<p class=\"wp-block-paragraph\">No fim de 2022, Fittipaldi assinou contrato com a academia da<strong> Red Bull<\/strong> e assegurou vaga na <strong>Carlin <\/strong>(atual <strong>Rodin<\/strong>) para o ano seguinte. Embora tenha alcan\u00e7ado a primeira vit\u00f3ria na categoria, na sprint da <strong>B\u00e9lgica<\/strong>, teve uma temporada de altos e baixos, fechando em s\u00e9timo.<\/p>\n\n\n\n<p class=\"wp-block-paragraph\">Em 2024, j\u00e1 fora do programa taurino, optou pelo terceiro ano de F\u00f3rmula 2 ao aceitar a proposta da Van Amersfoort e conquistou a segunda vit\u00f3ria na categoria, na corrida principal da rodada da<strong> Ar\u00e1bia Saudita<\/strong>. S\u00f3 que acabou limitado pelo equipamento e n\u00e3o conseguiu repetir a performance nas corridas seguintes.<\/p>\n\n\n\n<figure class=\"wp-block-image size-full\"><img decoding=\"async\" src=\"https:\/\/www.grandepremio.com\/br\/wp-content\/uploads\/2024\/11\/John-bennett.jpg\" alt=\"\" class=\"wp-image-901497\"\/><figcaption class=\"wp-element-caption\">John Bennett vai correr na Van Amersfoort (Foto: F2)<\/figcaption><\/figure>\n\n\n\n<p class=\"wp-block-paragraph\">Bennett, por sua vez, vem do vice-campeonato na GB3, na qual conquistou 11 p\u00f3dios, sendo tr\u00eas vit\u00f3rias. Aos 21 anos, participou dos testes de p\u00f3s-temporada com a F3 em <strong>Jerez <\/strong>e em <strong>Barcelona <\/strong>com a Van Amersfoort.<\/p>\n\n\n\n<p class=\"wp-block-paragraph\">&#8220;Agrade\u00e7o \u00e0 VAR pela confian\u00e7a que depositaram em mim com esta oportunidade\u201d, disse o jovem de 21 anos. &#8220;No in\u00edcio deste ano, participei dos testes da F3 com eles, e tudo correu muito bem&#8221;, salientou.<\/p>\n\n\n\n<p class=\"wp-block-paragraph\">&#8220;A equipe e eu sentimos que estou pronto para chegar \u00e0 F2, e estou ansioso pelo novo desafio. Este ser\u00e1 um grande passo, mas vou procurar aprender o m\u00e1ximo nessas duas rodadas e alcan\u00e7ar resultados s\u00f3lidos com a equipe&#8221;, completou.<\/p>\n\n\n\n<p class=\"wp-block-paragraph\"><strong>Brad Joyce<\/strong>, chefe da Van Amersfoort, acrescentou: &#8220;Estamos animados em dar a John a chance de estrear na F\u00f3rmula 2 nas duas \u00faltimas rodadas da temporada. A jornada dele no automobilismo reflete o talento e a determina\u00e7\u00e3o que valorizamos aqui.&#8221;<\/p>\n\n\n\n<p class=\"wp-block-paragraph\">\u201cJohn demonstrou habilidade e maturidade impressionantes, principalmente durante os testes de p\u00f3s-temporada da F3, adaptando-se rapidamente ao carro e demonstrando um ritmo forte. Essa capacidade de adapta\u00e7\u00e3o r\u00e1pida combinada com o profissionalismo de John mostrou que ele est\u00e1 pronto para o desafio. Acreditamos que essa mudan\u00e7a ser\u00e1 um passo importante no desenvolvimento dele&#8221;, encerrou.<\/p>\n\n\n\n<p class=\"wp-block-paragraph\">Enzo participou de mais um teste na Indy este m\u00eas, dessa vez com a McLaren. Antes, no ano passado, o irm\u00e3o de<strong> Pietro Fittipaldi<\/strong> andou em uma sess\u00e3o privada com o carro da <strong>Dale Coyne<\/strong>. Ao <strong>GRANDE PR\u00caMIO<\/strong>, a assessoria do piloto confirmou que &#8220;o foco dele est\u00e1 na Indy agora&#8221;. At\u00e9 o momento, restam quatro vagas a serem preenchidas no grid: duas na Dale Coyne, uma na Rahal e uma na Juncos.<\/p>\n\n\n\n<p class=\"wp-block-paragraph\"><strong><img decoding=\"async\" src=\"https:\/\/a.slack-edge.com\/production-standard-emoji-assets\/14.0\/google-medium\/25b6-fe0f.png\" alt=\":seta_para_frente:\">&nbsp;Inscreva-se nos dois canais do GRANDE PR\u00caMIO no YouTube:&nbsp;<a href=\"https:\/\/www.youtube.com\/channel\/UC9OlHEgxoaY6QY6nWPoiqQg?sub_confirmation=1\" target=\"_blank\" rel=\"noreferrer noopener\">GP<\/a>&nbsp;|&nbsp;<a href=\"https:\/\/www.youtube.com\/channel\/UC9csiS6q_C3C0FYhyr1rnFA?sub_confirmation=1\" target=\"_blank\" rel=\"noreferrer noopener\">GP2<\/a><\/strong><br><strong><img decoding=\"async\" src=\"https:\/\/a.slack-edge.com\/production-standard-emoji-assets\/14.0\/google-medium\/25b6-fe0f.png\" alt=\":seta_para_frente:\">&nbsp;LEIA TAMB\u00c9M: <a href=\"https:\/\/www.grandepremio.com\/br\/f2\/noticias\/band-aposta-gabriel-bortoleto-transmite-corridas-domingo-catar-e-abu-dhabi\/\">Band aposta em Bortoleto e transmite corridas de domingo do Catar e de Abu Dhabi da F2<\/a><\/strong><\/p>\n\n\n\n<figure class=\"wp-block-embed is-type-video is-provider-youtube wp-block-embed-youtube wp-embed-aspect-16-9 wp-has-aspect-ratio\"><div class=\"wp-block-embed__wrapper\">\n<iframe loading=\"lazy\" title=\"TETRA VERSTAPPEN, TRETA NA FERRARI e CADILLAC NA F1 | Paddock GP #399\" width=\"500\" height=\"281\" src=\"https:\/\/www.youtube.com\/embed\/QZNLNDJ2TWo?feature=oembed\" frameborder=\"0\" allow=\"accelerometer; autoplay; clipboard-write; encrypted-media; gyroscope; picture-in-picture; web-share\" referrerpolicy=\"strict-origin-when-cross-origin\" allowfullscreen><\/iframe>\n<\/div><\/figure>\n","protected":false},"excerpt":{"rendered":"<p>Enzo Fittipaldi n\u00e3o vai correr as etapas do Catar e de Abu Dhabi da F2 na Van Amersfoort, dando lugar a John Bennett, ex-GB3<\/p>\n","protected":false},"author":0,"featured_media":1000848422,"comment_status":"closed","ping_status":"closed","sticky":false,"template":"","format":"standard","meta":{"42wp_featured_image_caption":"","42wp_featured_image_credits":"","42wp_featured_video":"","42wp_featured_image_hidden":false,"42wp_authors_list":[],"footnotes":""},"categories":[9],"tags":[29654,1113,30246,409,111,32189,2208,35969,1491,28285,35029,93,34718,31014,41695,41692,35030,41691,32190,6608],"42wp_author":[47147],"class_list":["post-51780","post","type-post","status-publish","format-standard","has-post-thumbnail","hentry","category-f2","tag-calendario-f2","tag-catar","tag-classificacao-f2","tag-enzo-fittipaldi","tag-f2","tag-f2-2024","tag-formula-2","tag-formula-2-2024","tag-grande-premio","tag-grandepremio","tag-horarios-f2","tag-indy","tag-john-bennett","tag-lusail","tag-lusail-2024","tag-lusail-f2","tag-onde-assistir-f2","tag-rodada-do-catar","tag-temporada-2024-f2","tag-van-amersfoort","42wp_author-luana-marino"],"_links":{"self":[{"href":"https:\/\/grandepremio.com\/br\/wp-json\/wp\/v2\/posts\/51780","targetHints":{"allow":["GET"]}}],"collection":[{"href":"https:\/\/grandepremio.com\/br\/wp-json\/wp\/v2\/posts"}],"about":[{"href":"https:\/\/grandepremio.com\/br\/wp-json\/wp\/v2\/types\/post"}],"replies":[{"embeddable":true,"href":"https:\/\/grandepremio.com\/br\/wp-json\/wp\/v2\/comments?post=51780"}],"version-history":[{"count":0,"href":"https:\/\/grandepremio.com\/br\/wp-json\/wp\/v2\/posts\/51780\/revisions"}],"wp:featuredmedia":[{"embeddable":true,"href":"https:\/\/grandepremio.com\/br\/wp-json\/wp\/v2\/media\/1000848422"}],"wp:attachment":[{"href":"https:\/\/grandepremio.com\/br\/wp-json\/wp\/v2\/media?parent=51780"}],"wp:term":[{"taxonomy":"category","embeddable":true,"href":"https:\/\/grandepremio.com\/br\/wp-json\/wp\/v2\/categories?post=51780"},{"taxonomy":"post_tag","embeddable":true,"href":"https:\/\/grandepremio.com\/br\/wp-json\/wp\/v2\/tags?post=51780"},{"taxonomy":"42wp_author","embeddable":true,"href":"https:\/\/grandepremio.com\/br\/wp-json\/wp\/v2\/42wp_author?post=51780"}],"curies":[{"name":"wp","href":"https:\/\/api.w.org\/{rel}","templated":true}]}}