{"id":51804,"date":"2024-11-25T17:00:54","date_gmt":"2024-11-25T20:00:54","guid":{"rendered":"https:\/\/grandepremio.com\/br\/noticias\/gm-diz-honrada-com-cadillac-f1-2026-se-compromete-elevar-esporte\/"},"modified":"2024-11-25T17:02:41","modified_gmt":"2024-11-25T20:02:41","slug":"gm-diz-honrada-com-cadillac-f1-2026-se-compromete-elevar-esporte","status":"publish","type":"post","link":"https:\/\/grandepremio.com\/br\/f1\/gm-diz-honrada-com-cadillac-f1-2026-se-compromete-elevar-esporte\/","title":{"rendered":"GM se diz \u201chonrada\u201d com Cadillac na F1 2026 e se compromete a &#8220;elevar o esporte\u201d"},"content":{"rendered":"\n<p class=\"wp-block-paragraph\">A <strong>Cadillac <\/strong>est\u00e1 pronta para ser a 11\u00aa equipe do grid da <strong>F\u00f3rmula 1<\/strong>. Nesta segunda-feira (25), a <strong>F1 <\/strong><a href=\"https:\/\/www.grandepremio.com\/br\/f1\/noticias\/f1-confirma-acordo-gm-transforma-cadillac-11a-equipe-partir-2026\/\">anunciou que entrou em um acordo preliminar<\/a> com a <strong>General Motors (GM) <\/strong>e a <strong>FIA <\/strong>pela entrada da marca norte-americana em 2026. <strong>Mark Reuss<\/strong>, presidente da <strong>GM<\/strong>, celebrou o an\u00fancio e falou que est\u00e1 \u201chonrado\u201d de fazer parte da categoria.\u00a0<\/p>\n\n\n\n<p class=\"wp-block-paragraph\">Reuss tamb\u00e9m destacou que est\u00e1 comprometido em \u201ccompetir com paix\u00e3o e integridade\u201d e \u201celevar o esporte para os f\u00e3s\u201d. Al\u00e9m disso, o presidente da GM afirmou enxergar uma oportunidade para \u201cdemonstrar a expertise e lideran\u00e7a tecnol\u00f3gica\u201d da marca em um cen\u00e1rio global.\u00a0<\/p>\n\n\n\n<p class=\"wp-block-paragraph\">O an\u00fancio oficial da chegada da Cadillac \u00e0 F\u00f3rmula 1 nesta segunda-feira (25) foi acompanhado por uma onda de rea\u00e7\u00f5es e apoio do mundo do automobilismo, incluindo <a href=\"https:\/\/www.grandepremio.com\/br\/f1\/noticias\/presidente-fia-confirma-acordo-principio-cadillac-entrar-f1-2026\/\">do presidente da FIA<\/a>, <strong>Mohammed Ben Sulayem<\/strong>, e do <a href=\"https:\/\/www.grandepremio.com\/br\/f1\/noticias\/ceo-f1-entrada-cadillac-2026-como-demonstracao-evolucao-esporte\/\">CEO da F1<\/a>, <strong>Stefano Domenicali<\/strong>.\u00a0<\/p>\n\n\n\n<p class=\"wp-block-paragraph\">&#8220;Como o \u00e1pice do automobilismo, a F1 exige inova\u00e7\u00e3o e excel\u00eancia que ultrapassam limites\u201d, destacou o presidente da GM. \u201c\u00c9 uma honra a General Motors e a Cadillac se juntarem \u00e0 principal categoria de corridas do mundo, e estamos comprometidos em competir com paix\u00e3o e integridade para elevar o esporte para os f\u00e3s ao redor do mundo. Este \u00e9 um palco global para demonstrarmos a expertise em engenharia e a lideran\u00e7a tecnol\u00f3gica da GM em um n\u00edvel totalmente novo&#8221;.<\/p>\n\n\n\n<figure class=\"wp-block-image size-full\"><img decoding=\"async\" src=\"https:\/\/www.grandepremio.com\/br\/wp-content\/uploads\/2023\/01\/imagem_2023-01-05_125425569.png\" alt=\"ANDRETTI, CADILLAC, F1\" class=\"wp-image-642951\"\/><figcaption class=\"wp-element-caption\">GM firmou parceria com a Andretti para ingressar no grid da F1 em 2026 (Foto: Divulga\u00e7\u00e3o)<\/figcaption><\/figure>\n\n\n\n<p class=\"wp-block-paragraph\"><strong>Dan Towriss<\/strong>, CEO da <strong>TWG Global<\/strong>, que tomou controle da <strong>Andretti <\/strong>ap\u00f3s a sa\u00edda de <strong>Michael Andretti<\/strong>, tamb\u00e9m comemorou o acordo com a F\u00f3rmula 1 e falou em trazer uma \u201cequipe de classe mundial\u201d \u00e0 categoria.<\/p>\n\n\n\n<p class=\"wp-block-paragraph\">A Cadillac ir\u00e1 operar na F\u00f3rmula 1 com boa parte da estrutura da equipe <strong>Andretti<\/strong>, que iniciou os planos para uma entrada no esporte ainda com Michael no comando. O campe\u00e3o mundial de 1978, <strong>Mario Andretti<\/strong>, inclusive, <a href=\"https:\/\/www.grandepremio.com\/br\/f1\/noticias\/cadillac-anuncia-mario-andretti-diretor-conselho-equipe-f1\/\">servir\u00e1 como diretor do time<\/a>.\u00a0<\/p>\n\n\n\n<p class=\"wp-block-paragraph\">&#8220;Estamos ansiosos para fazer parceria com a GM e trazer uma presen\u00e7a din\u00e2mica \u00e0 F\u00f3rmula 1. Juntos, estamos montando uma equipe de classe mundial que representar\u00e1 a inova\u00e7\u00e3o americana e proporcionar\u00e1 momentos inesquec\u00edveis aos f\u00e3s ao redor do mundo. Agradecemos o apoio da FIA e da <strong>Formula One Management (FOM)<\/strong> \u00e0 nossa aplica\u00e7\u00e3o e o reconhecimento do valor que podemos agregar ao campeonato&#8221;, afirmou.\u00a0<\/p>\n\n\n\n<p class=\"wp-block-paragraph\">Agora, a <strong>F\u00f3rmula 1<\/strong> retorna neste fim de semana, entre os dias <strong>29 de novembro<\/strong> e <strong>1\u00ba de dezembro<\/strong>, para o <strong>GP do Catar<\/strong>, o pen\u00faltimo da temporada.<\/p>\n\n\n\n<p class=\"wp-block-paragraph\"><strong><img decoding=\"async\" src=\"https:\/\/a.slack-edge.com\/production-standard-emoji-assets\/14.0\/google-medium\/25b6-fe0f.png\" alt=\":seta_para_frente:\">\u00a0Inscreva-se nos dois canais do GRANDE PR\u00caMIO no YouTube:\u00a0<a href=\"https:\/\/www.youtube.com\/channel\/UC9OlHEgxoaY6QY6nWPoiqQg?sub_confirmation=1\" target=\"_blank\" rel=\"noreferrer noopener\">GP<\/a>\u00a0|\u00a0<a href=\"https:\/\/www.youtube.com\/channel\/UC9csiS6q_C3C0FYhyr1rnFA?sub_confirmation=1\" target=\"_blank\" rel=\"noreferrer noopener\">GP2<\/a><\/strong><br><strong><img decoding=\"async\" src=\"https:\/\/a.slack-edge.com\/production-standard-emoji-assets\/14.0\/google-medium\/25b6-fe0f.png\" alt=\":seta_para_frente:\">\u00a0LEIA TAMB\u00c9M:\u00a0<a href=\"https:\/\/www.grandepremio.com\/br\/f1\/noticias\/max-verstappen-conquista-tetra-formula-1-5o-lugar-gp-las-vegas-george-russell-vence\/\">Verstappen conquista tetra na F1 com 5\u00ba lugar no GP de Las Vegas. Russell vence<\/a><\/strong><\/p>\n\n\n\n<figure class=\"wp-block-embed is-type-video is-provider-youtube wp-block-embed-youtube wp-embed-aspect-16-9 wp-has-aspect-ratio\"><div class=\"wp-block-embed__wrapper\">\n<iframe loading=\"lazy\" title=\"VERSTAPPEN TETRACAMPE\u00c3O DA F1! RUSSELL VENCE, HAMILTON 2\u00ba em LAS VEGAS: tudo da corrida | Briefing\" width=\"500\" height=\"281\" src=\"https:\/\/www.youtube.com\/embed\/aG7vkQLz0dM?feature=oembed\" frameborder=\"0\" allow=\"accelerometer; autoplay; clipboard-write; encrypted-media; gyroscope; picture-in-picture; web-share\" referrerpolicy=\"strict-origin-when-cross-origin\" allowfullscreen><\/iframe>\n<\/div><\/figure>\n","protected":false},"excerpt":{"rendered":"<p>Mark Reuss, presidente da GM, celebrou acordo com a F1 pela entrada da Cadillac no grid da categoria a partir de 2026<\/p>\n","protected":false},"author":0,"featured_media":1000643244,"comment_status":"closed","ping_status":"closed","sticky":false,"template":"","format":"standard","meta":{"42wp_featured_image_caption":"","42wp_featured_image_credits":"","42wp_featured_video":"","42wp_featured_image_hidden":false,"42wp_authors_list":[],"footnotes":""},"categories":[2],"tags":[417,729,5660,969,147,3230,29516,642,160,180,30909,30123,30124,1491,30103,28285],"42wp_author":[47162],"class_list":["post-51804","post","type-post","status-publish","format-standard","has-post-thumbnail","hentry","category-f1","tag-andretti","tag-cadillac","tag-classificacao","tag-corrida","tag-f1","tag-f1-2024","tag-f1-2026","tag-f1-ao-vivo","tag-f1-tv","tag-formula-1","tag-formula-1-2024","tag-general-motors","tag-gm","tag-grande-premio","tag-grande-premio-f1","tag-grandepremio","42wp_author-giovani-danjo"],"_links":{"self":[{"href":"https:\/\/grandepremio.com\/br\/wp-json\/wp\/v2\/posts\/51804","targetHints":{"allow":["GET"]}}],"collection":[{"href":"https:\/\/grandepremio.com\/br\/wp-json\/wp\/v2\/posts"}],"about":[{"href":"https:\/\/grandepremio.com\/br\/wp-json\/wp\/v2\/types\/post"}],"replies":[{"embeddable":true,"href":"https:\/\/grandepremio.com\/br\/wp-json\/wp\/v2\/comments?post=51804"}],"version-history":[{"count":0,"href":"https:\/\/grandepremio.com\/br\/wp-json\/wp\/v2\/posts\/51804\/revisions"}],"wp:featuredmedia":[{"embeddable":true,"href":"https:\/\/grandepremio.com\/br\/wp-json\/wp\/v2\/media\/1000643244"}],"wp:attachment":[{"href":"https:\/\/grandepremio.com\/br\/wp-json\/wp\/v2\/media?parent=51804"}],"wp:term":[{"taxonomy":"category","embeddable":true,"href":"https:\/\/grandepremio.com\/br\/wp-json\/wp\/v2\/categories?post=51804"},{"taxonomy":"post_tag","embeddable":true,"href":"https:\/\/grandepremio.com\/br\/wp-json\/wp\/v2\/tags?post=51804"},{"taxonomy":"42wp_author","embeddable":true,"href":"https:\/\/grandepremio.com\/br\/wp-json\/wp\/v2\/42wp_author?post=51804"}],"curies":[{"name":"wp","href":"https:\/\/api.w.org\/{rel}","templated":true}]}}