{"id":51833,"date":"2024-11-25T14:06:09","date_gmt":"2024-11-25T17:06:09","guid":{"rendered":"https:\/\/grandepremio.com\/br\/noticias\/formula-e-prepara-circuito-adaptado-estreia-pista-f1-jeda\/"},"modified":"2024-11-25T14:06:16","modified_gmt":"2024-11-25T17:06:16","slug":"formula-e-prepara-circuito-adaptado-estreia-pista-f1-jeda","status":"publish","type":"post","link":"https:\/\/grandepremio.com\/br\/formula-e\/formula-e-prepara-circuito-adaptado-estreia-pista-f1-jeda\/","title":{"rendered":"F\u00f3rmula E prepara circuito adaptado para estreia em pista que recebe F1 em Jed\u00e1"},"content":{"rendered":"\n<p class=\"wp-block-paragraph\">Prestes a mudar de palco na <strong>Ar\u00e1bia Saudita<\/strong>, a <strong>F\u00f3rmula E <\/strong>vai correr em um tra\u00e7ado adaptado no <strong>Circuito de Jed\u00e1<\/strong>, que recebe anualmente a <strong>F\u00f3rmula 1 <\/strong>para a etapa local. Para beneficiar a regenera\u00e7\u00e3o de energia dos carros, a categoria vai adotar quatro chicanes no que ser\u00e1 uma vers\u00e3o bem diferente da pista, segundo o portal ingl\u00eas <em>The Race<\/em>. A etapa ser\u00e1 uma rodada dupla, programada para os dias <strong>14 <\/strong>e <strong>15 de fevereiro<\/strong>, e h\u00e1 a possibilidade de receber a estreia do <strong>Pit Boost<\/strong> \u2014 novo nome do <strong>Attack Charge<\/strong>.<\/p>\n\n\n\n<p class=\"wp-block-paragraph\">O tra\u00e7ado come\u00e7a com uma primeira curva igual \u00e0 usada pela F\u00f3rmula 1 e se mant\u00e9m o mesmo at\u00e9 a <strong>curva 4<\/strong>. Neste ponto, h\u00e1 uma interse\u00e7\u00e3o que liga diretamente para as curvas <strong>21<\/strong> e <strong>22<\/strong>. Da\u00ed em diante, um grande per\u00edodo de acelera\u00e7\u00e3o ser\u00e1 interrompido pelas duas primeiras chicanes.<\/p>\n\n\n\n<p class=\"wp-block-paragraph\">Seguindo pelo maior trecho de acelera\u00e7\u00e3o do tra\u00e7ado, no que seria o terceiro setor da F1, o desenho se mant\u00e9m at\u00e9 as curvas finais, que levam \u00e0 reta principal. Antes da linha de chegada, por\u00e9m, mais duas chicanes em sentidos opostos completam a volta.<\/p>\n\n\n\n<p class=\"wp-block-paragraph\">A extens\u00e3o do circuito est\u00e1 estimada em cerca de <strong>3,5 km<\/strong>. Como refer\u00eancia, a pista do <strong>eP de S\u00e3o Paulo<\/strong>, que abre a temporada no <strong>Anhembi<\/strong>, tem <strong>2,93 km<\/strong>.<\/p>\n\n\n\n<figure class=\"wp-block-image size-full\"><img decoding=\"async\" src=\"https:\/\/www.grandepremio.com\/br\/wp-content\/uploads\/2024\/11\/Tracado-Jeddah-1.jpg\" alt=\"\" class=\"wp-image-901330\"\/><figcaption class=\"wp-element-caption\">No mapa da pista da F1 em Jed\u00e1, o verde marca o tra\u00e7ado da F\u00f3rmula E (Arte: Thiago Rocha\/GRANDE PR\u00caMIO)<\/figcaption><\/figure>\n\n\n\n<p class=\"wp-block-paragraph\">A mudan\u00e7a da F\u00f3rmula E de <strong>Diriyah <\/strong>para Jed\u00e1 se deu por conta das obras ao redor do circuito normalmente utilizado pela categoria. As constru\u00e7\u00f5es no local j\u00e1 se estendem por duas temporadas, e o resultado foi uma pista suja e que dificultou as ultrapassagens, com muita perda de ader\u00eancia ao sair da linha de corrida.<\/p>\n\n\n\n<p class=\"wp-block-paragraph\">Com a tecnologia do <strong>Pit Boost<\/strong> testada na pr\u00e9-temporada de <strong>Val\u00eancia <\/strong>\u2014 com alguns problemas, vale dizer \u2014, a inten\u00e7\u00e3o da F\u00f3rmula E \u00e9 trazer o retorno dos pit-stops no Circuito de Jed\u00e1, primeira rodada dupla do campeonato. O plano \u00e9 alternar a novidade com o tradicional <strong>Modo Ataque<\/strong> nos finais de semana de duas corridas: uma prova com um, outra prova apenas com outro. Nada, por\u00e9m, foi confirmado oficialmente.<\/p>\n\n\n\n<p class=\"wp-block-paragraph\">Ap\u00f3s o fim do per\u00edodo de testes, a&nbsp;<a href=\"https:\/\/www.grandepremio.com\/br\/formula-e\/\" target=\"_blank\" rel=\"noreferrer noopener\">F\u00f3rmula E<\/a>&nbsp;come\u00e7a a se preparar oficialmente para a estreia da temporada, programada para o dia&nbsp;<strong>7 de dezembro<\/strong>, em&nbsp;<strong><a href=\"https:\/\/www.grandepremio.com\/br\/circuito\/sao-paulo\/\" target=\"_blank\" rel=\"noreferrer noopener\"><\/a><a href=\"https:\/\/www.grandepremio.com\/br\/circuito\/sao-paulo\/\" target=\"_blank\" rel=\"noreferrer noopener\"><\/a><a href=\"https:\/\/www.grandepremio.com\/br\/circuito\/sao-paulo\/\" target=\"_blank\" rel=\"noreferrer noopener\"><\/a><a href=\"https:\/\/www.grandepremio.com\/br\/circuito\/sao-paulo\/\" target=\"_blank\" rel=\"noreferrer noopener\"><\/a><a href=\"https:\/\/www.grandepremio.com\/br\/circuito\/sao-paulo\/\" target=\"_blank\" rel=\"noreferrer noopener\"><\/a><a href=\"https:\/\/www.grandepremio.com\/br\/circuito\/sao-paulo\/\" target=\"_blank\" rel=\"noreferrer noopener\">S\u00e3o Paulo<\/a><\/strong>. O&nbsp;<strong>GRANDE PR\u00caMIO<\/strong>&nbsp;far\u00e1 a cobertura completa do evento, com presen\u00e7a&nbsp;<strong>IN LOCO<\/strong>, e do campeonato na \u00edntegra.<\/p>\n\n\n\n<p class=\"wp-block-paragraph\"><strong><img decoding=\"async\" style=\"width: 20px;\" src=\"https:\/\/s.w.org\/images\/core\/emoji\/14.0.0\/svg\/25b6.svg\" alt=\"\u25b6\ufe0f\">&nbsp;Inscreva-se nos dois canais do GRANDE PR\u00caMIO no YouTube:&nbsp;<a href=\"https:\/\/www.youtube.com\/channel\/UC9OlHEgxoaY6QY6nWPoiqQg?sub_confirmation=1\" target=\"_blank\" rel=\"noreferrer noopener\">GP<\/a>&nbsp;|&nbsp;<a href=\"https:\/\/www.youtube.com\/channel\/UC9csiS6q_C3C0FYhyr1rnFA?sub_confirmation=1\" target=\"_blank\" rel=\"noreferrer noopener\">GP2<\/a><\/strong><\/p>\n\n\n\n<figure class=\"wp-block-embed is-type-video is-provider-youtube wp-block-embed-youtube wp-embed-aspect-16-9 wp-has-aspect-ratio\"><div class=\"wp-block-embed__wrapper\">\n<iframe loading=\"lazy\" title=\"KIRO CRESCE E LOLA YAMAHA \u00c9 INC\u00d3GNITA: LI\u00c7\u00d5ES DA PR\u00c9-TEMPORADA DA F\u00d3RMULA E\" width=\"500\" height=\"281\" src=\"https:\/\/www.youtube.com\/embed\/0tz7CEWqYt8?feature=oembed\" frameborder=\"0\" allow=\"accelerometer; autoplay; clipboard-write; encrypted-media; gyroscope; picture-in-picture; web-share\" referrerpolicy=\"strict-origin-when-cross-origin\" allowfullscreen><\/iframe>\n<\/div><\/figure>\n","protected":false},"excerpt":{"rendered":"<p>Na primeira visita da hist\u00f3ria a Jed\u00e1, a F\u00f3rmula E prepara um tra\u00e7ado mais curto do que o normalmente usado pela F1 e com algumas mudan\u00e7as importantes. A primeira curva ser\u00e1 mantida, por\u00e9m, assim como boa parte da maior reta<\/p>\n","protected":false},"author":0,"featured_media":1000901329,"comment_status":"closed","ping_status":"closed","sticky":false,"template":"","format":"standard","meta":{"42wp_featured_image_caption":"","42wp_featured_image_credits":"","42wp_featured_video":"","42wp_featured_image_hidden":false,"42wp_authors_list":[],"footnotes":""},"categories":[19],"tags":[33214,28679,6853,41697,34057,379,41537,840,38802,1601,26266,1491,30103,28285,36219],"42wp_author":[47142],"class_list":["post-51833","post","type-post","status-publish","format-standard","has-post-thumbnail","hentry","category-formula-e","tag-calendario-fe","tag-calendario-formula-e","tag-classificacao-formula-e","tag-ep-de-jeda","tag-f1-jeda","tag-fe","tag-fe-2025","tag-formula-e","tag-formula-e-2025","tag-gen3","tag-gp-da-arabia-saudita","tag-grande-premio","tag-grande-premio-f1","tag-grandepremio","tag-onde-assistir-formula-e","42wp_author-jp-nascimento"],"_links":{"self":[{"href":"https:\/\/grandepremio.com\/br\/wp-json\/wp\/v2\/posts\/51833","targetHints":{"allow":["GET"]}}],"collection":[{"href":"https:\/\/grandepremio.com\/br\/wp-json\/wp\/v2\/posts"}],"about":[{"href":"https:\/\/grandepremio.com\/br\/wp-json\/wp\/v2\/types\/post"}],"replies":[{"embeddable":true,"href":"https:\/\/grandepremio.com\/br\/wp-json\/wp\/v2\/comments?post=51833"}],"version-history":[{"count":0,"href":"https:\/\/grandepremio.com\/br\/wp-json\/wp\/v2\/posts\/51833\/revisions"}],"wp:featuredmedia":[{"embeddable":true,"href":"https:\/\/grandepremio.com\/br\/wp-json\/wp\/v2\/media\/1000901329"}],"wp:attachment":[{"href":"https:\/\/grandepremio.com\/br\/wp-json\/wp\/v2\/media?parent=51833"}],"wp:term":[{"taxonomy":"category","embeddable":true,"href":"https:\/\/grandepremio.com\/br\/wp-json\/wp\/v2\/categories?post=51833"},{"taxonomy":"post_tag","embeddable":true,"href":"https:\/\/grandepremio.com\/br\/wp-json\/wp\/v2\/tags?post=51833"},{"taxonomy":"42wp_author","embeddable":true,"href":"https:\/\/grandepremio.com\/br\/wp-json\/wp\/v2\/42wp_author?post=51833"}],"curies":[{"name":"wp","href":"https:\/\/api.w.org\/{rel}","templated":true}]}}