{"id":52129,"date":"2024-11-24T00:00:00","date_gmt":"2024-11-24T03:00:00","guid":{"rendered":"https:\/\/grandepremio.com\/br\/noticias\/pilotos-exaltam-agilidade-novo-diretor-provas-f1-e-isso-que-queremos-ver\/"},"modified":"2024-11-24T02:37:53","modified_gmt":"2024-11-24T05:37:53","slug":"pilotos-exaltam-agilidade-novo-diretor-provas-f1-e-isso-que-queremos-ver","status":"publish","type":"post","link":"https:\/\/grandepremio.com\/br\/f1\/pilotos-exaltam-agilidade-novo-diretor-provas-f1-e-isso-que-queremos-ver\/","title":{"rendered":"Pilotos exaltam agilidade de novo diretor de provas da F1: &#8220;\u00c9 isso que queremos ver&#8221;"},"content":{"rendered":"\n<p class=\"wp-block-paragraph\"><strong>George Russell e Carlos Sainz <\/strong>aprovaram o in\u00edcio da passagem de <strong>Rui Marques <\/strong>como diretor de provas da<strong> F\u00f3rmula 1.<\/strong> O portugu\u00eas, com experi\u00eancia em <strong>F\u00f3rmula 2 e F\u00f3rmula 3<\/strong>, foi escolhido como substituto do alem\u00e3o <strong>Niels Wittich<\/strong> no intervalo das etapas do<strong> Brasil e de Las Vegas.<\/strong><\/p>\n\n\n\n<p class=\"wp-block-paragraph\">Russell, que \u00e9 o atual presidente da Associa\u00e7\u00e3o de Pilotos de Grand Prix [GPDA] e vai largar o GP de Las Vegas da pole-position, exaltou a agilidade de Marques para aceitar as sugest\u00f5es dos pilotos durante a tradicional reuni\u00e3o antes das corridas, como no caso dos limites de pista nos Estados Unidos.<\/p>\n\n\n\n<p class=\"wp-block-paragraph\">&#8220;\u00c9 positivo. Passamos por uma era onde nossos coment\u00e1rios eram considerados, mas pouca mudan\u00e7a acontecia. Por exemplo, muitos pilotos falaram sobre a quest\u00e3o dos limites de pista na curva 4. Sentimos que era um pouco desnecess\u00e1rio em circuito de rua e ele rapidamente fez uma mudan\u00e7a. \u00c9 isso que queremos ver como pilotos. Queremos ser ouvidos e queremos ver a\u00e7\u00f5es tomadas. At\u00e9 aqui, tem sido positivo&#8221;, declarou o piloto da Mercedes.<\/p>\n\n\n\n<p class=\"wp-block-paragraph\"><strong>\u00a0Inscreva-se nos dois canais do GRANDE PR\u00caMIO no YouTube:\u00a0<a href=\"https:\/\/www.youtube.com\/channel\/UC9OlHEgxoaY6QY6nWPoiqQg?sub_confirmation=1\" target=\"_blank\" rel=\"noreferrer noopener\">GP<\/a>\u00a0|\u00a0<a href=\"https:\/\/www.youtube.com\/channel\/UC9csiS6q_C3C0FYhyr1rnFA?sub_confirmation=1\" target=\"_blank\" rel=\"noreferrer noopener\">GP2<\/a><\/strong><br><strong>\u00a0LEIA TAMB\u00c9M:\u00a0<a href=\"https:\/\/www.grandepremio.com\/br\/f1\/noticias\/george-russell-confirma-forca-mercedes-conquista-3a-pole-position-ano-las-vegas\/\">Russell confirma for\u00e7a da Mercedes e conquista 3\u00aa pole do ano em Las Vegas<\/a><\/strong><\/p>\n\n\n\n<figure class=\"wp-block-image size-large\"><img decoding=\"async\" src=\"https:\/\/www.grandepremio.com\/br\/wp-content\/uploads\/2024\/11\/las-vegas-2024-f1-classificacao-ferrari-carlos-sainz-afp-03-1200x800.jpg\" alt=\"\" class=\"wp-image-900093\"\/><figcaption class=\"wp-element-caption\">Carlos Sainz (Foto: AFP) <\/figcaption><\/figure>\n\n\n\n<p class=\"wp-block-paragraph\">Sainz, da Ferrari, exaltou o trabalho de Marques com t\u00e3o pouco tempo no cargo, e apontou outra mudan\u00e7a sugerida por Russell durante a reuni\u00e3o dos pilotos, que, nas palavras do espanhol, foi uma das melhores em muito tempo na F\u00f3rmula 1.<\/p>\n\n\n\n<p class=\"wp-block-paragraph\">&#8220;Ele recebeu uma tarefa enorme ao entrar em uma temporada com apenas tr\u00eas corridas restantes, e ser diretor de prova \u00e9 um papel muito complicado na F\u00f3rmula 1. Voc\u00ea tem tantas vari\u00e1veis para controlar que acho que deram a ele uma tarefa muito dif\u00edcil, mas, honestamente, desde o primeiro fim de semana, logo de cara, ele tem sido muito bom. As reuni\u00f5es dos pilotos ontem foram umas das melhores que tivemos em muito tempo&#8221;, comentou.<\/p>\n\n\n\n<p class=\"wp-block-paragraph\">&#8220;George comentou sobre a sa\u00edda da curva 3. Eu diria que tamb\u00e9m pedimos algumas mudan\u00e7as na entrada dos boxes para tornar a linha mais vis\u00edvel, porque literalmente n\u00e3o consegu\u00edamos ver a linha de entrada dos boxes e est\u00e1vamos muito preocupados com isso. Hoje, chegamos \u00e0 pista e a linha de entrada dos boxes foi ampliada com uma linha azul, e todos n\u00f3s comentamos como isso foi \u00f3timo, porque fizeram uma mudan\u00e7a muito boa com uma abordagem excelente, e a maneira como fomos ouvidos ontem tornou a reuni\u00e3o muito positiva, e isso me deixou muito encorajado&#8221;, completou.<\/p>\n\n\n\n<p class=\"wp-block-paragraph\">O\u00a0<strong>GRANDE PR\u00caMIO<\/strong>\u00a0acompanha\u00a0<a href=\"https:\/\/www.grandepremio.com\/br\/ao-vivo\/f1\/\"><strong>AO VIVO e EM\u00a0<\/strong><\/a><a href=\"https:\/\/www.grandepremio.com\/br\/ao-vivo\/\"><\/a><strong><a href=\"https:\/\/www.grandepremio.com\/br\/ao-vivo\/\" target=\"_blank\" rel=\"noreferrer noopener\">TEMPO REAL<\/a><\/strong>\u00a0todas as atividades do\u00a0<strong>GP de Las Vegas,\u00a0<\/strong>na Las Vegas Strip, e transmite classifica\u00e7\u00e3o e corrida em segunda tela, em parceria com a Voz do Esporte, na\u00a0<a href=\"https:\/\/www.youtube.com\/c\/GrandePremioTV\/streams\"><strong>GPTV, o canal do GP no Youtube<\/strong><\/a>. Depois das atividades de cada dia, debate tudo o que aconteceu no Briefing.\u00a0A largada da corrida ser\u00e1 no\u00a0<strong>domingo (24)<\/strong>, \u00e0s\u00a0<strong>3h<\/strong>\u00a0(de Bras\u00edlia, GMT-3).<\/p>\n","protected":false},"excerpt":{"rendered":"<p>George Russell e Carlos Sainz exaltaram as mudan\u00e7as aplicadas rapidamente por Rui Marques nas<\/p>\n","protected":false},"author":0,"featured_media":1000900105,"comment_status":"closed","ping_status":"closed","sticky":false,"template":"","format":"standard","meta":{"42wp_featured_image_caption":"","42wp_featured_image_credits":"","42wp_featured_video":"","42wp_featured_image_hidden":false,"42wp_authors_list":[],"footnotes":""},"categories":[2],"tags":[26271,5273,147,3230,180,30909,31212,1491,28285,30840,35129,41557,33301],"42wp_author":[47119],"class_list":["post-52129","post","type-post","status-publish","format-standard","has-post-thumbnail","hentry","category-f1","tag-calendario-f1","tag-classificacao-f1","tag-f1","tag-f1-2024","tag-formula-1","tag-formula-1-2024","tag-gp-de-las-vegas","tag-grande-premio","tag-grandepremio","tag-horarios-f1","tag-onde-assistir-f1","tag-rui-marques","tag-temporada-2024-f1","42wp_author-gabriel-carvalho"],"_links":{"self":[{"href":"https:\/\/grandepremio.com\/br\/wp-json\/wp\/v2\/posts\/52129","targetHints":{"allow":["GET"]}}],"collection":[{"href":"https:\/\/grandepremio.com\/br\/wp-json\/wp\/v2\/posts"}],"about":[{"href":"https:\/\/grandepremio.com\/br\/wp-json\/wp\/v2\/types\/post"}],"replies":[{"embeddable":true,"href":"https:\/\/grandepremio.com\/br\/wp-json\/wp\/v2\/comments?post=52129"}],"version-history":[{"count":0,"href":"https:\/\/grandepremio.com\/br\/wp-json\/wp\/v2\/posts\/52129\/revisions"}],"wp:featuredmedia":[{"embeddable":true,"href":"https:\/\/grandepremio.com\/br\/wp-json\/wp\/v2\/media\/1000900105"}],"wp:attachment":[{"href":"https:\/\/grandepremio.com\/br\/wp-json\/wp\/v2\/media?parent=52129"}],"wp:term":[{"taxonomy":"category","embeddable":true,"href":"https:\/\/grandepremio.com\/br\/wp-json\/wp\/v2\/categories?post=52129"},{"taxonomy":"post_tag","embeddable":true,"href":"https:\/\/grandepremio.com\/br\/wp-json\/wp\/v2\/tags?post=52129"},{"taxonomy":"42wp_author","embeddable":true,"href":"https:\/\/grandepremio.com\/br\/wp-json\/wp\/v2\/42wp_author?post=52129"}],"curies":[{"name":"wp","href":"https:\/\/api.w.org\/{rel}","templated":true}]}}