{"id":52256,"date":"2024-11-23T05:14:17","date_gmt":"2024-11-23T08:14:17","guid":{"rendered":"https:\/\/grandepremio.com\/br\/noticias\/chefe-mercedes-afirma-sera-alegria-valtteri-bottas-volta-questao-tempo\/"},"modified":"2024-11-23T06:49:30","modified_gmt":"2024-11-23T09:49:30","slug":"chefe-mercedes-afirma-sera-alegria-valtteri-bottas-volta-questao-tempo","status":"publish","type":"post","link":"https:\/\/grandepremio.com\/br\/f1\/chefe-mercedes-afirma-sera-alegria-valtteri-bottas-volta-questao-tempo\/","title":{"rendered":"Chefe da Mercedes afirma que &#8220;ser\u00e1 alegria&#8221; ter Bottas de volta: &#8220;Quest\u00e3o de tempo&#8221;"},"content":{"rendered":"\n<p class=\"wp-block-paragraph\">Com a dupla para 2025 j\u00e1 assegurada, a <strong>Mercedes<\/strong> est\u00e1 perto de ter de volta \u00e0 fam\u00edlia um velho conhecido: <strong>Valtteri Bottas<\/strong>. E o chefe da equipe, <strong>Toto Wolff<\/strong>, admitiu que \u00e9 apenas &#8220;quest\u00e3o de tempo&#8221; at\u00e9 o acordo que visa o posto de piloto reserva ser concretizado na<strong> F\u00f3rmula 1.<\/strong><\/p>\n\n\n\n<p class=\"wp-block-paragraph\">Bottas foi preterido pela <strong>Sauber<\/strong>, que resolveu dar chance ao brasileiro <strong>Gabriel Bortoleto<\/strong> no ano que vem. Sem qualquer perspectiva de entrar na briga pelo \u00fanico assento restante, na RB, admitiu que ser reserva na equipe que defendeu por cinco temporadas era uma op\u00e7\u00e3o.<\/p>\n\n\n\n<p class=\"wp-block-paragraph\">Wolff, por sua vez, admitiu que seria \u00f3timo ter o finland\u00eas de volta. &#8220;Nada est\u00e1 assinado, nada est\u00e1 decidido, mas se ele voltasse \u00e0 fam\u00edlia, todos n\u00f3s ficar\u00edamos cheios de alegria&#8221;, declarou ao canal <em>ViaPlay <\/em>antes da classifica\u00e7\u00e3o do <strong>GP de Las Vegas<\/strong>.<\/p>\n\n\n\n<p class=\"wp-block-paragraph\">&#8220;Assim, o que quero dizer \u00e9 que se voc\u00ea tiver a oportunidade de ter um piloto como Valtteri de volta \u00e0 fam\u00edlia Mercedes, habilidoso, com experi\u00eancia com esses carros modernos, pode se considerar muito sortudo&#8221;, salientou.<\/p>\n\n\n\n<figure class=\"wp-block-image size-large\"><img decoding=\"async\" src=\"https:\/\/www.grandepremio.com\/br\/wp-content\/uploads\/2024\/11\/las-vegas-2024-f1-treinos-livres-sauber-valtteri-bottas-01-1200x800.jpg\" alt=\"\" class=\"wp-image-899986\"\/><figcaption class=\"wp-element-caption\">Valtteri Bottas (Foto: Sauber)<\/figcaption><\/figure>\n\n\n\n<p class=\"wp-block-paragraph\">Em seguida, Wolff deu mais detalhes e garantiu que est\u00e1 &#8220;muito ansioso&#8221; para concluir o acordo. &#8220;S\u00e3o negocia\u00e7\u00f5es no final, advogados sempre querem fazer os contratos fracassarem! Brincadeira, eles s\u00e3o \u00f3timos advogados, e \u00e9 uma quest\u00e3o de tempo&#8221;, concluiu.<\/p>\n\n\n\n<p class=\"wp-block-paragraph\">Bottas tem dez vit\u00f3rias e 20 pole-positions na carreira na F1, todas conquistadas a bordo do carro alem\u00e3o. Na Mercedes, dividiu os boxes com Lewis Hamilton e conquistou dois vice-campeonatos.<\/p>\n\n\n\n<p class=\"wp-block-paragraph\">O\u00a0<strong>GRANDE PR\u00caMIO<\/strong>\u00a0acompanha\u00a0<a href=\"https:\/\/www.grandepremio.com\/br\/ao-vivo\/f1\/\"><strong>AO VIVO e EM\u00a0<\/strong><\/a><a href=\"https:\/\/www.grandepremio.com\/br\/ao-vivo\/\"><\/a><strong><a href=\"https:\/\/www.grandepremio.com\/br\/ao-vivo\/\" target=\"_blank\" rel=\"noreferrer noopener\">TEMPO REAL<\/a><\/strong>\u00a0todas as atividades do\u00a0<strong>GP de Las Vegas,\u00a0<\/strong>na Las Vegas Strip, e transmite classifica\u00e7\u00e3o e corrida em segunda tela, em parceria com a Voz do Esporte, na\u00a0<a href=\"https:\/\/www.youtube.com\/c\/GrandePremioTV\/streams\"><strong>GPTV, o canal do GP no Youtube<\/strong><\/a>. Depois das atividades de cada dia, debate tudo o que aconteceu no Briefing.\u00a0A largada da corrida ser\u00e1 no\u00a0<strong>domingo (24)<\/strong>, \u00e0s\u00a0<strong>3h<\/strong>\u00a0(de Bras\u00edlia, GMT-3).<\/p>\n\n\n\n<p class=\"wp-block-paragraph\"><strong><img decoding=\"async\" src=\"https:\/\/a.slack-edge.com\/production-standard-emoji-assets\/14.0\/google-medium\/25b6-fe0f.png\" alt=\":seta_para_frente:\">\u00a0Inscreva-se nos dois canais do GRANDE PR\u00caMIO no YouTube:\u00a0<a href=\"https:\/\/www.youtube.com\/channel\/UC9OlHEgxoaY6QY6nWPoiqQg?sub_confirmation=1\" target=\"_blank\" rel=\"noreferrer noopener\">GP<\/a>\u00a0|\u00a0<a href=\"https:\/\/www.youtube.com\/channel\/UC9csiS6q_C3C0FYhyr1rnFA?sub_confirmation=1\" target=\"_blank\" rel=\"noreferrer noopener\">GP2<\/a><\/strong><br><strong><img decoding=\"async\" src=\"https:\/\/a.slack-edge.com\/production-standard-emoji-assets\/14.0\/google-medium\/25b6-fe0f.png\" alt=\":seta_para_frente:\">\u00a0LEIA TAMB\u00c9M: <a href=\"https:\/\/www.grandepremio.com\/br\/f1\/noticias\/george-russell-confirma-forca-mercedes-conquista-3a-pole-position-ano-las-vegas\/\">Russell confirma for\u00e7a da Mercedes e conquista 3\u00aa pole do ano em Las Vegas<\/a><\/strong><\/p>\n\n\n\n<figure class=\"wp-block-embed is-type-video is-provider-youtube wp-block-embed-youtube wp-embed-aspect-16-9 wp-has-aspect-ratio\"><div class=\"wp-block-embed__wrapper\">\n<iframe loading=\"lazy\" title=\"RUSSELL POLE, VERSTAPPEN 5\u00ba, COLAPINTO BATE: CLASSIFICA\u00c7\u00c3O e GRID de LARGADA, F1 em VEGAS | Briefing\" width=\"500\" height=\"281\" src=\"https:\/\/www.youtube.com\/embed\/6fc-ledqyGo?feature=oembed\" frameborder=\"0\" allow=\"accelerometer; autoplay; clipboard-write; encrypted-media; gyroscope; picture-in-picture; web-share\" referrerpolicy=\"strict-origin-when-cross-origin\" allowfullscreen><\/iframe>\n<\/div><\/figure>\n","protected":false},"excerpt":{"rendered":"<p>Toto Wolff afirmou que ter um piloto como Valtteri Bottas dispon\u00edvel para o posto de reserva \u00e9 &#8220;muita sorte&#8221;<\/p>\n","protected":false},"author":0,"featured_media":1000775064,"comment_status":"closed","ping_status":"closed","sticky":false,"template":"","format":"standard","meta":{"42wp_featured_image_caption":"","42wp_featured_image_credits":"","42wp_featured_video":"","42wp_featured_image_hidden":false,"42wp_authors_list":[],"footnotes":""},"categories":[2],"tags":[26271,5273,896,147,3230,180,30909,31212,37156,1491,28285,30840,3595,37803,31295,82,35129,33301,150,612],"42wp_author":[47147],"class_list":["post-52256","post","type-post","status-publish","format-standard","has-post-thumbnail","hentry","category-f1","tag-calendario-f1","tag-classificacao-f1","tag-estados-unidos","tag-f1","tag-f1-2024","tag-formula-1","tag-formula-1-2024","tag-gp-de-las-vegas","tag-gp-de-las-vegas-f1","tag-grande-premio","tag-grandepremio","tag-horarios-f1","tag-las-vegas","tag-las-vegas-2024","tag-las-vegas-f1","tag-mercedes","tag-onde-assistir-f1","tag-temporada-2024-f1","tag-toto-wolff","tag-valtteri-bottas","42wp_author-luana-marino"],"_links":{"self":[{"href":"https:\/\/grandepremio.com\/br\/wp-json\/wp\/v2\/posts\/52256","targetHints":{"allow":["GET"]}}],"collection":[{"href":"https:\/\/grandepremio.com\/br\/wp-json\/wp\/v2\/posts"}],"about":[{"href":"https:\/\/grandepremio.com\/br\/wp-json\/wp\/v2\/types\/post"}],"replies":[{"embeddable":true,"href":"https:\/\/grandepremio.com\/br\/wp-json\/wp\/v2\/comments?post=52256"}],"version-history":[{"count":0,"href":"https:\/\/grandepremio.com\/br\/wp-json\/wp\/v2\/posts\/52256\/revisions"}],"wp:featuredmedia":[{"embeddable":true,"href":"https:\/\/grandepremio.com\/br\/wp-json\/wp\/v2\/media\/1000775064"}],"wp:attachment":[{"href":"https:\/\/grandepremio.com\/br\/wp-json\/wp\/v2\/media?parent=52256"}],"wp:term":[{"taxonomy":"category","embeddable":true,"href":"https:\/\/grandepremio.com\/br\/wp-json\/wp\/v2\/categories?post=52256"},{"taxonomy":"post_tag","embeddable":true,"href":"https:\/\/grandepremio.com\/br\/wp-json\/wp\/v2\/tags?post=52256"},{"taxonomy":"42wp_author","embeddable":true,"href":"https:\/\/grandepremio.com\/br\/wp-json\/wp\/v2\/42wp_author?post=52256"}],"curies":[{"name":"wp","href":"https:\/\/api.w.org\/{rel}","templated":true}]}}