{"id":52548,"date":"2024-11-21T14:04:14","date_gmt":"2024-11-21T17:04:14","guid":{"rendered":"https:\/\/grandepremio.com\/br\/noticias\/valencia-mostra-sinais-recuperacao-anuncia-reabertura-circuito-dezembro\/"},"modified":"2024-11-21T14:05:11","modified_gmt":"2024-11-21T17:05:11","slug":"valencia-mostra-sinais-recuperacao-anuncia-reabertura-circuito-dezembro","status":"publish","type":"post","link":"https:\/\/grandepremio.com\/br\/motogp\/valencia-mostra-sinais-recuperacao-anuncia-reabertura-circuito-dezembro\/","title":{"rendered":"Val\u00eancia mostra sinais de recupera\u00e7\u00e3o e anuncia reabertura de circuito para dezembro"},"content":{"rendered":"\n<p class=\"wp-block-paragraph\">A <strong>Comunidade Valenciana<\/strong> segue se recuperando <a href=\"https:\/\/www.grandepremio.com\/br\/motogp\/noticias\/motogp-compromisso-etapa-valencia-mas-foco-ajudar-afetados\/\">depois das fortes chuvas e inunda\u00e7\u00f5es que atingiram a regi\u00e3o no fim de outubro<\/a>. Para o esporte a motor, a grande not\u00edcia foi a divulga\u00e7\u00e3o de que o<strong> Circuito Ricardo Tormo<\/strong>, pr\u00f3ximo a <strong>Val\u00eancia<\/strong> e que seria a etapa final da <strong>MotoGP<\/strong>, vai reabrir no dia <strong>5 de dezembro<\/strong>.<\/p>\n\n\n\n<p class=\"wp-block-paragraph\">Val\u00eancia habitualmente recebe a \u00faltima prova do <strong>Mundial de Motovelocidade<\/strong>, mas a destrui\u00e7\u00e3o na regi\u00e3o for\u00e7ou a MotoGP <a href=\"https:\/\/www.grandepremio.com\/br\/motogp\/noticias\/motogp-confirma-barcelona-lugar-valencia-para-decisao-temporada-2024\/\">a correr em <strong>Barcelona<\/strong><\/a>, ainda no territ\u00f3rio espanhol, para fechar o campeonato e coroar <strong>Jorge Mart\u00edn<\/strong> <a href=\"https:\/\/www.grandepremio.com\/br\/motogp\/noticias\/rejeitado-campeao-jorge-martin-fecha-conto-fadas-imponente-titulo-motogp\/\">como novo campe\u00e3o<\/a>.<\/p>\n\n\n\n<p class=\"wp-block-paragraph\">A <strong>F\u00f3rmula E<\/strong>, categoria de monopostos el\u00e9tricos que faria pr\u00e9-temporada no local no in\u00edcio de novembro, <a href=\"https:\/\/www.grandepremio.com\/br\/formula-e\/noticias\/formula-e-deixa-valencia-apos-enchentes-leva-pre-temporada-2025-para-jarama\/\">precisou se realocar no circuito de <strong>Jarama<\/strong><\/a>, pr\u00f3ximo a <strong>Madri<\/strong>, tamb\u00e9m na <strong>Espanha<\/strong>.<\/p>\n\n\n\n<p class=\"wp-block-paragraph\"><strong>\u25b6\ufe0f\u00a0Inscreva-se nos dois canais do GRANDE PR\u00caMIO no YouTube:\u00a0<a href=\"https:\/\/www.youtube.com\/channel\/UC9OlHEgxoaY6QY6nWPoiqQg?sub_confirmation=1\" target=\"_blank\" rel=\"noreferrer noopener\">GP<\/a>\u00a0|\u00a0<a href=\"https:\/\/www.youtube.com\/channel\/UC9csiS6q_C3C0FYhyr1rnFA?sub_confirmation=1\" target=\"_blank\" rel=\"noreferrer noopener\">GP2<\/a><\/strong><\/p>\n\n\n\n<figure class=\"wp-block-image size-large\"><img decoding=\"async\" src=\"https:\/\/www.grandepremio.com\/br\/wp-content\/uploads\/2024\/11\/2023-20-GP-Valencia-00233-1200x800.jpg\" alt=\"\" class=\"wp-image-899274\"\/><figcaption class=\"wp-element-caption\">Circuito Ricardo Tormo, em Val\u00eancia, vai reabrir ap\u00f3s fortes chuvas (Foto: Lukasz Swiderek\/PSP)<\/figcaption><\/figure>\n\n\n\n<p class=\"wp-block-paragraph\">A pista valenciana vai reabrir oficialmente no dia 5 de dezembro, com os port\u00f5es sendo acessados por um caminho alternativo. A principal via que liga o aut\u00f3dromo \u00e0 cidade se rompeu por conta das fortes chuvas de outubro.<\/p>\n\n\n\n<p class=\"wp-block-paragraph\">O primeiro evento em Val\u00eancia ser\u00e1 realizado pela <strong>Bike Promotion<\/strong>. De acordo com a administra\u00e7\u00e3o do Ricardo Tormo, o tra\u00e7ado n\u00e3o foi afetado pelo temporal. &#8220;A pista n\u00e3o sofreu danos e passou por avalia\u00e7\u00e3o t\u00e9cnica de seguran\u00e7a das instala\u00e7\u00f5es, por isso vai reabrir para servi\u00e7os&#8221;, disse a promotora.<\/p>\n\n\n\n<p class=\"wp-block-paragraph\">A\u00a0<strong><a href=\"https:\/\/grandepremio.com\/motovelocidade\/\" target=\"_blank\" rel=\"noreferrer noopener\">MotoGP<\/a><\/strong>\u00a0volta a acelerar entre 5 e 7 de fevereiro de 2025 para os primeiros testes de pr\u00e9-temporada, em\u00a0<strong><a href=\"https:\/\/www.grandepremio.com\/br\/circuito\/sepang\/\" target=\"_blank\" rel=\"noreferrer noopener\">Sepang<\/a><\/strong>, na\u00a0<strong>Mal\u00e1sia<\/strong>. O\u00a0<strong>GRANDE PR\u00caMIO\u00a0<\/strong>faz a cobertura completa do evento, assim como das outras classes do Mundial de\u00a0<a href=\"https:\/\/www.grandepremio.com\/motovelocidade\/\">Motovelocidade\u00a0<\/a>durante todo o ano.<\/p>\n\n\n\n<p class=\"wp-block-paragraph\"><strong>LEIA MAIS<\/strong><br><strong>\ud83c\udfc6\u00a0<a href=\"https:\/\/www.grandepremio.com\/br\/motogp\/noticias\/jorge-martin-usa-consistencia-levar-titulo-motogp-2024-roubar-1-ducati\/\">Mart\u00edn usa consist\u00eancia para levar t\u00edtulo da MotoGP em 2024 e roubar #1 da Ducati<\/a><br>\ud83c\udfc6\u00a0<a href=\"https:\/\/www.grandepremio.com\/br\/motogp\/noticias\/jorge-martin-torna-30o-piloto-diferente-ser-campeao-motogp-500cc-confira-lista\/\">Mart\u00edn se torna 30\u00ba piloto diferente a ser campe\u00e3o da MotoGP\/500cc. Confira lista<\/a><br>\ud83c\udfc6\u00a0<a href=\"https:\/\/www.grandepremio.com\/br\/motogp\/noticias\/jorge-martin-conquista-titulo-motogp-podio-barcelona-confira-classificacao-final\/\">Mart\u00edn conquista t\u00edtulo da MotoGP com p\u00f3dio em Barcelona. Confira classifica\u00e7\u00e3o final<\/a><\/strong><br><strong>\ud83c\udfc6<\/strong>\u00a0<strong><a href=\"https:\/\/www.grandepremio.com\/br\/motogp\/noticias\/jorge-martin-faz-historia-vira-primeiro-campeao-equipe-satelite-era-motogp\/\">Mart\u00edn faz hist\u00f3ria e vira primeiro campe\u00e3o com equipe sat\u00e9lite na \u2018Era MotoGP\u2019<\/a><\/strong><br>\ud83c\udfc6\u00a0<strong><a href=\"https:\/\/www.grandepremio.com\/br\/motogp\/noticias\/rejeitado-campeao-jorge-martin-fecha-conto-fadas-imponente-titulo-motogp\/\">De rejeitado a campe\u00e3o: Mart\u00edn fecha conto de fadas com imponente t\u00edtulo da MotoGP<\/a><\/strong><\/p>\n\n\n\n<figure class=\"wp-block-embed is-type-video is-provider-youtube wp-block-embed-youtube wp-embed-aspect-16-9 wp-has-aspect-ratio\"><div class=\"wp-block-embed__wrapper\">\n<iframe loading=\"lazy\" title=\"MART\u00cdN CAMPE\u00c3O da MOTOGP: vingan\u00e7a contra DUCATI ou prova de maturidade?\" width=\"500\" height=\"281\" src=\"https:\/\/www.youtube.com\/embed\/2ViyATmmsM8?feature=oembed\" frameborder=\"0\" allow=\"accelerometer; autoplay; clipboard-write; encrypted-media; gyroscope; picture-in-picture; web-share\" referrerpolicy=\"strict-origin-when-cross-origin\" allowfullscreen><\/iframe>\n<\/div><\/figure>\n","protected":false},"excerpt":{"rendered":"<p>O Circuito Ricardo Tormo, em Val\u00eancia, escapou das fortes chuvas e inunda\u00e7\u00f5es que atingiram a regi\u00e3o no fim de outubro, mas viu MotoGP e F\u00f3rmula E cancelarem compromissos e levarem para outros pontos da Espanha<\/p>\n","protected":false},"author":0,"featured_media":1000899272,"comment_status":"closed","ping_status":"closed","sticky":false,"template":"","format":"standard","meta":{"42wp_featured_image_caption":"","42wp_featured_image_credits":"","42wp_featured_video":"","42wp_featured_image_hidden":false,"42wp_authors_list":[],"footnotes":""},"categories":[8],"tags":[5214,7466,131,6513,2327,32229,28285,3504,130,24704,132,137,1300,79,78,34329,37693,41397,37691,37692,25819,29345,28766,307,37694,26690,136,41398,2716,172],"42wp_author":[47135],"class_list":["post-52548","post","type-post","status-publish","format-standard","has-post-thumbnail","hentry","category-motogp","tag-classificacao-motogp","tag-comunidade-valenciana","tag-ducati","tag-espn","tag-francesco-bagnaia","tag-gasgas","tag-grandepremio","tag-gresini","tag-honda","tag-jorge-martin","tag-ktm","tag-lcr","tag-marc-marquez","tag-moto-gp","tag-motogp","tag-motogp-2024","tag-motogp-2024-calendario","tag-motogp-24","tag-motogp-calendario-2024","tag-motogp-classificacao-2024","tag-motogp-hoje","tag-motogp-horario","tag-motogp-standings","tag-motor","tag-onde-assistir-motogp-2024","tag-pilotos-motogp","tag-pramac","tag-temporada-motogp","tag-valencia","tag-yamaha","42wp_author-pedro-luis-cuenca"],"_links":{"self":[{"href":"https:\/\/grandepremio.com\/br\/wp-json\/wp\/v2\/posts\/52548","targetHints":{"allow":["GET"]}}],"collection":[{"href":"https:\/\/grandepremio.com\/br\/wp-json\/wp\/v2\/posts"}],"about":[{"href":"https:\/\/grandepremio.com\/br\/wp-json\/wp\/v2\/types\/post"}],"replies":[{"embeddable":true,"href":"https:\/\/grandepremio.com\/br\/wp-json\/wp\/v2\/comments?post=52548"}],"version-history":[{"count":0,"href":"https:\/\/grandepremio.com\/br\/wp-json\/wp\/v2\/posts\/52548\/revisions"}],"wp:featuredmedia":[{"embeddable":true,"href":"https:\/\/grandepremio.com\/br\/wp-json\/wp\/v2\/media\/1000899272"}],"wp:attachment":[{"href":"https:\/\/grandepremio.com\/br\/wp-json\/wp\/v2\/media?parent=52548"}],"wp:term":[{"taxonomy":"category","embeddable":true,"href":"https:\/\/grandepremio.com\/br\/wp-json\/wp\/v2\/categories?post=52548"},{"taxonomy":"post_tag","embeddable":true,"href":"https:\/\/grandepremio.com\/br\/wp-json\/wp\/v2\/tags?post=52548"},{"taxonomy":"42wp_author","embeddable":true,"href":"https:\/\/grandepremio.com\/br\/wp-json\/wp\/v2\/42wp_author?post=52548"}],"curies":[{"name":"wp","href":"https:\/\/api.w.org\/{rel}","templated":true}]}}