{"id":52623,"date":"2024-11-21T07:34:26","date_gmt":"2024-11-21T10:34:26","guid":{"rendered":"https:\/\/grandepremio.com\/br\/noticias\/sergio-perez-diz-pai-cometeu-erro-comentario-homofobico-nao-compartilho-as-visoes\/"},"modified":"2024-11-21T15:49:32","modified_gmt":"2024-11-21T18:49:32","slug":"sergio-perez-diz-pai-cometeu-erro-comentario-homofobico-nao-compartilho-as-visoes","status":"publish","type":"post","link":"https:\/\/grandepremio.com\/br\/f1\/sergio-perez-diz-pai-cometeu-erro-comentario-homofobico-nao-compartilho-as-visoes\/","title":{"rendered":"P\u00e9rez diz que pai cometeu erro ap\u00f3s coment\u00e1rio homof\u00f3bico: &#8220;N\u00e3o compartilho&#8221;"},"content":{"rendered":"\n<p class=\"wp-block-paragraph\"><strong>Sergio P\u00e9rez <\/strong>admitiu o erro do pai, que fez coment\u00e1rios homof\u00f3bicos direcionados a <strong>Ralf Schumacher <\/strong>na \u00faltima semana. Nos preparativos para o <strong>GP de Las Vegas<\/strong>, o mexicano da <strong>Red Bull <\/strong>buscou se distanciar da pol\u00eamica gerada por <strong>Ant\u00f3nio P\u00e9rez Garibay<\/strong>.<\/p>\n\n\n\n<p class=\"wp-block-paragraph\">Em entrevista \u00e0 emissora ESPN Mexico, &#8216;Papa P\u00e9rez&#8217; atacou Ralf, que assumiu um relacionamento homoafetivo em junho deste ano, de forma homof\u00f3bica. O ex-piloto alem\u00e3o trabalha como comentarista de F\u00f3rmula 1 na Sky Sports e \u00e9 um cr\u00edtico das performances de Sergio, que \u00e9 apenas o oitavo colocado no Mundial de Pilotos e n\u00e3o venceu em 2024. &#8216;Checo&#8217; afirmou que o pai cometeu um erro.<\/p>\n\n\n\n<p class=\"wp-block-paragraph\">&#8220;Acho que ele cometeu um erro. N\u00e3o compartilho nada das suas vis\u00f5es, mas ao mesmo tempo, n\u00e3o posso controlar o que meu pai tem a dizer. S\u00f3 controlo o que digo. \u00c9 importante como esporte sempre mostrar que tudo que acontece nas pistas, fica nas pistas. Esta \u00e9 a forma que vejo e deveria ser exemplo para o resto do mundo&#8221;, afirmou o piloto da Red Bull nesta quinta-feira.<\/p>\n\n\n\n<p class=\"wp-block-paragraph\"><strong><img decoding=\"async\" src=\"https:\/\/a.slack-edge.com\/production-standard-emoji-assets\/14.0\/google-medium\/25b6-fe0f.png\" alt=\":seta_para_frente:\">&nbsp;Inscreva-se nos dois canais do GRANDE PR\u00caMIO no YouTube:&nbsp;<a href=\"https:\/\/www.youtube.com\/channel\/UC9OlHEgxoaY6QY6nWPoiqQg?sub_confirmation=1\" target=\"_blank\" rel=\"noreferrer noopener\">GP<\/a>&nbsp;|&nbsp;<a href=\"https:\/\/www.youtube.com\/channel\/UC9csiS6q_C3C0FYhyr1rnFA?sub_confirmation=1\" target=\"_blank\" rel=\"noreferrer noopener\">GP2<\/a><\/strong><br><strong><img decoding=\"async\" src=\"https:\/\/a.slack-edge.com\/production-standard-emoji-assets\/14.0\/google-medium\/25b6-fe0f.png\" alt=\":seta_para_frente:\">&nbsp;LEIA TAMB\u00c9M:&nbsp;<a href=\"https:\/\/www.grandepremio.com\/br\/f1\/noticias\/11-homens-quase-isso-um-segredo-las-vegas-se-prepara-definir-rumos-f1-2024\/\">11 homens (quase isso) e um segredo: Las Vegas se prepara para definir rumos da F1 2024<\/a><\/strong><\/p>\n\n\n\n<figure class=\"wp-block-image size-large\"><img decoding=\"async\" src=\"https:\/\/www.grandepremio.com\/br\/wp-content\/uploads\/2024\/11\/sao-paulo-brasil-interlagos-2024-f1-classificacao-red-bull-sergio-perez-afp-02-1200x800.jpg\" alt=\"\" class=\"wp-image-891760\"\/><figcaption class=\"wp-element-caption\">Sergio P\u00e9rez n\u00e3o conseguiu alcan\u00e7ar o top-10 no Brasil (Foto: AFP) <\/figcaption><\/figure>\n\n\n\n<p class=\"wp-block-paragraph\">Apesar de ter renovado contrato com a Red Bull at\u00e9 2026, P\u00e9rez vive enorme press\u00e3o pelos desempenhos ruins. O mexicano n\u00e3o sobe ao p\u00f3dio desde o GP da China e est\u00e1 242 pontos atr\u00e1s do companheiro de equipe Max Verstappen, que lidera o Mundial.<\/p>\n\n\n\n<p class=\"wp-block-paragraph\">&#8220;Precisamos de alguns 1-2 at\u00e9 o fim da temporada. Esperamos voltar aos trilhos para o principal objetivo para o resto do ano, tentar entrar forte nas pr\u00f3ximas corridas&#8221;, completou.<\/p>\n\n\n\n<p class=\"wp-block-paragraph\">O\u00a0<strong>GRANDE PR\u00caMIO<\/strong>\u00a0acompanha\u00a0<a href=\"https:\/\/www.grandepremio.com\/br\/ao-vivo\/f1\/\"><strong>AO VIVO e EM\u00a0<\/strong><\/a><a href=\"https:\/\/www.grandepremio.com\/br\/ao-vivo\/\"><\/a><strong><a href=\"https:\/\/www.grandepremio.com\/br\/ao-vivo\/\" target=\"_blank\" rel=\"noreferrer noopener\">TEMPO REAL<\/a><\/strong>\u00a0todas as atividades do\u00a0<strong>GP de Las Vegas,\u00a0<\/strong>na Las Vegas Strip, e transmite classifica\u00e7\u00e3o e corrida em segunda tela, em parceria com a Voz do Esporte, na\u00a0<a href=\"https:\/\/www.youtube.com\/c\/GrandePremioTV\/streams\"><strong>GPTV, o canal do GP no Youtube<\/strong><\/a>. Depois das atividades de cada dia, debate tudo o que aconteceu no Briefing.\u00a0Na noite de\u00a0<strong>quinta-feira (21)<\/strong>, \u00e0s\u00a0<strong>23h30<\/strong>\u00a0(de Bras\u00edlia, GMT-3), acontece o\u00a0<strong>treino livre 1<\/strong>. Depois, na madrugada de\u00a0<strong>sexta-feira<\/strong>\u00a0<strong>(22)<\/strong>, \u00e0s\u00a0<strong>3h<\/strong>, os pilotos realizam\u00a0<strong>a segunda sess\u00e3o<\/strong>. Ainda na noite de sexta-feira, retornam para o t<strong>erceiro treino livre<\/strong>, \u00e0s\u00a0<strong>23h30<\/strong>. Em seguida, na madrugada de\u00a0<strong>s\u00e1bado (23)<\/strong>, disputam a\u00a0<strong>classifica\u00e7\u00e3o<\/strong>. Por fim, a largada da corrida em Las Vegas ser\u00e1 no\u00a0<strong>domingo (24)<\/strong>, \u00e0s\u00a0<strong>3h<\/strong>.<\/p>\n","protected":false},"excerpt":{"rendered":"<p>Sergio P\u00e9rez buscou se distanciar de pol\u00eamica gerada pelo pai na \u00faltima semana. Ant\u00f3nio P\u00e9rez Garibay atacou o comentarista e ex-piloto Ralf Schumacher de forma homof\u00f3bica<\/p>\n","protected":false},"author":0,"featured_media":1000886759,"comment_status":"closed","ping_status":"closed","sticky":false,"template":"","format":"standard","meta":{"42wp_featured_image_caption":"","42wp_featured_image_credits":"","42wp_featured_video":"","42wp_featured_image_hidden":false,"42wp_authors_list":[],"footnotes":""},"categories":[2],"tags":[20491,26271,5273,302,147,3230,180,30909,31212,1491,28285,30840,35129,676,2423,204,3132,33301],"42wp_author":[47119],"class_list":["post-52623","post","type-post","status-publish","format-standard","has-post-thumbnail","hentry","category-f1","tag-alpine","tag-calendario-f1","tag-classificacao-f1","tag-esteban-ocon","tag-f1","tag-f1-2024","tag-formula-1","tag-formula-1-2024","tag-gp-de-las-vegas","tag-grande-premio","tag-grandepremio","tag-horarios-f1","tag-onde-assistir-f1","tag-pierre-gasly","tag-ralf-schumacher","tag-red-bull","tag-sergio-perez","tag-temporada-2024-f1","42wp_author-gabriel-carvalho"],"_links":{"self":[{"href":"https:\/\/grandepremio.com\/br\/wp-json\/wp\/v2\/posts\/52623","targetHints":{"allow":["GET"]}}],"collection":[{"href":"https:\/\/grandepremio.com\/br\/wp-json\/wp\/v2\/posts"}],"about":[{"href":"https:\/\/grandepremio.com\/br\/wp-json\/wp\/v2\/types\/post"}],"replies":[{"embeddable":true,"href":"https:\/\/grandepremio.com\/br\/wp-json\/wp\/v2\/comments?post=52623"}],"version-history":[{"count":0,"href":"https:\/\/grandepremio.com\/br\/wp-json\/wp\/v2\/posts\/52623\/revisions"}],"wp:featuredmedia":[{"embeddable":true,"href":"https:\/\/grandepremio.com\/br\/wp-json\/wp\/v2\/media\/1000886759"}],"wp:attachment":[{"href":"https:\/\/grandepremio.com\/br\/wp-json\/wp\/v2\/media?parent=52623"}],"wp:term":[{"taxonomy":"category","embeddable":true,"href":"https:\/\/grandepremio.com\/br\/wp-json\/wp\/v2\/categories?post=52623"},{"taxonomy":"post_tag","embeddable":true,"href":"https:\/\/grandepremio.com\/br\/wp-json\/wp\/v2\/tags?post=52623"},{"taxonomy":"42wp_author","embeddable":true,"href":"https:\/\/grandepremio.com\/br\/wp-json\/wp\/v2\/42wp_author?post=52623"}],"curies":[{"name":"wp","href":"https:\/\/api.w.org\/{rel}","templated":true}]}}