{"id":52653,"date":"2024-11-21T04:41:25","date_gmt":"2024-11-21T07:41:25","guid":{"rendered":"https:\/\/grandepremio.com\/br\/noticias\/yuki-tsunoda-sentiu-estranho-quase-barrado-eua-perguntou-salario\/"},"modified":"2024-11-21T18:44:44","modified_gmt":"2024-11-21T21:44:44","slug":"yuki-tsunoda-sentiu-estranho-quase-barrado-eua-perguntou-salario","status":"publish","type":"post","link":"https:\/\/grandepremio.com\/br\/f1\/yuki-tsunoda-sentiu-estranho-quase-barrado-eua-perguntou-salario\/","title":{"rendered":"Tsunoda diz que se sentiu &#8220;estranho&#8221; ao quase ser barrado nos EUA: &#8220;Perguntou at\u00e9 sal\u00e1rio&#8221;"},"content":{"rendered":"\n<p class=\"wp-block-paragraph\">Por pouco, <strong>Yuki Tsunoda<\/strong> n\u00e3o perdeu o<strong> GP de Las Vegas <\/strong>de <strong>F\u00f3rmula 1<\/strong>, que acontece neste fim de semana, e tudo por conta do rigoroso controle de entrada de estrangeiros nos <strong>Estados Unidos<\/strong>. O piloto da <strong>RB <\/strong>revelou que ficou cerca de tr\u00eas horas preso na alf\u00e2ndega at\u00e9 ser totalmente liberado para entrar no pa\u00eds.<\/p>\n\n\n\n<p class=\"wp-block-paragraph\">Tsunoda chegou a ser impedido de procurar algu\u00e9m da <strong>Racing Bulls <\/strong>para ajudar na conversa com o agente alfandeg\u00e1rio. Em meio a tantas perguntas que teve de responder, viu at\u00e9 o sal\u00e1rio ser questionado.<\/p>\n\n\n\n<p class=\"wp-block-paragraph\">&#8220;Felizmente, eles me deixaram entrar depois de algumas conversas&#8221;, contou Yuki aos jornalistas durante a coletiva de imprensa oficial desta quinta-feira (21). &#8220;Bom, foram muitas, na verdade. Mas, sim, quase fui mandado de volta para casa. Agora est\u00e1 tudo bem, estou aqui&#8221;, acrescentou.<\/p>\n\n\n\n<p class=\"wp-block-paragraph\">&#8220;Tirei os vistos e tudo mais. A mesma coisa das \u00faltimas tr\u00eas pistas, n\u00e3o? Consegui entrar sem problemas na anterior [Circuito das Am\u00e9ricas]. Eu me senti um pouco estranho por ter sido barrado e tive uma discuss\u00e3o normal. Felizmente, o problema n\u00e3o durou mais do que duas ou tr\u00eas horas&#8221;, seguiu Tsunoda, lembrando que \u00e9 a terceira vez no ano que a F1 desembarca em solo norte-americano.<\/p>\n\n\n\n<figure class=\"wp-block-image size-large\"><img decoding=\"async\" src=\"https:\/\/www.grandepremio.com\/br\/wp-content\/uploads\/2024\/11\/las-vegas-2024-f1-quinta-feira-rb-yuki-tsunoda-afp-01-1200x824.jpg\" alt=\"\" class=\"wp-image-899025\"\/><figcaption class=\"wp-element-caption\">Yuki Tsunoda quase foi deportado! (Foto: AFP) <\/figcaption><\/figure>\n\n\n\n<p class=\"wp-block-paragraph\">\u201cN\u00e3o \u00e9 a primeira vez que viemos para c\u00e1 este ano&#8221;, continuou Yuki sobre o pa\u00eds que recentemente trouxe o republicano Donald Trump de volta ao poder \u2014 e o futuro presidente j\u00e1 afirmou que vai dar in\u00edcio &#8220;ao maior programa de deporta\u00e7\u00e3o da hist\u00f3ria dos Estados Unidos&#8221; e endurecer as fronteiras.<\/p>\n\n\n\n<p class=\"wp-block-paragraph\">&#8220;Ouvi muitas coisas, mas espero que tudo esteja bem no futuro, sem problemas&#8221;, frisou o piloto. Em seguida, deu mais detalhes do que ocorrera no aeroporto.<\/p>\n\n\n\n<p class=\"wp-block-paragraph\">&#8220;Estava viajando com meu fisioterapeuta, mas quando voc\u00ea passa pela alf\u00e2ndega, vai individualmente. Ele [o agente da alf\u00e2ndega] me colocou em uma sala e tivemos uma conversa. Perguntei se podia levar a pessoa com quem estava viajando, pois talvez pudesse ajudar a explicar mais sobre mim e sobre ser um piloto de F1. Mas eles n\u00e3o permitiram, nem mesmo que eu ligasse para algu\u00e9m&#8221;, explicou.<\/p>\n\n\n\n<p class=\"wp-block-paragraph\">&#8220;Queria ligar para a equipe tamb\u00e9m, ou para a F\u00f3rmula 1, talvez pudessem me ajudar, mas naquela sala, voc\u00ea n\u00e3o pode fazer nada&#8221;. Ao ser perguntado se o agente teve d\u00favidas se era mesmo um piloto,  brincou. &#8220;Talvez. Eu estava de pijama, talvez n\u00e3o parecesse um piloto de F1.&#8221;<\/p>\n\n\n\n<p class=\"wp-block-paragraph\">&#8220;Tenho certeza de que ele sabia. Durante a conversa, at\u00e9 me perguntou o sal\u00e1rio e tudo mais&#8221;, revelou. &#8220;\u00c9 uma situa\u00e7\u00e3o inc\u00f4moda, n\u00e3o pude dizer nada sobre coisas pelas quais fui muito pressionado. Se dissesse algo mais, sinto que estaria mais em apuros. Espero que tudo seja resolvido. Felizmente, passei sem problemas&#8221;, encerrou.<\/p>\n\n\n\n<p class=\"wp-block-paragraph\">O&nbsp;<strong>GRANDE PR\u00caMIO<\/strong>&nbsp;acompanha&nbsp;<a href=\"https:\/\/www.grandepremio.com\/br\/ao-vivo\/f1\/\"><strong>AO VIVO e EM&nbsp;<\/strong><\/a><a href=\"https:\/\/www.grandepremio.com\/br\/ao-vivo\/\"><\/a><strong><a href=\"https:\/\/www.grandepremio.com\/br\/ao-vivo\/\" target=\"_blank\" rel=\"noreferrer noopener\">TEMPO REAL<\/a><\/strong>&nbsp;todas as atividades do&nbsp;<strong>GP de Las Vegas,&nbsp;<\/strong>na Las Vegas Strip, e transmite classifica\u00e7\u00e3o e corrida em segunda tela, em parceria com a Voz do Esporte, na&nbsp;<a href=\"https:\/\/www.youtube.com\/c\/GrandePremioTV\/streams\"><strong>GPTV, o canal do GP no Youtube<\/strong><\/a>. Depois das atividades de cada dia, debate tudo o que aconteceu no Briefing.&nbsp;Na noite de&nbsp;<strong>quinta-feira (21)<\/strong>, \u00e0s&nbsp;<strong>23h30<\/strong>&nbsp;(de Bras\u00edlia, GMT-3), acontece o&nbsp;<strong>treino livre 1<\/strong>. Depois, na madrugada de&nbsp;<strong>sexta-feira<\/strong>&nbsp;<strong>(22)<\/strong>, \u00e0s&nbsp;<strong>3h<\/strong>, os pilotos realizam&nbsp;<strong>a segunda sess\u00e3o<\/strong>. Ainda na noite de sexta-feira, retornam para o t<strong>erceiro treino livre<\/strong>, \u00e0s&nbsp;<strong>23h30<\/strong>. Em seguida, na madrugada de&nbsp;<strong>s\u00e1bado (23)<\/strong>, disputam a&nbsp;<strong>classifica\u00e7\u00e3o<\/strong>. Por fim, a largada da corrida em Las Vegas ser\u00e1 no&nbsp;<strong>domingo (24)<\/strong>, \u00e0s&nbsp;<strong>3h<\/strong>.<\/p>\n\n\n\n<p class=\"wp-block-paragraph\"><strong><img decoding=\"async\" src=\"https:\/\/a.slack-edge.com\/production-standard-emoji-assets\/14.0\/google-medium\/25b6-fe0f.png\" alt=\":seta_para_frente:\">&nbsp;Inscreva-se nos dois canais do GRANDE PR\u00caMIO no YouTube:&nbsp;<a href=\"https:\/\/www.youtube.com\/channel\/UC9OlHEgxoaY6QY6nWPoiqQg?sub_confirmation=1\" target=\"_blank\" rel=\"noreferrer noopener\">GP<\/a>&nbsp;|&nbsp;<a href=\"https:\/\/www.youtube.com\/channel\/UC9csiS6q_C3C0FYhyr1rnFA?sub_confirmation=1\" target=\"_blank\" rel=\"noreferrer noopener\">GP2<\/a><\/strong><br><strong><img decoding=\"async\" src=\"https:\/\/a.slack-edge.com\/production-standard-emoji-assets\/14.0\/google-medium\/25b6-fe0f.png\" alt=\":seta_para_frente:\">&nbsp;LEIA TAMB\u00c9M:&nbsp;<a href=\"https:\/\/www.grandepremio.com\/br\/f1\/noticias\/max-verstappen-resiste-fase-tempestuosa-beija-tetra-formula-1-bencaos-show-brasil\/\">Verstappen resiste a fase tempestuosa e beija tetra da F1 com b\u00ean\u00e7\u00e3os de show no Brasil<\/a><\/strong><\/p>\n\n\n\n<figure class=\"wp-block-embed is-type-video is-provider-youtube wp-block-embed-youtube wp-embed-aspect-16-9 wp-has-aspect-ratio\"><div class=\"wp-block-embed__wrapper\">\n<iframe loading=\"lazy\" title=\"RED BULL CULPADA por ATAQUE aos WOLFF e DRUGOVICH ENTRE F1 e DAYTONA | TTGP #162\" width=\"500\" height=\"281\" src=\"https:\/\/www.youtube.com\/embed\/owGj0o7Wy-c?start=5&amp;feature=oembed\" frameborder=\"0\" allow=\"accelerometer; autoplay; clipboard-write; encrypted-media; gyroscope; picture-in-picture; web-share\" referrerpolicy=\"strict-origin-when-cross-origin\" allowfullscreen><\/iframe>\n<\/div><\/figure>\n","protected":false},"excerpt":{"rendered":"<p>Yuki Tsunoda contou que ficou cerca de tr\u00eas horas preso na alf\u00e2ndega e foi impedido de procurar a RB ou mesmo a F\u00f3rmula 1 para ajud\u00e1-lo a entrar nos Estados Unidos<\/p>\n","protected":false},"author":0,"featured_media":1000889113,"comment_status":"closed","ping_status":"closed","sticky":false,"template":"","format":"standard","meta":{"42wp_featured_image_caption":"","42wp_featured_image_credits":"","42wp_featured_video":"","42wp_featured_image_hidden":false,"42wp_authors_list":[],"footnotes":""},"categories":[2],"tags":[26271,5273,896,147,3230,180,30909,31212,37156,1491,28285,30840,3595,37803,31295,35129,39061,33301,597],"42wp_author":[47147],"class_list":["post-52653","post","type-post","status-publish","format-standard","has-post-thumbnail","hentry","category-f1","tag-calendario-f1","tag-classificacao-f1","tag-estados-unidos","tag-f1","tag-f1-2024","tag-formula-1","tag-formula-1-2024","tag-gp-de-las-vegas","tag-gp-de-las-vegas-f1","tag-grande-premio","tag-grandepremio","tag-horarios-f1","tag-las-vegas","tag-las-vegas-2024","tag-las-vegas-f1","tag-onde-assistir-f1","tag-rb-2","tag-temporada-2024-f1","tag-yuki-tsunoda","42wp_author-luana-marino"],"_links":{"self":[{"href":"https:\/\/grandepremio.com\/br\/wp-json\/wp\/v2\/posts\/52653","targetHints":{"allow":["GET"]}}],"collection":[{"href":"https:\/\/grandepremio.com\/br\/wp-json\/wp\/v2\/posts"}],"about":[{"href":"https:\/\/grandepremio.com\/br\/wp-json\/wp\/v2\/types\/post"}],"replies":[{"embeddable":true,"href":"https:\/\/grandepremio.com\/br\/wp-json\/wp\/v2\/comments?post=52653"}],"version-history":[{"count":0,"href":"https:\/\/grandepremio.com\/br\/wp-json\/wp\/v2\/posts\/52653\/revisions"}],"wp:featuredmedia":[{"embeddable":true,"href":"https:\/\/grandepremio.com\/br\/wp-json\/wp\/v2\/media\/1000889113"}],"wp:attachment":[{"href":"https:\/\/grandepremio.com\/br\/wp-json\/wp\/v2\/media?parent=52653"}],"wp:term":[{"taxonomy":"category","embeddable":true,"href":"https:\/\/grandepremio.com\/br\/wp-json\/wp\/v2\/categories?post=52653"},{"taxonomy":"post_tag","embeddable":true,"href":"https:\/\/grandepremio.com\/br\/wp-json\/wp\/v2\/tags?post=52653"},{"taxonomy":"42wp_author","embeddable":true,"href":"https:\/\/grandepremio.com\/br\/wp-json\/wp\/v2\/42wp_author?post=52653"}],"curies":[{"name":"wp","href":"https:\/\/api.w.org\/{rel}","templated":true}]}}