{"id":52742,"date":"2024-11-20T09:32:35","date_gmt":"2024-11-20T12:32:35","guid":{"rendered":"https:\/\/grandepremio.com\/br\/noticias\/david-coulthard-critica-preconceito-julgamentos-max-verstappen-nao-gostam-dele\/"},"modified":"2024-11-20T16:09:55","modified_gmt":"2024-11-20T19:09:55","slug":"david-coulthard-critica-preconceito-julgamentos-max-verstappen-nao-gostam-dele","status":"publish","type":"post","link":"https:\/\/grandepremio.com\/br\/f1\/david-coulthard-critica-preconceito-julgamentos-max-verstappen-nao-gostam-dele\/","title":{"rendered":"Coulthard critica &#8220;preconceito&#8221; de julgamentos sobre Verstappen: &#8220;N\u00e3o gostam dele&#8221;"},"content":{"rendered":"\n<p class=\"wp-block-paragraph\">Ex-piloto da <strong>Red Bull<\/strong> na <strong>F\u00f3rmula 1,<\/strong> <strong>David Coulthard<\/strong> comentou o sucesso de <strong>Max Verstappen<\/strong> na categoria e acusou de &#8220;preconceito&#8221; aqueles que n\u00e3o reconhecem que o tricampe\u00e3o foi &#8220;brilhante&#8221; na recupera\u00e7\u00e3o do <strong>GP de S\u00e3o Paulo<\/strong>. Na opini\u00e3o do escoc\u00eas, o julgamento sobre o neerland\u00eas \u00e9 afetado pelo fato de que algumas pessoas n\u00e3o gostam de Max como pessoa.<\/p>\n\n\n\n<p class=\"wp-block-paragraph\">&#8220;Eu ganhei um pouco, perdi bastante e observei alguns pilotos brilhantes na minha \u00e9poca&#8221;, disse Coulthard ao portal <em>PlanetF1<\/em>. &#8220;Mas me impressiona que, apenas porque algu\u00e9m n\u00e3o gosta dele [Verstappen] como pessoa, isso influencia o julgamento dos fatos&#8221;, criticou.<\/p>\n\n\n\n<p class=\"wp-block-paragraph\">Segundo Coulthard, que citou <strong>Ayrton Senna<\/strong> e <strong>Michael Schumacher<\/strong> como exemplos, \u00e9 dif\u00edcil de lembrar algu\u00e9m que teve tanto sucesso na F\u00f3rmula 1 sem controv\u00e9rsias. Seria necess\u00e1rio voltar muito ao passado, em uma \u00e9poca em que os pilotos corriam risco de perder a vida a cada curva.<\/p>\n\n\n\n<p class=\"wp-block-paragraph\">&#8220;O fato \u00e9: o cara \u00e9 brilhantemente r\u00e1pido. Sim, ele \u00e9 controverso, mas Senna tamb\u00e9m era. Michael era controverso. N\u00e3o sei se j\u00e1 tivemos algu\u00e9m de muito sucesso e sem controv\u00e9rsias. Talvez se voc\u00ea voltar aos anos <strong>1960 <\/strong>e <strong>1970<\/strong>, quando eles literalmente andavam com as vidas nas m\u00e3os&#8221;, pontuou.<\/p>\n\n\n\n<figure class=\"wp-block-image size-large\"><img decoding=\"async\" src=\"https:\/\/www.grandepremio.com\/br\/wp-content\/uploads\/2024\/11\/SI202410270151-1200x800.jpg\" alt=\"\" class=\"wp-image-898601\"\/><figcaption class=\"wp-element-caption\">Verstappen deu uma li\u00e7\u00e3o aos outros pilotos no Brasil, segundo Coulthard (Foto: Mark Thompson\/Getty Images)<\/figcaption><\/figure>\n\n\n\n<p class=\"wp-block-paragraph\">Por fim, Coulthard disse que a pilotagem de Verstappen em Interlagos, ao sair de <strong>17\u00ba <\/strong>no grid para a <strong>vit\u00f3ria<\/strong>, foi uma &#8220;li\u00e7\u00e3o&#8221; para todos os outros pilotos da F1. Caso algu\u00e9m n\u00e3o reconhe\u00e7a isso, por\u00e9m, o ex-piloto v\u00ea uma quest\u00e3o de &#8220;preconceito&#8221; com o neerland\u00eas.<\/p>\n\n\n\n<p class=\"wp-block-paragraph\">&#8220;Por\u00e9m, por mais velho que eu seja, n\u00e3o estava por perto nessa \u00e9poca. Ent\u00e3o, n\u00e3o posso julgar. A pilotagem dele no Brasil foi uma li\u00e7\u00e3o para todos os outros pilotos. Ele estava em outro n\u00edvel&#8221;, elogiou.<\/p>\n\n\n\n<p class=\"wp-block-paragraph\">&#8220;Se algu\u00e9m n\u00e3o consegue reconhecer isso e dizer: &#8220;Foi brilhante&#8221;, essa pessoa tem um problema. Uma quest\u00e3o de preconceito, algo que causa tantos problemas no mundo&#8221;, finalizou Coulthard.<\/p>\n\n\n\n<p class=\"wp-block-paragraph\">A&nbsp;<strong><a href=\"https:\/\/www.grandepremio.com\/br\/f1\/\" target=\"_blank\" rel=\"noreferrer noopener\"><\/a><a href=\"https:\/\/www.grandepremio.com\/br\/f1\/\" target=\"_blank\" rel=\"noreferrer noopener\">F\u00f3rmula 1<\/a><\/strong>&nbsp;volta \u00e0s pistas para o&nbsp;<strong>GP de Las Vegas<\/strong>, nos&nbsp;<strong>Estados Unidos<\/strong>, entre os dias 21 e 24 de novembro. Depois, realiza corridas no&nbsp;<strong>Catar<\/strong>, \u00faltima sprint do ano, e&nbsp;<strong>Abu Dhabi<\/strong>.<\/p>\n\n\n\n<p class=\"wp-block-paragraph\"><strong><img decoding=\"async\" style=\"width: 20px;\" src=\"https:\/\/s.w.org\/images\/core\/emoji\/14.0.0\/svg\/25b6.svg\" alt=\"\u25b6\ufe0f\">&nbsp;Inscreva-se nos dois canais do GRANDE PR\u00caMIO no YouTube:&nbsp;<a href=\"https:\/\/www.youtube.com\/channel\/UC9OlHEgxoaY6QY6nWPoiqQg?sub_confirmation=1\" target=\"_blank\" rel=\"noreferrer noopener\">GP<\/a>&nbsp;|&nbsp;<a href=\"https:\/\/www.youtube.com\/channel\/UC9csiS6q_C3C0FYhyr1rnFA?sub_confirmation=1\" target=\"_blank\" rel=\"noreferrer noopener\">GP2<\/a><\/strong><\/p>\n\n\n\n<figure class=\"wp-block-embed is-type-video is-provider-youtube wp-block-embed-youtube wp-embed-aspect-16-9 wp-has-aspect-ratio\"><div class=\"wp-block-embed__wrapper\">\n<iframe loading=\"lazy\" title=\"PAI DE P\u00c9REZ SOLTA FALA HOMOF\u00d3BICA E A GRANDE DECIS\u00c3O DA MOTOGP 2024 | Paddock Sprint\" width=\"500\" height=\"281\" src=\"https:\/\/www.youtube.com\/embed\/S8ZYYo1tjTU?feature=oembed\" frameborder=\"0\" allow=\"accelerometer; autoplay; clipboard-write; encrypted-media; gyroscope; picture-in-picture; web-share\" referrerpolicy=\"strict-origin-when-cross-origin\" allowfullscreen><\/iframe>\n<\/div><\/figure>\n","protected":false},"excerpt":{"rendered":"<p>David Coulthard disse que as an\u00e1lises sobre Max Verstappen s\u00e3o influenciadas pelo fato de que muitas pessoas n\u00e3o gostam do piloto fora das pistas. Segundo ele, o tricampe\u00e3o \u00e9 controverso, mas \u00e9 necess\u00e1rio admitir que foi &#8220;brilhante&#8221; no Brasil<\/p>\n","protected":false},"author":0,"featured_media":1000892350,"comment_status":"closed","ping_status":"closed","sticky":false,"template":"","format":"standard","meta":{"42wp_featured_image_caption":"","42wp_featured_image_credits":"","42wp_featured_video":"","42wp_featured_image_hidden":false,"42wp_authors_list":[],"footnotes":""},"categories":[2],"tags":[548,3230,642,1491,32667,203,204],"42wp_author":[47142],"class_list":["post-52742","post","type-post","status-publish","format-standard","has-post-thumbnail","hentry","category-f1","tag-david-coulthard","tag-f1-2024","tag-f1-ao-vivo","tag-grande-premio","tag-grandepremio-f1","tag-max-verstappen","tag-red-bull","42wp_author-jp-nascimento"],"_links":{"self":[{"href":"https:\/\/grandepremio.com\/br\/wp-json\/wp\/v2\/posts\/52742","targetHints":{"allow":["GET"]}}],"collection":[{"href":"https:\/\/grandepremio.com\/br\/wp-json\/wp\/v2\/posts"}],"about":[{"href":"https:\/\/grandepremio.com\/br\/wp-json\/wp\/v2\/types\/post"}],"replies":[{"embeddable":true,"href":"https:\/\/grandepremio.com\/br\/wp-json\/wp\/v2\/comments?post=52742"}],"version-history":[{"count":0,"href":"https:\/\/grandepremio.com\/br\/wp-json\/wp\/v2\/posts\/52742\/revisions"}],"wp:featuredmedia":[{"embeddable":true,"href":"https:\/\/grandepremio.com\/br\/wp-json\/wp\/v2\/media\/1000892350"}],"wp:attachment":[{"href":"https:\/\/grandepremio.com\/br\/wp-json\/wp\/v2\/media?parent=52742"}],"wp:term":[{"taxonomy":"category","embeddable":true,"href":"https:\/\/grandepremio.com\/br\/wp-json\/wp\/v2\/categories?post=52742"},{"taxonomy":"post_tag","embeddable":true,"href":"https:\/\/grandepremio.com\/br\/wp-json\/wp\/v2\/tags?post=52742"},{"taxonomy":"42wp_author","embeddable":true,"href":"https:\/\/grandepremio.com\/br\/wp-json\/wp\/v2\/42wp_author?post=52742"}],"curies":[{"name":"wp","href":"https:\/\/api.w.org\/{rel}","templated":true}]}}