{"id":52752,"date":"2024-11-20T09:22:50","date_gmt":"2024-11-20T12:22:50","guid":{"rendered":"https:\/\/grandepremio.com\/br\/noticias\/chefe-mercedes-diz-nao-pode-confiar-christian-horner-tentou-me-prejudicar\/"},"modified":"2024-11-20T12:03:46","modified_gmt":"2024-11-20T15:03:46","slug":"chefe-mercedes-diz-nao-pode-confiar-christian-horner-tentou-me-prejudicar","status":"publish","type":"post","link":"https:\/\/grandepremio.com\/br\/f1\/chefe-mercedes-diz-nao-pode-confiar-christian-horner-tentou-me-prejudicar\/","title":{"rendered":"Chefe da Mercedes diz que &#8220;n\u00e3o pode confiar&#8221; em Horner: &#8220;Tentou me prejudicar&#8221;"},"content":{"rendered":"\n<p class=\"wp-block-paragraph\">O relacionamento entre <strong>Toto Wolff<\/strong> e <strong>Christian Horner<\/strong>, chefes de equipe da <strong>Mercedes<\/strong> e <strong>Red Bull<\/strong>, respectivamente, j\u00e1 n\u00e3o era dos melhores desde a disputa envolvendo <strong>Lewis Hamilton<\/strong> e <strong>Max Verstappen<\/strong> na temporada 2021 da <strong>F\u00f3rmula 1<\/strong>. No entanto, uma situa\u00e7\u00e3o recente envolvendo <strong>Susie Wolff<\/strong> deixou o dirigente das Flechas de Prata ainda mais revoltado com o rival, levando-o a questionar a confiabilidade do colega de profiss\u00e3o.<\/p>\n\n\n\n<p class=\"wp-block-paragraph\">Logo nos primeiros dias de dezembro de 2023, o departamento de compliance da <strong>Federa\u00e7\u00e3o Internacional de Automobilismo<\/strong> (<strong>FIA<\/strong>) <a href=\"https:\/\/www.grandepremio.com\/br\/f1\/noticias\/fia-abre-investigacao-conflito-interesses-toto-wolff-susie-wolff-f1\/\">abriu uma investiga\u00e7\u00e3o sobre poss\u00edveis trocas de informa\u00e7\u00f5es<\/a> entre o casal&nbsp;Wolff.&nbsp;O processo teve in\u00edcio ap\u00f3s supostas reclama\u00e7\u00f5es de outros chefes de equipe da&nbsp;<strong>F1<\/strong>&nbsp;sobre as atividades da dupla. Vale lembrar que, por ser diretora da<strong>&nbsp;F1 Academy<\/strong>, Susie possui uma rela\u00e7\u00e3o mais pr\u00f3xima com o <strong>Formula One Group<\/strong>, antiga <strong>FOM<\/strong>, que tem a categoria exclusivamente feminina sob seu guarda-chuva.<\/p>\n\n\n\n<p class=\"wp-block-paragraph\">Por\u00e9m, n\u00e3o demorou nem 24 horas para Red Bull, <strong>Ferrari<\/strong>, <strong>McLaren<\/strong>, <strong>Williams<\/strong>, <strong>Haas<\/strong>, <strong>AlphaTauri<\/strong> \u2014 atual <strong>RB<\/strong> (<strong>Visa Cash App RB<\/strong>) \u2014, <strong>Alpine<\/strong>, <strong>Alfa Romeo<\/strong> \u2014 atual <strong>Sauber<\/strong> \u2014 e <strong>Aston Martin<\/strong> <a href=\"https:\/\/www.grandepremio.com\/br\/f1\/noticias\/equipes-se-unem-em-movimento-inedito-e-saem-em-defesa-de-susie-wolff-e-da-formula-1\/\">lan\u00e7arem um comunicado em conjunto negando qualquer participa\u00e7\u00e3o na investiga\u00e7\u00e3o<\/a> e garantindo confian\u00e7a total na classe rainha e nos envolvidos. Pouco tempo depois, ap\u00f3s an\u00e1lise interna, a FIA <a href=\"https:\/\/www.grandepremio.com\/br\/f1\/noticias\/fia-ve-robusto-sistema-de-gestao-f1-encerra-investigacao-sobre-casal-toto-wolff\/\">decidiu colocar um ponto final na hist\u00f3ria<\/a>.<\/p>\n\n\n\n<p class=\"wp-block-paragraph\">Apesar de tudo ter terminado relativamente bem para Toto e Susie, o chef\u00e3o da Mercedes n\u00e3o engoliu a postura de Horner durante o ocorrido. Em entrevista ao jornal brit\u00e2nico <em>The Guardian<\/em>, o austr\u00edaco explicou em detalhes os bastidores daquele momento, agradeceu <strong>Fr\u00e9d\u00e9ric Vasseur<\/strong> por ter sido o primeiro a tomar a decis\u00e3o de se posicionar contra a investiga\u00e7\u00e3o e deixou claro que n\u00e3o conversa mais com o chefe do time de Milton Keynes desde ent\u00e3o.<\/p>\n\n\n\n<figure class=\"wp-block-image size-large\"><img decoding=\"async\" src=\"https:\/\/www.grandepremio.com\/br\/wp-content\/uploads\/2024\/03\/toto-susie-wolff-1024x683.jpg\" alt=\"\" class=\"wp-image-790959\"\/><figcaption class=\"wp-element-caption\">Toto saiu em defesa de Susie Wolff (Foto: LAT Images)<\/figcaption><\/figure>\n\n\n\n<p class=\"wp-block-paragraph\"><strong><img decoding=\"async\" src=\"https:\/\/a.slack-edge.com\/production-standard-emoji-assets\/14.0\/google-medium\/25b6-fe0f.png\" alt=\":seta_para_frente:\">&nbsp;Inscreva-se nos dois canais do GRANDE PR\u00caMIO no YouTube:&nbsp;<a href=\"https:\/\/www.youtube.com\/channel\/UC9OlHEgxoaY6QY6nWPoiqQg?sub_confirmation=1\" target=\"_blank\" rel=\"noreferrer noopener\">GP<\/a>&nbsp;|&nbsp;<a href=\"https:\/\/www.youtube.com\/channel\/UC9csiS6q_C3C0FYhyr1rnFA?sub_confirmation=1\" target=\"_blank\" rel=\"noreferrer noopener\">GP2<\/a><\/strong><br><strong><img decoding=\"async\" src=\"https:\/\/a.slack-edge.com\/production-standard-emoji-assets\/14.0\/google-medium\/25b6-fe0f.png\" alt=\":seta_para_frente:\">&nbsp;LEIA TAMB\u00c9M:&nbsp;<a href=\"https:\/\/www.grandepremio.com\/br\/f1\/noticias\/max-verstappen-resiste-fase-tempestuosa-beija-tetra-formula-1-bencaos-show-brasil\/\">Verstappen resiste a fase tempestuosa e beija tetra da F1 com b\u00ean\u00e7\u00e3os de show no Brasil<\/a><\/strong><\/p>\n\n\n\n<p class=\"wp-block-paragraph\">&#8220;Eu aguento muita merda, estou acostumado. Mas se sua esposa for arrastada para um conflito com o qual ela n\u00e3o tem nada a ver, a divers\u00e3o termina a\u00ed&#8221;, come\u00e7ou. &#8220;A resposta foi \u00f3tima. N\u00e3o fiz um \u00fanico telefonema para nenhuma equipe. Fred&nbsp;resolveu o problema com as pr\u00f3prias m\u00e3os, dizendo que &#8216;era injusto&#8217;. De <strong>Guenther Steiner<\/strong> a <strong>James Vowles<\/strong>, todos participaram&#8221;, apontou.<\/p>\n\n\n\n<p class=\"wp-block-paragraph\">&#8220;Todos estavam prontos, exceto Christian, para assinar um documento em nosso apoio.&nbsp;Pelo que sei, ele disse: &#8216;vou dar uma entrevista e dizer que n\u00e3o tive nada a ver com isso. N\u00e3o assinarei o documento&#8217;. \u00c9 claro&nbsp;que lhe disseram que isso n\u00e3o cairia bem e que teria de fazer parte da declara\u00e7\u00e3o. Mais tarde, ele tentou inserir a palavra &#8216;oficial&#8217; para que a frase se tornasse &#8216;nenhum dos chefes de equipe reclamou oficialmente \u00e0 FIA'&#8221;, lembrou Wolff. &#8220;As outras equipes disseram: &#8216;bem, n\u00f3s faremos a nossa declara\u00e7\u00e3o e voc\u00ea far\u00e1 a sua&#8217;. No fim, ele assinou&nbsp;o documento&#8221;, explicou.<\/p>\n\n\n\n<p class=\"wp-block-paragraph\">Desta forma, o mandat\u00e1rio da Mercedes revelou que nunca mais teve interesse em manter qualquer tipo de relacionamento com Christian. E ainda questionou o car\u00e1ter do brit\u00e2nico, antes de voltar a defender Susie.<\/p>\n\n\n\n<p class=\"wp-block-paragraph\">&#8220;Eu n\u00e3o falo com ele.&nbsp;N\u00e3o acho que voc\u00ea possa confiar no que ele diz. Ele tentou me prejudicar desrespeitando a minha esposa e menosprezando a jornada dolorosa pela qual ela passou para conseguir realizar o que fez dentro e fora de um carro&#8221;, encerrou Wolff.<\/p>\n\n\n\n<p class=\"wp-block-paragraph\">Agora, a&nbsp;<strong><a href=\"https:\/\/www.grandepremio.com\/br\/f1\/\" target=\"_blank\" rel=\"noreferrer noopener\">F\u00f3rmula 1<\/a><\/strong>&nbsp;retorna neste fim de semana, entre os dias 21 e 24 de novembro, para o&nbsp;<strong>GP de Las Vegas<\/strong>, nos&nbsp;<strong>Estados Unidos<\/strong>.<\/p>\n\n\n\n<figure class=\"wp-block-embed is-type-video is-provider-youtube wp-block-embed-youtube wp-embed-aspect-16-9 wp-has-aspect-ratio\"><div class=\"wp-block-embed__wrapper\">\n<iframe loading=\"lazy\" title=\"PAI DE P\u00c9REZ SOLTA FALA HOMOF\u00d3BICA E A GRANDE DECIS\u00c3O DA MOTOGP 2024 | Paddock Sprint\" width=\"500\" height=\"281\" src=\"https:\/\/www.youtube.com\/embed\/S8ZYYo1tjTU?feature=oembed\" frameborder=\"0\" allow=\"accelerometer; autoplay; clipboard-write; encrypted-media; gyroscope; picture-in-picture; web-share\" referrerpolicy=\"strict-origin-when-cross-origin\" allowfullscreen><\/iframe>\n<\/div><\/figure>\n","protected":false},"excerpt":{"rendered":"<p>Toto Wolff deu detalhes sobre a investiga\u00e7\u00e3o da FIA contra ele e Susie, no fim de 2023, e criticou a falta de apoio e postura de Christian Horner durante todo o epis\u00f3dio<\/p>\n","protected":false},"author":0,"featured_media":1000898698,"comment_status":"closed","ping_status":"closed","sticky":false,"template":"","format":"standard","meta":{"42wp_featured_image_caption":"","42wp_featured_image_credits":"","42wp_featured_video":"","42wp_featured_image_hidden":false,"42wp_authors_list":[],"footnotes":""},"categories":[2],"tags":[27776,34186,27487,35624,37759,655,5660,8235,37760,969,147,3230,642,11958,160,37761,103,180,30909,1491,30103,28285,82,3189,150],"42wp_author":[47160],"class_list":["post-52752","post","type-post","status-publish","format-standard","has-post-thumbnail","hentry","category-f1","tag-assistir-f1-ao-vivo","tag-assistir-f1-gratis","tag-assistir-f1-online","tag-calendario-f1-2024","tag-calendario-f1-2024-horarios","tag-christian-horner","tag-classificacao","tag-classificacao-da-f1","tag-classificacao-f1-2024","tag-corrida","tag-f1","tag-f1-2024","tag-f1-ao-vivo","tag-f1-live","tag-f1-tv","tag-f1-tv-2024","tag-fia","tag-formula-1","tag-formula-1-2024","tag-grande-premio","tag-grande-premio-f1","tag-grandepremio","tag-mercedes","tag-susie-wolff","tag-toto-wolff","42wp_author-vicente-soella"],"_links":{"self":[{"href":"https:\/\/grandepremio.com\/br\/wp-json\/wp\/v2\/posts\/52752","targetHints":{"allow":["GET"]}}],"collection":[{"href":"https:\/\/grandepremio.com\/br\/wp-json\/wp\/v2\/posts"}],"about":[{"href":"https:\/\/grandepremio.com\/br\/wp-json\/wp\/v2\/types\/post"}],"replies":[{"embeddable":true,"href":"https:\/\/grandepremio.com\/br\/wp-json\/wp\/v2\/comments?post=52752"}],"version-history":[{"count":0,"href":"https:\/\/grandepremio.com\/br\/wp-json\/wp\/v2\/posts\/52752\/revisions"}],"wp:featuredmedia":[{"embeddable":true,"href":"https:\/\/grandepremio.com\/br\/wp-json\/wp\/v2\/media\/1000898698"}],"wp:attachment":[{"href":"https:\/\/grandepremio.com\/br\/wp-json\/wp\/v2\/media?parent=52752"}],"wp:term":[{"taxonomy":"category","embeddable":true,"href":"https:\/\/grandepremio.com\/br\/wp-json\/wp\/v2\/categories?post=52752"},{"taxonomy":"post_tag","embeddable":true,"href":"https:\/\/grandepremio.com\/br\/wp-json\/wp\/v2\/tags?post=52752"},{"taxonomy":"42wp_author","embeddable":true,"href":"https:\/\/grandepremio.com\/br\/wp-json\/wp\/v2\/42wp_author?post=52752"}],"curies":[{"name":"wp","href":"https:\/\/api.w.org\/{rel}","templated":true}]}}