{"id":52822,"date":"2024-11-19T14:04:06","date_gmt":"2024-11-19T17:04:06","guid":{"rendered":"https:\/\/grandepremio.com\/br\/noticias\/ferrari-confirma-expectativas-anuncia-saida-robert-shwartzman-reserva-f1\/"},"modified":"2024-11-19T14:07:19","modified_gmt":"2024-11-19T17:07:19","slug":"ferrari-confirma-expectativas-anuncia-saida-robert-shwartzman-reserva-f1","status":"publish","type":"post","link":"https:\/\/grandepremio.com\/br\/f1\/ferrari-confirma-expectativas-anuncia-saida-robert-shwartzman-reserva-f1\/","title":{"rendered":"Ferrari confirma expectativas e anuncia sa\u00edda de Shwartzman do posto de reserva na F1"},"content":{"rendered":"\n<p class=\"wp-block-paragraph\"><strong>Robert Shwartzman<\/strong> cortou os la\u00e7os que restavam com a <strong>F1 <\/strong>e, nesta ter\u00e7a-feira (19), teve a sa\u00edda da <strong>Ferrari <\/strong>anunciada. O russo foi membro da academia italiana entre 2017 e 2022 e, nos dois \u00faltimos anos, foi piloto reserva dos vermelhos na categoria m\u00e1xima do esporte a motor.<\/p>\n\n\n\n<p class=\"wp-block-paragraph\">Shwartzman est\u00e1 com 25 anos e<a href=\"https:\/\/www.grandepremio.com\/br\/indy\/noticias\/robert-shwartzman-confirma-migracao-indy-estreia-prema-temporada-2025\/\"> j\u00e1 sabe que vai para outro caminho em 2025<\/a>: a <strong>Indy<\/strong>, com a novata <strong>Prema<\/strong>, tamb\u00e9m italiana. Robert era tido como um dos principais talentos da gera\u00e7\u00e3o, teve muito sucesso no kart e tamb\u00e9m resultados fortes nos monopostos.<\/p>\n\n\n\n<p class=\"wp-block-paragraph\">Os pontos mais altos da passagem do russo pelas categorias de base foram com a mesma Prema. Em 2019, sagrou-se campe\u00e3o da <strong>F3<\/strong>, enquanto na <strong>F2 <\/strong>ficou com o vice-campeonato de 2021, perdendo justamente para o ent\u00e3o companheiro de equipe, <strong>Oscar Piastri.<\/strong><\/p>\n\n\n\n<p class=\"wp-block-paragraph\">Depois disso, Shwartzman mirou na F1 e foi piloto de testes da Ferrari em 2022 e reserva em 2023 e 2024. Em paralelo, disputou o <strong>GT World Challenge Europe <\/strong>no ano passado e, na temporada atual, fez o campeonato do <strong>WEC <\/strong>nos hipercarros pela <strong>AF Corse,<\/strong> bra\u00e7o da Ferrari.<\/p>\n\n\n\n<figure class=\"wp-block-image size-large\"><img decoding=\"async\" src=\"https:\/\/www.grandepremio.com\/br\/wp-content\/uploads\/2022\/11\/ferrari-robertshwartzman-afp-01-1024x683.jpg\" alt=\"\" class=\"wp-image-634537\"\/><figcaption class=\"wp-element-caption\">Shwartzman ocupava o posto de reserva da Ferrari na F1 (Foto: AFP) <\/figcaption><\/figure>\n\n\n\n<p class=\"wp-block-paragraph\">Robert n\u00e3o chegou a fazer a estreia na F1, ao contr\u00e1rio do que aconteceu, por exemplo, com <strong>Oliver Bearman,<\/strong> que foi acionado tr\u00eas vezes como substituto s\u00f3 em 2024, mas acumulou, entre 2022 e 2024, seis participa\u00e7\u00f5es em treinos livres, sendo quatro pela Ferrari e duas pela <strong>Sauber<\/strong>, a \u00faltima delas no <strong>M\u00e9xico<\/strong>. A expectativa \u00e9 que, em 2025, a Ferrari tenha <strong>Antonio Giovinazzi <\/strong>e <strong>Arthur Leclerc,<\/strong> irm\u00e3o mais novo de Charles, como reservas.<\/p>\n\n\n\n<p class=\"wp-block-paragraph\">Na estreia pela Indy em 2025, Shwartzman vai formar dupla com <strong>Callum Ilott<\/strong> na novata Prema. A temporada est\u00e1 marcada para come\u00e7ar em 2 de mar\u00e7o, em<strong> St. Pete<\/strong>, com 17 etapas formando o calend\u00e1rio.<\/p>\n\n\n\n<p class=\"wp-block-paragraph\"><strong><img decoding=\"async\" src=\"https:\/\/a.slack-edge.com\/production-standard-emoji-assets\/14.0\/google-medium\/25b6-fe0f.png\" alt=\":seta_para_frente:\">\u00a0Inscreva-se nos dois canais do GRANDE PR\u00caMIO no YouTube:\u00a0<a href=\"https:\/\/www.youtube.com\/channel\/UC9OlHEgxoaY6QY6nWPoiqQg?sub_confirmation=1\" target=\"_blank\" rel=\"noreferrer noopener\">GP<\/a>\u00a0|\u00a0<a href=\"https:\/\/www.youtube.com\/channel\/UC9csiS6q_C3C0FYhyr1rnFA?sub_confirmation=1\" target=\"_blank\" rel=\"noreferrer noopener\">GP2<\/a><\/strong><br><strong><img decoding=\"async\" src=\"https:\/\/a.slack-edge.com\/production-standard-emoji-assets\/14.0\/google-medium\/25b6-fe0f.png\" alt=\":seta_para_frente:\">\u00a0LEIA TAMB\u00c9M:\u00a0<a href=\"https:\/\/www.grandepremio.com\/br\/f1\/noticias\/2-pontos-tetra-max-verstappen-precisa-ser-campeao-f1-2024-las-vegas\/\">O que Verstappen precisa para ser campe\u00e3o da F1 2024 em Las Vegas<\/a><\/strong><\/p>\n\n\n\n<figure class=\"wp-block-embed is-type-video is-provider-youtube wp-block-embed-youtube wp-embed-aspect-16-9 wp-has-aspect-ratio\"><div class=\"wp-block-embed__wrapper\">\n<iframe loading=\"lazy\" title=\"VERSTAPPEN COM MATCH-POINT DO TETRA DA F1 EM LAS VEGAS | Paddock GP #398\" width=\"500\" height=\"281\" src=\"https:\/\/www.youtube.com\/embed\/bKlYL-00t2U?feature=oembed\" frameborder=\"0\" allow=\"accelerometer; autoplay; clipboard-write; encrypted-media; gyroscope; picture-in-picture; web-share\" referrerpolicy=\"strict-origin-when-cross-origin\" allowfullscreen><\/iframe>\n<\/div><\/figure>\n","protected":false},"excerpt":{"rendered":"<p>Robert Shwartzman n\u00e3o vai fazer mais parte do grupo Ferrari em 2025. O russo, que serviu como reserva da equipe na F1 nas \u00faltimas duas temporadas, vai para um novo desafio, na Indy, com a tamb\u00e9m italiana Prema<\/p>\n","protected":false},"author":0,"featured_media":1000757501,"comment_status":"closed","ping_status":"closed","sticky":false,"template":"","format":"standard","meta":{"42wp_featured_image_caption":"","42wp_featured_image_credits":"","42wp_featured_video":"","42wp_featured_image_hidden":false,"42wp_authors_list":[],"footnotes":""},"categories":[2],"tags":[654,20491,456,926,27776,34186,27487,309,26000,27773,38654,1982,36835,6106,9393,25362,28198,31739,4371,31738,1280,304,35136,25062,26959,8866,40363,35624,37759,1848,25053,31774,546,209,441,39151,276,2764,32852,12757,41345,5660,8235,37760,211,26134,39550,1877,5148,896,2473,302,1983,2471,3230,38678,642,28516,27584,41306,11958,34195,27331,1005,37761,176,207,38677,26345,800,1224,1753,23783,40100,22936,32276,222,39120,39114,29827,29891,25606,996,1388,40717,1647,32212,1505,40176,24898,40688,38679,34197,873,5100,26680,33329,1397,40943,24976,34437,502,33330,14357,39820,3023,38972,1282,41419,24977,41340,2318,41331,29126,40692,3746,119,258,2829,36905,901,29129,4122,32082,3967,4005,5386,33974,897,4361,124,32942,17313,28045,24855,32659,117,485,547,87,25553,3395,32504,203,90,82,17551,2949,2470,31473,758,2140,4993,39659,764,35026,4486,31785,1737,32394,1521,2916,36038,40642,676,25333,31789,41492,41493,32975,25693,20372,204,1763,31956,39206,1869,2380,1197,3901,3132,3632,31927,3073,3427,489,32013,108,32260,4613,31955,608,32660,2610,41346,150,612,41491,29992,215,223,597,1389,32346],"42wp_author":[47117],"class_list":["post-52822","post","type-post","status-publish","format-standard","has-post-thumbnail","hentry","category-f1","tag-alexander-albon","tag-alpine","tag-antonio-giovinazzi","tag-arthur-leclerc","tag-assistir-f1-ao-vivo","tag-assistir-f1-gratis","tag-assistir-f1-online","tag-aston-martin","tag-audiencia-da-tv","tag-audiencia-f1","tag-audiencia-f1-tv","tag-austin","tag-austin-f1","tag-australia","tag-austria","tag-austria-f1","tag-azerbaijao","tag-azerbaijao-f1","tag-baku","tag-baku-f1","tag-band","tag-barcelona","tag-barcelona-f1","tag-belgica","tag-belgica-f1","tag-budapeste","tag-budapeste-f1","tag-calendario-f1-2024","tag-calendario-f1-2024-horarios","tag-callum-ilott","tag-canada","tag-canada-f1","tag-carlos-sainz","tag-charles-leclerc","tag-china","tag-china-2024","tag-china-f1","tag-cidade-do-mexico","tag-cidade-do-mexico-f1","tag-circuito-das-americas","tag-circuito-das-americas-f1","tag-classificacao","tag-classificacao-da-f1","tag-classificacao-f1-2024","tag-daniel-ricciardo","tag-emilia-romanha","tag-emilia-romanha-f1","tag-espanha","tag-espanha-f1","tag-estados-unidos","tag-estados-unidos-f1","tag-esteban-ocon","tag-eua","tag-eua-f1","tag-f1-2024","tag-f1-albert-park","tag-f1-ao-vivo","tag-f1-australia","tag-f1-band","tag-f1-globo","tag-f1-live","tag-f1-melbourne","tag-f1-na-band","tag-f1-na-globo","tag-f1-tv-2024","tag-fernando-alonso","tag-ferrari","tag-fim-de-semana-australia","tag-florida","tag-george-russell","tag-globo","tag-gp-da-australia","tag-gp-da-austria","tag-gp-da-austria-f1","tag-gp-da-belgica","tag-gp-da-belgica-f1","tag-gp-da-china","tag-gp-da-china-2024","tag-gp-da-china-f1","tag-gp-da-cidade-do-mexico","tag-gp-da-cidade-do-mexico-f1","tag-gp-da-emilia-romanha","tag-gp-da-espanha","tag-gp-da-holanda","tag-gp-da-holanda-f1","tag-gp-da-hungria","tag-gp-da-hungria-f1","tag-gp-da-inglaterra","tag-gp-da-inglaterra-f1","tag-gp-da-italia","tag-gp-da-italia-f1","tag-gp-de-albert-park","tag-gp-de-melbourne","tag-gp-de-miami","tag-gp-de-monaco","tag-gp-de-sao-paulo","tag-gp-de-sao-paulo-f1","tag-gp-de-singapura","tag-gp-de-singapura-f1","tag-gp-do-azerbaijao","tag-gp-do-azerbaijao-f1","tag-gp-do-brasil","tag-gp-do-brasil-f1","tag-gp-do-canada","tag-gp-do-canada-f1","tag-gp-do-japao","tag-gp-do-japao-f1","tag-gp-do-mexico","tag-gp-do-mexico-f1","tag-gp-dos-estados-unidos","tag-gp-dos-estados-unidos-f1","tag-gp-dos-eua","tag-gp-dos-eua-f1","tag-gp-dos-paises-baixos","tag-gp-dos-paises-baixos-f1","tag-guanyu-zhou","tag-haas","tag-helmut-marko","tag-hermanos-rodriguez","tag-hermanos-rodriguez-f1","tag-holanda","tag-holanda-f1","tag-hungaroring","tag-hungaroring-f1","tag-hungria","tag-hungria-f1","tag-imola","tag-imola-f1","tag-inglaterra","tag-inglaterra-f1","tag-interlagos","tag-interlagos-f1","tag-italia","tag-italia-f1","tag-japao","tag-japao-f1","tag-kevin-magnussen","tag-lance-stroll","tag-lando-norris","tag-lewis-hamilton","tag-logan-sargeant","tag-marina-bay","tag-marina-bay-f1","tag-max-verstappen","tag-mclaren","tag-mercedes","tag-mexico","tag-mexico-f1","tag-miami","tag-miami-f1","tag-michael-schumacher","tag-monaco","tag-monaco-f1","tag-monaco-gp","tag-monte-carlo","tag-monte-carlo-f1","tag-montreal","tag-montreal-f1","tag-monza","tag-monza-f1","tag-nico-hulkenberg","tag-oscar-piastri","tag-paises-baixos","tag-paises-baixos-f1","tag-pierre-gasly","tag-previsao-do-tempo","tag-previsao-do-tempo-f1","tag-previsao-do-tempo-gp-de-sao-paulo","tag-previsao-do-tempo-gp-do-brasil","tag-previsao-do-tempo-interlagos","tag-rb","tag-record","tag-red-bull","tag-red-bull-ring","tag-red-bull-ring-f1","tag-redetv","tag-robert-shwartzman","tag-sao-paulo","tag-sauber","tag-sbt","tag-sergio-perez","tag-silverstone","tag-silverstone-f1","tag-singapura","tag-singapura-f1","tag-spa","tag-spa-f1","tag-spa-francorchamps","tag-spa-francorchamps-f1","tag-spielberg","tag-spielberg-f1","tag-suzuka","tag-suzuka-f1","tag-texas","tag-texas-f1","tag-toto-wolff","tag-valtteri-bottas","tag-verstappen-punicao","tag-verstappen-punido","tag-williams","tag-xangai","tag-yuki-tsunoda","tag-zandvoort","tag-zandvoort-f1","42wp_author-gabriel-curty"],"_links":{"self":[{"href":"https:\/\/grandepremio.com\/br\/wp-json\/wp\/v2\/posts\/52822","targetHints":{"allow":["GET"]}}],"collection":[{"href":"https:\/\/grandepremio.com\/br\/wp-json\/wp\/v2\/posts"}],"about":[{"href":"https:\/\/grandepremio.com\/br\/wp-json\/wp\/v2\/types\/post"}],"replies":[{"embeddable":true,"href":"https:\/\/grandepremio.com\/br\/wp-json\/wp\/v2\/comments?post=52822"}],"version-history":[{"count":0,"href":"https:\/\/grandepremio.com\/br\/wp-json\/wp\/v2\/posts\/52822\/revisions"}],"wp:featuredmedia":[{"embeddable":true,"href":"https:\/\/grandepremio.com\/br\/wp-json\/wp\/v2\/media\/1000757501"}],"wp:attachment":[{"href":"https:\/\/grandepremio.com\/br\/wp-json\/wp\/v2\/media?parent=52822"}],"wp:term":[{"taxonomy":"category","embeddable":true,"href":"https:\/\/grandepremio.com\/br\/wp-json\/wp\/v2\/categories?post=52822"},{"taxonomy":"post_tag","embeddable":true,"href":"https:\/\/grandepremio.com\/br\/wp-json\/wp\/v2\/tags?post=52822"},{"taxonomy":"42wp_author","embeddable":true,"href":"https:\/\/grandepremio.com\/br\/wp-json\/wp\/v2\/42wp_author?post=52822"}],"curies":[{"name":"wp","href":"https:\/\/api.w.org\/{rel}","templated":true}]}}