{"id":52849,"date":"2024-11-19T12:07:44","date_gmt":"2024-11-19T15:07:44","guid":{"rendered":"https:\/\/grandepremio.com\/br\/noticias\/nyck-de-vries-volta-carro-f1-teste-mclaren-2022-paul-ricard\/"},"modified":"2024-11-19T13:05:41","modified_gmt":"2024-11-19T16:05:41","slug":"nyck-de-vries-volta-carro-f1-teste-mclaren-2022-paul-ricard","status":"publish","type":"post","link":"https:\/\/grandepremio.com\/br\/f1\/nyck-de-vries-volta-carro-f1-teste-mclaren-2022-paul-ricard\/","title":{"rendered":"De Vries volta a carro de F\u00f3rmula 1 em teste com McLaren de 2022 em Paul Ricard"},"content":{"rendered":"\n<p class=\"wp-block-paragraph\">Depois de garantir o t\u00edtulo do <strong>Mundial de Construtores<\/strong> do <strong>WEC <\/strong>com a <strong>Toyota <\/strong>na \u00faltima etapa do campeonato, <strong>Nyck de Vries<\/strong> foi a <strong>Jarama <\/strong>participar da pr\u00e9-temporada da <strong>F\u00f3rmula E <\/strong>no in\u00edcio de novembro, preparando-se para a edi\u00e7\u00e3o que come\u00e7a no pr\u00f3ximo m\u00eas. No entanto, nenhum desses trabalhos impediu o neerland\u00eas de viajar a <strong>Paul Ricard<\/strong> para pilotar um carro da <strong>F\u00f3rmula 1 <\/strong>com a <strong>McLaren<\/strong> no \u00faltimo fim de semana.<\/p>\n\n\n\n<p class=\"wp-block-paragraph\">Segundo o portal neerland\u00eas <em>RacingNews365<\/em>, De Vries esteve no circuito franc\u00eas pilotando o <strong>MCL36<\/strong>, modelo da McLaren na temporada 2022 da F\u00f3rmula 1. As informa\u00e7\u00f5es d\u00e3o conta de que o teste nada teve a ver com a <strong>Pirelli<\/strong>, mas sim uma experi\u00eancia <strong>TPC <\/strong>[teste de carros antigos, em tradu\u00e7\u00e3o livre].<\/p>\n\n\n\n<p class=\"wp-block-paragraph\">Esse tipo de teste \u00e9 comum para pilotos que est\u00e3o sendo avaliados para uma futura entrada na F1, como <strong>Andrea Kimi Antonelli<\/strong> na <strong>Mercedes <\/strong>ou <strong>Gabriel Bortoleto<\/strong> na pr\u00f3pria McLaren. A natureza da experi\u00eancia para um piloto que j\u00e1 correu na categoria, no entanto, n\u00e3o foi esclarecida pela equipe.<\/p>\n\n\n\n<p class=\"wp-block-paragraph\">Vale destacar, por\u00e9m, que a <a href=\"https:\/\/www.grandepremio.com\/br\/f1\/noticias\/gabriel-bortoleto-acerta-com-sauber-audi-garante-entrada-grid-formula-1-2025\/\" target=\"_blank\" rel=\"noreferrer noopener\">confirma\u00e7\u00e3o de Bortoleto como titular<\/a> da <strong>Sauber <\/strong>em <strong>2025 <\/strong>veio acompanhada da <a href=\"https:\/\/www.grandepremio.com\/br\/f1\/noticias\/mclaren-confirma-fim-vinculo-gabriel-bortoleto-anuncio-vaga-sauber\/\" target=\"_blank\" rel=\"noreferrer noopener\">sa\u00edda do Programa de Desenvolvimento<\/a> da McLaren. Assim, \u00e9 poss\u00edvel que De Vries \u2014 ex-membro da academia da equipe \u2014 tenha sido recrutado para ajudar nos testes.<\/p>\n\n\n\n<figure class=\"wp-block-image size-large\"><img decoding=\"async\" src=\"https:\/\/www.grandepremio.com\/br\/wp-content\/uploads\/2022\/11\/mclaren-danielricciardo-afp-01-1-1024x683.jpg\" alt=\"\" class=\"wp-image-634667\"\/><figcaption class=\"wp-element-caption\">O MCL36 voltou \u00e0 pista com De Vries em Paul Ricard (Foto: AFP) <\/figcaption><\/figure>\n\n\n\n<p class=\"wp-block-paragraph\">Atualmente, Nyck acumula os postos de titular da Toyota no WEC e da <strong>Mahindra <\/strong>na F\u00f3rmula E. O neerland\u00eas, campe\u00e3o da categoria el\u00e9trica na temporada 2020\/21, tem <strong>11 <\/strong>corridas realizadas na F1, uma pela <strong>Williams <\/strong>em <strong>2022 <\/strong>e dez pela <strong>AlphaTauri <\/strong>em <strong>2023<\/strong>. Antes de ser sacado ap\u00f3s o <strong>GP da Inglaterra<\/strong>, seu melhor resultado foi um <strong>nono lugar<\/strong> na <strong>It\u00e1lia <\/strong>\u2014 conquistado justamente na \u00fanica corrida que fez pelo time ingl\u00eas.<\/p>\n\n\n\n<p class=\"wp-block-paragraph\">A\u00a0<strong><a href=\"https:\/\/www.grandepremio.com\/br\/f1\/\" target=\"_blank\" rel=\"noreferrer noopener\"><\/a><a href=\"https:\/\/www.grandepremio.com\/br\/f1\/\" target=\"_blank\" rel=\"noreferrer noopener\">F\u00f3rmula 1<\/a><\/strong>\u00a0volta \u00e0s pistas para o\u00a0<strong>GP de Las Vegas<\/strong>, nos\u00a0<strong>Estados Unidos<\/strong>, entre os dias 21 e 24 de novembro. Depois, realiza corridas no\u00a0<strong>Catar<\/strong>, \u00faltima sprint do ano, e\u00a0<strong>Abu Dhabi<\/strong>.<\/p>\n\n\n\n<p class=\"wp-block-paragraph\"><strong><img decoding=\"async\" style=\"width: 20px;\" src=\"https:\/\/s.w.org\/images\/core\/emoji\/14.0.0\/svg\/25b6.svg\" alt=\"\u25b6\ufe0f\">\u00a0Inscreva-se nos dois canais do GRANDE PR\u00caMIO no YouTube:\u00a0<a href=\"https:\/\/www.youtube.com\/channel\/UC9OlHEgxoaY6QY6nWPoiqQg?sub_confirmation=1\" target=\"_blank\" rel=\"noreferrer noopener\">GP<\/a>\u00a0|\u00a0<a href=\"https:\/\/www.youtube.com\/channel\/UC9csiS6q_C3C0FYhyr1rnFA?sub_confirmation=1\" target=\"_blank\" rel=\"noreferrer noopener\">GP2<\/a><\/strong><\/p>\n\n\n\n<figure class=\"wp-block-embed is-type-video is-provider-youtube wp-block-embed-youtube wp-embed-aspect-16-9 wp-has-aspect-ratio\"><div class=\"wp-block-embed__wrapper\">\n<iframe loading=\"lazy\" title=\"DRUGOVICH confirma 24H de Daytona, mas PRECISA CORRER campeonato em 2025\" width=\"500\" height=\"281\" src=\"https:\/\/www.youtube.com\/embed\/K7RiL7FO_kw?feature=oembed\" frameborder=\"0\" allow=\"accelerometer; autoplay; clipboard-write; encrypted-media; gyroscope; picture-in-picture; web-share\" referrerpolicy=\"strict-origin-when-cross-origin\" allowfullscreen><\/iframe>\n<\/div><\/figure>\n","protected":false},"excerpt":{"rendered":"<p>Em meio ao p\u00f3s-temporada do WEC e os preparativos para o in\u00edcio da F\u00f3rmula E, Nyck de Vries esteve em Paul Ricard para andar com a McLaren da temporada 2022 da F\u00f3rmula 1<\/p>\n","protected":false},"author":0,"featured_media":1000772620,"comment_status":"closed","ping_status":"closed","sticky":false,"template":"","format":"standard","meta":{"42wp_featured_image_caption":"","42wp_featured_image_credits":"","42wp_featured_video":"","42wp_featured_image_hidden":false,"42wp_authors_list":[],"footnotes":""},"categories":[2],"tags":[3230,642,1491,32667,1172,30510,90,1556,536],"42wp_author":[47142],"class_list":["post-52849","post","type-post","status-publish","format-standard","has-post-thumbnail","hentry","category-f1","tag-f1-2024","tag-f1-ao-vivo","tag-grande-premio","tag-grandepremio-f1","tag-mahindra","tag-mcl36","tag-mclaren","tag-nyck-de-vries","tag-paul-ricard","42wp_author-jp-nascimento"],"_links":{"self":[{"href":"https:\/\/grandepremio.com\/br\/wp-json\/wp\/v2\/posts\/52849","targetHints":{"allow":["GET"]}}],"collection":[{"href":"https:\/\/grandepremio.com\/br\/wp-json\/wp\/v2\/posts"}],"about":[{"href":"https:\/\/grandepremio.com\/br\/wp-json\/wp\/v2\/types\/post"}],"replies":[{"embeddable":true,"href":"https:\/\/grandepremio.com\/br\/wp-json\/wp\/v2\/comments?post=52849"}],"version-history":[{"count":0,"href":"https:\/\/grandepremio.com\/br\/wp-json\/wp\/v2\/posts\/52849\/revisions"}],"wp:featuredmedia":[{"embeddable":true,"href":"https:\/\/grandepremio.com\/br\/wp-json\/wp\/v2\/media\/1000772620"}],"wp:attachment":[{"href":"https:\/\/grandepremio.com\/br\/wp-json\/wp\/v2\/media?parent=52849"}],"wp:term":[{"taxonomy":"category","embeddable":true,"href":"https:\/\/grandepremio.com\/br\/wp-json\/wp\/v2\/categories?post=52849"},{"taxonomy":"post_tag","embeddable":true,"href":"https:\/\/grandepremio.com\/br\/wp-json\/wp\/v2\/tags?post=52849"},{"taxonomy":"42wp_author","embeddable":true,"href":"https:\/\/grandepremio.com\/br\/wp-json\/wp\/v2\/42wp_author?post=52849"}],"curies":[{"name":"wp","href":"https:\/\/api.w.org\/{rel}","templated":true}]}}