{"id":53060,"date":"2024-11-18T04:15:00","date_gmt":"2024-11-18T07:15:00","guid":{"rendered":"https:\/\/grandepremio.com\/br\/noticias\/mick-schumacher-adota-tom-misterioso-fala-dificeis-contratempos-vou-superar\/"},"modified":"2024-11-17T15:33:35","modified_gmt":"2024-11-17T18:33:35","slug":"mick-schumacher-adota-tom-misterioso-fala-dificeis-contratempos-vou-superar","status":"publish","type":"post","link":"https:\/\/grandepremio.com\/br\/f1\/mick-schumacher-adota-tom-misterioso-fala-dificeis-contratempos-vou-superar\/","title":{"rendered":"Mick Schumacher adota tom misterioso e fala em &#8220;dif\u00edceis contratempos&#8221;: &#8220;Vou superar&#8221;"},"content":{"rendered":"\n<p class=\"wp-block-paragraph\">Ainda sem destino confirmado para a temporada 2025, <strong>Mick Schumacher<\/strong> adotou um tom misterioso em mensagem publicada nos stories do Instagram. O filho do heptacampe\u00e3o mundial de <strong>F1<\/strong>, <strong>Michael<\/strong>, sugeriu enfrentar &#8220;dif\u00edceis contratempos&#8221;, mas que est\u00e1 empenhado a superar as adversidades.<\/p>\n\n\n\n<p class=\"wp-block-paragraph\">Depois de duas temporadas como titular da <strong>Haas<\/strong>, em 2021 e 2022, Schumacher s\u00f3 continua na <strong>F\u00f3rmula 1<\/strong> como reserva da <strong>Mercedes<\/strong>. Por\u00e9m, Mick viu a fila ser furada em <strong>Brackley<\/strong>. Ap\u00f3s a sa\u00edda de <strong>Lewis Hamilton<\/strong> para a <strong>Ferrari<\/strong>, <strong>Toto Wolff<\/strong> optou por <strong>Andrea Kimi Antonelli<\/strong>, que pulou a <strong>F3<\/strong> e est\u00e1 na temporada de estreia na <strong>F2<\/strong>.<\/p>\n\n\n\n<p class=\"wp-block-paragraph\">No entanto, nome de Mick Schumacher sempre povoa a F\u00f3rmula 1. Wolff e <strong>Helmut Marko<\/strong>, consultor da <strong>Red Bull<\/strong>, s\u00e3o vozes que tecem constantes elogios ao alem\u00e3o. Recentemente, <strong>Franz Tost<\/strong>, ex-chefe da <strong>RB<\/strong>, defendeu o campe\u00e3o da F2 de 2020 e <a href=\"https:\/\/www.grandepremio.com\/br\/f1\/noticias\/ex-chefe-rb-defende-mick-schumacher-critica-escolha-infeliz-sauber-gabriel-bortoleto\/\">criticou a &#8220;infeliz&#8221; escolha da<\/a> <strong>Sauber<\/strong> por <strong>Gabriel Bortoleto<\/strong>. Mais cedo neste ano, <strong>Mattia Binotto<\/strong> apontou que Mick estava na lista de cotados para assumir a vaga em <strong>Hinwil<\/strong>.<\/p>\n\n\n\n<p class=\"wp-block-paragraph\"><strong>\u25b6\ufe0f\u00a0Inscreva-se nos dois canais do GRANDE PR\u00caMIO no YouTube:\u00a0<a href=\"https:\/\/www.youtube.com\/channel\/UC9OlHEgxoaY6QY6nWPoiqQg?sub_confirmation=1\" target=\"_blank\" rel=\"noreferrer noopener\">GP<\/a>\u00a0|\u00a0<a href=\"https:\/\/www.youtube.com\/channel\/UC9csiS6q_C3C0FYhyr1rnFA?sub_confirmation=1\" target=\"_blank\" rel=\"noreferrer noopener\">GP2<\/a><\/strong><br><strong>\u25b6\ufe0f\u00a0LEIA TAMB\u00c9M:<\/strong>\u00a0<strong><a href=\"https:\/\/www.grandepremio.com\/br\/f1\/noticias\/lewis-hamilton-mercedes-se-arrastam-fim-melancolico-casamento-historico-f1\/\">Hamilton e Mercedes se arrastam em fim melanc\u00f3lico de casamento hist\u00f3rico na F1<\/a><\/strong><\/p>\n\n\n\n<figure class=\"wp-block-image size-large\"><img decoding=\"async\" src=\"https:\/\/www.grandepremio.com\/br\/wp-content\/uploads\/2024\/07\/BT610254-1200x800.jpg\" alt=\"\" class=\"wp-image-840133\"\/><figcaption class=\"wp-element-caption\">Mick Schumacher (Foto: Bruno Terena\/GRANDE PR\u00caMIO)<\/figcaption><\/figure>\n\n\n\n<p class=\"wp-block-paragraph\">Mas as palavras elogiosas est\u00e3o longe de ser tornar atitude. Vale lembrar que Schumacher disputou a temporada 2024 do <strong>Mundial de Endurance [WEC]<\/strong> pela <strong>Alpine<\/strong>, que praticamente n\u00e3o o considerou para a F\u00f3rmula 1. <strong>Jack Doohan<\/strong> ficou com a vaga, ap\u00f3s a sa\u00edda de <strong>Esteban Ocon<\/strong> para a <strong>Haas<\/strong> e <strong>Carlos Sainz<\/strong>, favorito de <strong>Flavio Briatore<\/strong>, optar pela <strong>Williams<\/strong>. Ainda existem rumores de que o dirigente italiano <a href=\"https:\/\/www.grandepremio.com\/br\/f1\/noticias\/alpine-poe-vaga-jack-doohan-risco-entra-briga-por-franco-colapinto-f1-2025\/\">estaria arrependido de ter contratado o australiano e mira em<\/a> <strong>Franco Colapinto<\/strong>.<\/p>\n\n\n\n<p class=\"wp-block-paragraph\">&#8220;A vida nem sempre segue o planejado, e contratempos podem ser dif\u00edceis de enfrentar. Mas todo desafio \u00e9 uma chance de aprender e voltar mais forte&#8221;, disse Mick Schumacher.<\/p>\n\n\n\n<p class=\"wp-block-paragraph\">&#8220;Esse \u00e9 apenas um cap\u00edtulo, n\u00e3o toda a hist\u00f3ria. A jornada continua, e estou determinado a superar isso. Obrigado a todos apoio, isso significa muito&#8221;, completou.<\/p>\n\n\n\n<p class=\"wp-block-paragraph\">Agora, a\u00a0<strong><a href=\"https:\/\/www.grandepremio.com\/br\/f1\/\" target=\"_blank\" rel=\"noreferrer noopener\">F\u00f3rmula 1<\/a><\/strong>\u00a0retorna entre os dias 21 e 24 de novembro para o\u00a0<strong>GP de Las Vegas<\/strong>, nos\u00a0<strong>Estados Unidos<\/strong>.<\/p>\n\n\n\n<figure class=\"wp-block-embed is-type-video is-provider-youtube wp-block-embed-youtube wp-embed-aspect-16-9 wp-has-aspect-ratio\"><div class=\"wp-block-embed__wrapper\">\n<iframe loading=\"lazy\" title=\"O FRACASSO tem NOME na F1 2024: ASTON MARTIN\" width=\"500\" height=\"281\" src=\"https:\/\/www.youtube.com\/embed\/g9hRMRG4Zqs?feature=oembed\" frameborder=\"0\" allow=\"accelerometer; autoplay; clipboard-write; encrypted-media; gyroscope; picture-in-picture; web-share\" referrerpolicy=\"strict-origin-when-cross-origin\" allowfullscreen><\/iframe>\n<\/div><\/figure>\n","protected":false},"excerpt":{"rendered":"<p>Constantemente elogiado por chefes de equipe, Mick Schumacher segue sem oportunidades para retornar ao posto de piloto titular na F\u00f3rmula 1<\/p>\n","protected":false},"author":0,"featured_media":1000708339,"comment_status":"closed","ping_status":"closed","sticky":false,"template":"","format":"standard","meta":{"42wp_featured_image_caption":"","42wp_featured_image_credits":"","42wp_featured_video":"","42wp_featured_image_hidden":false,"42wp_authors_list":[],"footnotes":""},"categories":[2],"tags":[20491,5660,969,147,3230,3630,29516,642,160,207,180,30909,1491,30103,28285,119,1294,357,506,356],"42wp_author":[47155],"class_list":["post-53060","post","type-post","status-publish","format-standard","has-post-thumbnail","hentry","category-f1","tag-alpine","tag-classificacao","tag-corrida","tag-f1","tag-f1-2024","tag-f1-2025","tag-f1-2026","tag-f1-ao-vivo","tag-f1-tv","tag-ferrari","tag-formula-1","tag-formula-1-2024","tag-grande-premio","tag-grande-premio-f1","tag-grandepremio","tag-haas","tag-mick-schumacher","tag-mundial-de-endurance","tag-regulamento","tag-wec","42wp_author-daniel-balsa"],"_links":{"self":[{"href":"https:\/\/grandepremio.com\/br\/wp-json\/wp\/v2\/posts\/53060","targetHints":{"allow":["GET"]}}],"collection":[{"href":"https:\/\/grandepremio.com\/br\/wp-json\/wp\/v2\/posts"}],"about":[{"href":"https:\/\/grandepremio.com\/br\/wp-json\/wp\/v2\/types\/post"}],"replies":[{"embeddable":true,"href":"https:\/\/grandepremio.com\/br\/wp-json\/wp\/v2\/comments?post=53060"}],"version-history":[{"count":0,"href":"https:\/\/grandepremio.com\/br\/wp-json\/wp\/v2\/posts\/53060\/revisions"}],"wp:featuredmedia":[{"embeddable":true,"href":"https:\/\/grandepremio.com\/br\/wp-json\/wp\/v2\/media\/1000708339"}],"wp:attachment":[{"href":"https:\/\/grandepremio.com\/br\/wp-json\/wp\/v2\/media?parent=53060"}],"wp:term":[{"taxonomy":"category","embeddable":true,"href":"https:\/\/grandepremio.com\/br\/wp-json\/wp\/v2\/categories?post=53060"},{"taxonomy":"post_tag","embeddable":true,"href":"https:\/\/grandepremio.com\/br\/wp-json\/wp\/v2\/tags?post=53060"},{"taxonomy":"42wp_author","embeddable":true,"href":"https:\/\/grandepremio.com\/br\/wp-json\/wp\/v2\/42wp_author?post=53060"}],"curies":[{"name":"wp","href":"https:\/\/api.w.org\/{rel}","templated":true}]}}