{"id":53432,"date":"2024-11-14T12:10:34","date_gmt":"2024-11-14T15:10:34","guid":{"rendered":"https:\/\/grandepremio.com\/br\/noticias\/aleix-espargaro-descarta-vitoria-despedida-motogp-aponta-prefiro-titulo-jorge-martin\/"},"modified":"2024-11-14T12:12:04","modified_gmt":"2024-11-14T15:12:04","slug":"aleix-espargaro-descarta-vitoria-despedida-motogp-aponta-prefiro-titulo-jorge-martin","status":"publish","type":"post","link":"https:\/\/grandepremio.com\/br\/motogp\/aleix-espargaro-descarta-vitoria-despedida-motogp-aponta-prefiro-titulo-jorge-martin\/","title":{"rendered":"Espargar\u00f3 descarta vit\u00f3ria em despedida da MotoGP e aponta: &#8220;Prefiro t\u00edtulo do Mart\u00edn&#8221;"},"content":{"rendered":"\n<p class=\"wp-block-paragraph\"><strong>Aleix Espargar\u00f3<\/strong> chega para <strong>Barcelona <\/strong>n\u00e3o apenas para a corrida final da temporada 2024, mas tamb\u00e9m para o \u00faltimo fim de semana como competidor em tempo integral na <strong>MotoGP<\/strong>. No fim deste ano, o espanhol vai deixar as pistas e virar piloto de testes da <strong>Honda <\/strong>a partir de 2025.<\/p>\n\n\n\n<p class=\"wp-block-paragraph\">Na pista catal\u00e3, Espargar\u00f3 chegou a alguns dos melhores momentos da carreira, como duas vit\u00f3rias em 2023 e o triunfo na corrida sprint deste ano. Mesmo assim, admite uma sensa\u00e7\u00e3o estranha depois do desastre clim\u00e1tico em <strong>Val\u00eancia <\/strong>que for\u00e7ou a mudan\u00e7a de local da decis\u00e3o do campeonato.<\/p>\n\n\n\n<p class=\"wp-block-paragraph\">&#8220;\u00c9 uma sensa\u00e7\u00e3o um pouco estranha estar aqui, pois em Val\u00eancia \u00e9 sempre uma festa. N\u00e3o sei se nestas circunst\u00e2ncias preferia me despedir em um local mais neutro&#8221;, disse o piloto da <strong>Aprilia<\/strong>.<\/p>\n\n\n\n<p class=\"wp-block-paragraph\">&#8220;Este ser\u00e1 um fim de semana bem emotivo porque cada vez que subir na moto vou saber que \u00e9 minha \u00faltima sess\u00e3o de treinos, minha \u00faltima classifica\u00e7\u00e3o e a corrida final. Vou trabalhar para vencer, mas essa corrida precisa ser diferente e terei que correr com um sorriso no rosto em cada volta&#8221;, acrescentou.<\/p>\n\n\n\n<figure class=\"wp-block-image size-large\"><img decoding=\"async\" src=\"https:\/\/www.grandepremio.com\/br\/wp-content\/uploads\/2024\/11\/ar-sepang-friday-5-1200x800.jpg\" alt=\"\" class=\"wp-image-890586\"\/><figcaption class=\"wp-element-caption\">Aleix Espargar\u00f3 vai deixar as pistas neste fim de semana (Foto: Aprilia)<\/figcaption><\/figure>\n\n\n\n<p class=\"wp-block-paragraph\"><strong>LADO A LADO<br>\u25b6\ufe0f<\/strong>\u00a0<strong><a href=\"https:\/\/www.grandepremio.com\/br\/grandepremium\/lado-a-lado\/motogp\/materias\/jorge-martin-x-francesco-bagnaia\/\">Jorge Mart\u00edn x\u00a0<\/a><a href=\"https:\/\/www.grandepremio.com\/br\/piloto\/francesco-bagnaia\/\" target=\"_blank\" rel=\"noreferrer noopener\"><\/a><a href=\"https:\/\/www.grandepremio.com\/br\/piloto\/francesco-bagnaia\/\" target=\"_blank\" rel=\"noreferrer noopener\"><\/a><a href=\"https:\/\/www.grandepremio.com\/br\/piloto\/francesco-bagnaia\/\" target=\"_blank\" rel=\"noreferrer noopener\"><\/a><a href=\"https:\/\/www.grandepremio.com\/br\/piloto\/francesco-bagnaia\/\" target=\"_blank\" rel=\"noreferrer noopener\"><\/a><a href=\"https:\/\/www.grandepremio.com\/br\/piloto\/francesco-bagnaia\/\" target=\"_blank\" rel=\"noreferrer noopener\">Francesco Bagnaia<\/a><\/strong><\/p>\n\n\n\n<p class=\"wp-block-paragraph\">A prova final da temporada tamb\u00e9m marca o desfecho da briga pelo t\u00edtulo entre <strong>Jorge Mart\u00edn<\/strong> e <strong>Francesco Bagnaia<\/strong>. <a href=\"https:\/\/www.grandepremio.com\/br\/motogp\/noticias\/jorge-martin-francesco-bagnaia-retrospecto-postulantes-titulo-motogp-barcelona\/\">O espanhol chega com 24 pontos de vantagem sobre o rival<\/a> da <strong>Ducati <\/strong>e apenas mais 37 tentos em jogo na \u00faltima etapa. Espargar\u00f3 aproveitou para dar alguns pitacos e dizer o que espera da intensa batalha.<\/p>\n\n\n\n<p class=\"wp-block-paragraph\">&#8220;Prefiro o t\u00edtulo de Mart\u00edn na MotoGP do que ganhar minha \u00faltima corrida. O que ele precisa fazer \u00e9 aproveitar este fim de semana m\u00e1gico. Este \u00e9 o melhor lugar do mundo para mim. A confian\u00e7a que tem agora, n\u00e3o tinha antes. N\u00e3o precisa mudar nada do que fez, do que o trouxe at\u00e9 aqui&#8221;, afirmou.<\/p>\n\n\n\n<p class=\"wp-block-paragraph\">A\u00a0<strong><a href=\"https:\/\/grandepremio.com\/motovelocidade\/\" target=\"_blank\" rel=\"noreferrer noopener\">MotoGP<\/a><\/strong>\u00a0volta a acelerar entre 15 a 17 de novembro, com o GP Solid\u00e1rio de\u00a0<strong>Barcelona<\/strong>, na\u00a0<strong><a href=\"https:\/\/es.grandepremio.com\/\" target=\"_blank\" rel=\"noreferrer noopener\">Catalunha<\/a><\/strong>, , para a \u00faltima etapa da temporada 2024. O\u00a0<strong>GRANDE PR\u00caMIO\u00a0<\/strong>faz a cobertura completa do evento, assim como das outras classes do Mundial de\u00a0<a href=\"https:\/\/www.grandepremio.com\/motovelocidade\/\">Motovelocidade\u00a0<\/a>durante todo o ano.<\/p>\n\n\n\n<p class=\"wp-block-paragraph\"><strong>\u25b6\ufe0f\u00a0Inscreva-se nos dois canais do GRANDE PR\u00caMIO no YouTube:\u00a0<a href=\"https:\/\/www.youtube.com\/channel\/UC9OlHEgxoaY6QY6nWPoiqQg?sub_confirmation=1\" target=\"_blank\" rel=\"noreferrer noopener\">GP<\/a>\u00a0|\u00a0<a href=\"https:\/\/www.youtube.com\/channel\/UC9csiS6q_C3C0FYhyr1rnFA?sub_confirmation=1\" target=\"_blank\" rel=\"noreferrer noopener\">GP2<\/a><\/strong><\/p>\n\n\n\n<figure class=\"wp-block-embed is-type-video is-provider-youtube wp-block-embed-youtube wp-embed-aspect-16-9 wp-has-aspect-ratio\"><div class=\"wp-block-embed__wrapper\">\n<iframe loading=\"lazy\" title=\"MART\u00cdN x BAGNAIA: MOTOGP 2024 tem DESFECHO HIST\u00d3RICO\" width=\"500\" height=\"281\" src=\"https:\/\/www.youtube.com\/embed\/JKocXnfhP40?feature=oembed\" frameborder=\"0\" allow=\"accelerometer; autoplay; clipboard-write; encrypted-media; gyroscope; picture-in-picture; web-share\" referrerpolicy=\"strict-origin-when-cross-origin\" allowfullscreen><\/iframe>\n<\/div><\/figure>\n","protected":false},"excerpt":{"rendered":"<p>Aleix Espargar\u00f3 chega a Barcelona para a \u00faltima corrida como piloto em tempo integral, mas n\u00e3o quer saber de vencer porque prefere ajudar o amigo Jorge Mart\u00edn a conquistar um t\u00edtulo in\u00e9dito na MotoGP<\/p>\n","protected":false},"author":0,"featured_media":1000896176,"comment_status":"closed","ping_status":"closed","sticky":false,"template":"","format":"standard","meta":{"42wp_featured_image_caption":"","42wp_featured_image_credits":"","42wp_featured_video":"","42wp_featured_image_hidden":false,"42wp_authors_list":[],"footnotes":""},"categories":[8],"tags":[17718,133,304,3624,5214,131,1877,6513,2327,32229,41531,28285,3504,130,24704,132,137,1300,79,78,34329,37693,41397,41530,37691,9582,37692,25819,29345,28766,307,37694,26690,136,41398,172],"42wp_author":[47135],"class_list":["post-53432","post","type-post","status-publish","format-standard","has-post-thumbnail","hentry","category-motogp","tag-aleix-espargaro","tag-aprilia","tag-barcelona","tag-catalunha","tag-classificacao-motogp","tag-ducati","tag-espanha","tag-espn","tag-francesco-bagnaia","tag-gasgas","tag-gp-da-solidariedade","tag-grandepremio","tag-gresini","tag-honda","tag-jorge-martin","tag-ktm","tag-lcr","tag-marc-marquez","tag-moto-gp","tag-motogp","tag-motogp-2024","tag-motogp-2024-calendario","tag-motogp-24","tag-motogp-barcelona","tag-motogp-calendario-2024","tag-motogp-catalunha","tag-motogp-classificacao-2024","tag-motogp-hoje","tag-motogp-horario","tag-motogp-standings","tag-motor","tag-onde-assistir-motogp-2024","tag-pilotos-motogp","tag-pramac","tag-temporada-motogp","tag-yamaha","42wp_author-pedro-luis-cuenca"],"_links":{"self":[{"href":"https:\/\/grandepremio.com\/br\/wp-json\/wp\/v2\/posts\/53432","targetHints":{"allow":["GET"]}}],"collection":[{"href":"https:\/\/grandepremio.com\/br\/wp-json\/wp\/v2\/posts"}],"about":[{"href":"https:\/\/grandepremio.com\/br\/wp-json\/wp\/v2\/types\/post"}],"replies":[{"embeddable":true,"href":"https:\/\/grandepremio.com\/br\/wp-json\/wp\/v2\/comments?post=53432"}],"version-history":[{"count":0,"href":"https:\/\/grandepremio.com\/br\/wp-json\/wp\/v2\/posts\/53432\/revisions"}],"wp:featuredmedia":[{"embeddable":true,"href":"https:\/\/grandepremio.com\/br\/wp-json\/wp\/v2\/media\/1000896176"}],"wp:attachment":[{"href":"https:\/\/grandepremio.com\/br\/wp-json\/wp\/v2\/media?parent=53432"}],"wp:term":[{"taxonomy":"category","embeddable":true,"href":"https:\/\/grandepremio.com\/br\/wp-json\/wp\/v2\/categories?post=53432"},{"taxonomy":"post_tag","embeddable":true,"href":"https:\/\/grandepremio.com\/br\/wp-json\/wp\/v2\/tags?post=53432"},{"taxonomy":"42wp_author","embeddable":true,"href":"https:\/\/grandepremio.com\/br\/wp-json\/wp\/v2\/42wp_author?post=53432"}],"curies":[{"name":"wp","href":"https:\/\/api.w.org\/{rel}","templated":true}]}}