{"id":53856,"date":"2024-11-10T12:50:22","date_gmt":"2024-11-10T15:50:22","guid":{"rendered":"https:\/\/grandepremio.com\/br\/noticias\/pneus-mais-macios-fim-superaquecimento-pirelli-explica-mudancas-f1-2025\/"},"modified":"2024-11-10T13:01:21","modified_gmt":"2024-11-10T16:01:21","slug":"pneus-mais-macios-fim-superaquecimento-pirelli-explica-mudancas-f1-2025","status":"publish","type":"post","link":"https:\/\/grandepremio.com\/br\/f1\/pneus-mais-macios-fim-superaquecimento-pirelli-explica-mudancas-f1-2025\/","title":{"rendered":"Pneus mais macios e fim do superaquecimento: Pirelli explica mudan\u00e7as para F1 2025"},"content":{"rendered":"\n<p class=\"wp-block-paragraph\">A <strong>Pirelli<\/strong> continua buscando maneiras de melhorar a qualidade dos pneus utilizados na <strong>F\u00f3rmula 1<\/strong>, <a href=\"https:\/\/www.grandepremio.com\/br\/f1\/noticias\/fernando-alonso-critica-pirelli-apos-caos-gp-de-sao-paulo-nem-temos-pneus-formula-1\/\">alvos de muitas cr\u00edticas por parte de pilotos e equipes<\/a>. Chefe da fornecedora nos assuntos referentes \u00e0 categoria principal do automobilismo, <strong>Mario Isola<\/strong> falou dos desafios enfrentados para eliminar o superaquecimento dos compostos e revelou, tamb\u00e9m, que uma borracha ainda mais macia que o atual C5 est\u00e1 sendo desenvolvida para entrar em a\u00e7\u00e3o nos circuitos urbanos.<\/p>\n\n\n\n<p class=\"wp-block-paragraph\">Ao longo do ano, diversos testes aconteceram em parceria com os times do grid. Era apenas in\u00edcio de fevereiro quando\u00a0<strong><a href=\"https:\/\/www.grandepremio.com\/br\/piloto\/lewis-hamilton\/\" target=\"_blank\" rel=\"noreferrer noopener\">Lewis Hamilton<\/a><\/strong>\u00a0e\u00a0<strong><a href=\"https:\/\/es.grandepremio.com\/\" target=\"_blank\" rel=\"noreferrer noopener\">Fernando Alonso<\/a><\/strong>\u00a0assumiram os carros de 2023 da\u00a0<strong>Mercedes<\/strong>\u00a0e\u00a0<strong>Aston Martin<\/strong>, respectivamente, em\u00a0<strong>Jerez<\/strong>, e\u00a0<a href=\"https:\/\/www.grandepremio.com\/br\/f1\/noticias\/lewis-hamilton-volta-pistas-mercedes-jerez-teste-pneus-pirelli-2025\/\">completara um total de 282 voltas<\/a>. Uma semana antes, por\u00e9m, <strong>Charles Leclerc<\/strong>\u00a0e\u00a0<strong><a href=\"https:\/\/www.grandepremio.com\/br\/piloto\/carlos-sainz\/\" target=\"_blank\" rel=\"noreferrer noopener\">Carlos Sainz<\/a><\/strong>\u00a0j\u00e1 tinham visitado a pista de\u00a0<strong>Fiorano<\/strong>\u00a0com o mesmo intuito. A dupla da\u00a0<strong>Ferrari<\/strong>\u00a0<a href=\"https:\/\/www.grandepremio.com\/br\/f1\/noticias\/ferrari-pista-mugello-charles-leclerc-carlos-sainz-testa-pneus-pirelli-2025\/\">voltou a participar de testes<\/a>\u00a0para a Pirelli em junho, desta vez em\u00a0<strong>Mugello<\/strong>.<\/p>\n\n\n\n<p class=\"wp-block-paragraph\">Retrocedendo apenas algumas semanas no tempo, durante o <strong>GP da Cidade do M\u00e9xico<\/strong>, o treino livre 2 contou com uma dura\u00e7\u00e3o maior do que a habitual e serviu como per\u00edodo de observa\u00e7\u00e3o dos pneus para 2025. Ap\u00f3s o fim das atividades, <strong>Simone Berra<\/strong>, engenheiro-chefe da marca italiana, explicou quais foram os resultados obtidos e disse que os novos compostos provaram ser <a href=\"https:\/\/www.grandepremio.com\/br\/f1\/noticias\/pirelli-aprova-teste-mexico-diz-novos-pneus-sao-mais-resistentes-atuais\/\">&#8220;mecanicamente mais resistentes&#8221;<\/a> do que os que s\u00e3o utilizados atualmente.<\/p>\n\n\n\n<p class=\"wp-block-paragraph\">Isola, por sua vez, tamb\u00e9m decidiu abordar as conclus\u00f5es que foram tiradas at\u00e9 o momento e detalhou quais s\u00e3o os objetivos a serem alcan\u00e7ados para o pr\u00f3ximo certame. &#8220;Teremos\u00a0uma nova constru\u00e7\u00e3o para melhorar a integridade\u00a0do pneu na mesma press\u00e3o. Um dos objetivos que nos propusemos \u00e9 trabalhar tanto no pacote de constru\u00e7\u00e3o quanto nos compostos para\u00a0reduzir o superaquecimento&#8221;, come\u00e7ou em entrevista ao site <em>FormulaPassion<\/em>.<\/p>\n\n\n\n<figure class=\"wp-block-image size-full\"><img decoding=\"async\" src=\"https:\/\/www.grandepremio.com\/br\/wp-content\/uploads\/2020\/11\/Mario-ISola-Pirelli-F1.jpg\" alt=\"Mario Isola, Pirelli, F\u00f3rmula 1\" class=\"wp-image-436465\"\/><figcaption class=\"wp-element-caption\">Mario Isola falou dos problemas de superaquecimento dos pneus (Foto: Pirelli)<\/figcaption><\/figure>\n\n\n\n<p class=\"wp-block-paragraph\"><strong><img decoding=\"async\" src=\"https:\/\/a.slack-edge.com\/production-standard-emoji-assets\/14.0\/google-medium\/25b6-fe0f.png\" alt=\":seta_para_frente:\">&nbsp;Inscreva-se nos dois canais do GRANDE PR\u00caMIO no YouTube:&nbsp;<a href=\"https:\/\/www.youtube.com\/channel\/UC9OlHEgxoaY6QY6nWPoiqQg?sub_confirmation=1\" target=\"_blank\" rel=\"noreferrer noopener\">GP<\/a>&nbsp;|&nbsp;<a href=\"https:\/\/www.youtube.com\/channel\/UC9csiS6q_C3C0FYhyr1rnFA?sub_confirmation=1\" target=\"_blank\" rel=\"noreferrer noopener\">GP2<\/a><\/strong><br><strong><img decoding=\"async\" src=\"https:\/\/a.slack-edge.com\/production-standard-emoji-assets\/14.0\/google-medium\/25b6-fe0f.png\" alt=\":seta_para_frente:\">&nbsp;LEIA TAMB\u00c9M:&nbsp;<a href=\"https:\/\/www.grandepremio.com\/br\/f1\/noticias\/gabriel-bortoleto-acerta-com-sauber-audi-garante-entrada-grid-formula-1-2025\/\">Bortoleto acerta com Sauber\/Audi e garante entrada no grid da F1 em 2025<\/a><\/strong><\/p>\n\n\n\n<p class=\"wp-block-paragraph\">&#8220;N\u00e3o \u00e9 um fen\u00f4meno f\u00e1cil de identificar, pois muitas vezes \u00e9 atrav\u00e9s dos coment\u00e1rios dos pilotos que tentamos encontrar uma correla\u00e7\u00e3o com um par\u00e2metro f\u00edsico, como a temperatura da superf\u00edcie ou da carca\u00e7a. Essa correla\u00e7\u00e3o nem sempre existe. Pode ser uma perda de ader\u00eancia que o piloto sente como sinal de superaquecimento, mas que n\u00e3o est\u00e1 ligada ao aumento da temperatura&#8221;, explicou o chefe da Pirelli. &#8220;Realizamos in\u00fameras an\u00e1lises,\u00a0encontrando solu\u00e7\u00f5es que reduzam o superaquecimento&#8221;, apontou.<\/p>\n\n\n\n<p class=\"wp-block-paragraph\">Ao contar com a redu\u00e7\u00e3o no superaquecimento dos pneus, os pilotos se tornam capazes de permanecer mais tempo perseguindo o carro \u00e0 frente, ganhando novas chances de efetuar a ultrapassagem e, consequentemente, melhorando o espet\u00e1culo para todos que acompanham o esporte.<\/p>\n\n\n\n<p class=\"wp-block-paragraph\">Outra mudan\u00e7a que deve acontecer \u00e9 em rela\u00e7\u00e3o \u00e0 disposi\u00e7\u00e3o dos compostos. Hoje, a Pirelli seleciona tr\u00eas gamas de pneus para cada fim de semana de corrida, seguindo uma escala de grau de dureza, onde o <strong>C1<\/strong> \u00e9 o mais duro e o <strong>C5<\/strong>, ordenadamente, o mais macio. De acordo com Isola, a inten\u00e7\u00e3o \u00e9 desenvolver um ainda mais macio, o <strong>C6<\/strong>, para ser utilizado em pistas como <strong>M\u00f4naco<\/strong>, <strong>Azerbaij\u00e3o<\/strong> e <strong>Singapura<\/strong>, por exemplo.<\/p>\n\n\n\n<figure class=\"wp-block-image size-large\"><img decoding=\"async\" src=\"https:\/\/www.grandepremio.com\/br\/wp-content\/uploads\/2020\/05\/10-thursday-austin-2022-1024x683.jpg\" alt=\"\" class=\"wp-image-629264\"\/><figcaption class=\"wp-element-caption\">Pirelli deseja desenvolver um pneu ainda mais macio do que o C5 (Foto: Carl Bingham\/Pirelli\/LAT Images)<\/figcaption><\/figure>\n\n\n\n<p class=\"wp-block-paragraph\">&#8220;Gostaria de ter uma fam\u00edlia de compostos que contassem com diferen\u00e7as maiores de desempenho. H\u00e1 pouca diferen\u00e7a entre o C1 e o C2, por exemplo. Al\u00e9m disso,\u00a0gostar\u00edamos de ter um C6, portanto, um composto mais macio para explorar em algumas situa\u00e7\u00f5es \u2014 falando de tr\u00eas ou quatro corridas por ano. Nos circuitos de rua que visitamos atualmente, n\u00e3o somos agressivos o suficiente com os C3, C4 e C5&#8221;, encerrou Mario.<\/p>\n\n\n\n<p class=\"wp-block-paragraph\">A\u00a0<strong><a href=\"https:\/\/www.grandepremio.com\/br\/f1\/\" target=\"_blank\" rel=\"noreferrer noopener\"><\/a><a href=\"https:\/\/www.grandepremio.com\/br\/f1\/\" target=\"_blank\" rel=\"noreferrer noopener\">F\u00f3rmula 1<\/a><\/strong>\u00a0agora volta \u00e0s pistas para o\u00a0<strong>GP de Las Vegas<\/strong>, nos\u00a0<strong>Estados Unidos<\/strong>, entre os dias 21 e 24 de novembro. Depois, realiza corridas no\u00a0<strong>Catar<\/strong>, \u00faltima sprint do ano, e\u00a0<strong>Abu Dhabi<\/strong>.<\/p>\n\n\n\n<figure class=\"wp-block-embed is-type-video is-provider-youtube wp-block-embed-youtube wp-embed-aspect-16-9 wp-has-aspect-ratio\"><div class=\"wp-block-embed__wrapper\">\n<iframe loading=\"lazy\" title=\"SAUBER GANHA INVESTIMENTO DO CATAR E PODE IMPULSIONAR BORTOLETO NA F1\" width=\"500\" height=\"281\" src=\"https:\/\/www.youtube.com\/embed\/e8x6tqMzgTg?feature=oembed\" frameborder=\"0\" allow=\"accelerometer; autoplay; clipboard-write; encrypted-media; gyroscope; picture-in-picture; web-share\" referrerpolicy=\"strict-origin-when-cross-origin\" allowfullscreen><\/iframe>\n<\/div><\/figure>\n","protected":false},"excerpt":{"rendered":"<p>Diretor de automobilismo da Pirelli, Mario Isola tamb\u00e9m revelou que a fornecedora tem o interesse de aumentar a diferen\u00e7a de desempenho entre os compostos j\u00e1 dispon\u00edveis<\/p>\n","protected":false},"author":0,"featured_media":1000652541,"comment_status":"closed","ping_status":"closed","sticky":false,"template":"","format":"standard","meta":{"42wp_featured_image_caption":"","42wp_featured_image_credits":"","42wp_featured_video":"","42wp_featured_image_hidden":false,"42wp_authors_list":[],"footnotes":""},"categories":[2],"tags":[5660,969,147,3230,642,160,180,30909,1491,30103,28285,1129,1126],"42wp_author":[47160],"class_list":["post-53856","post","type-post","status-publish","format-standard","has-post-thumbnail","hentry","category-f1","tag-classificacao","tag-corrida","tag-f1","tag-f1-2024","tag-f1-ao-vivo","tag-f1-tv","tag-formula-1","tag-formula-1-2024","tag-grande-premio","tag-grande-premio-f1","tag-grandepremio","tag-mario-isola","tag-pirelli","42wp_author-vicente-soella"],"_links":{"self":[{"href":"https:\/\/grandepremio.com\/br\/wp-json\/wp\/v2\/posts\/53856","targetHints":{"allow":["GET"]}}],"collection":[{"href":"https:\/\/grandepremio.com\/br\/wp-json\/wp\/v2\/posts"}],"about":[{"href":"https:\/\/grandepremio.com\/br\/wp-json\/wp\/v2\/types\/post"}],"replies":[{"embeddable":true,"href":"https:\/\/grandepremio.com\/br\/wp-json\/wp\/v2\/comments?post=53856"}],"version-history":[{"count":0,"href":"https:\/\/grandepremio.com\/br\/wp-json\/wp\/v2\/posts\/53856\/revisions"}],"wp:featuredmedia":[{"embeddable":true,"href":"https:\/\/grandepremio.com\/br\/wp-json\/wp\/v2\/media\/1000652541"}],"wp:attachment":[{"href":"https:\/\/grandepremio.com\/br\/wp-json\/wp\/v2\/media?parent=53856"}],"wp:term":[{"taxonomy":"category","embeddable":true,"href":"https:\/\/grandepremio.com\/br\/wp-json\/wp\/v2\/categories?post=53856"},{"taxonomy":"post_tag","embeddable":true,"href":"https:\/\/grandepremio.com\/br\/wp-json\/wp\/v2\/tags?post=53856"},{"taxonomy":"42wp_author","embeddable":true,"href":"https:\/\/grandepremio.com\/br\/wp-json\/wp\/v2\/42wp_author?post=53856"}],"curies":[{"name":"wp","href":"https:\/\/api.w.org\/{rel}","templated":true}]}}