{"id":54066,"date":"2024-11-08T04:15:00","date_gmt":"2024-11-08T07:15:00","guid":{"rendered":"https:\/\/grandepremio.com\/br\/noticias\/ex-chefe-rb-defende-mick-schumacher-critica-escolha-infeliz-sauber-gabriel-bortoleto\/"},"modified":"2024-11-08T14:49:42","modified_gmt":"2024-11-08T17:49:42","slug":"ex-chefe-rb-defende-mick-schumacher-critica-escolha-infeliz-sauber-gabriel-bortoleto","status":"publish","type":"post","link":"https:\/\/grandepremio.com\/br\/f1\/ex-chefe-rb-defende-mick-schumacher-critica-escolha-infeliz-sauber-gabriel-bortoleto\/","title":{"rendered":"Ex-chefe da RB defende Schumacher e critica escolha &#8220;infeliz&#8221; da Sauber por Bortoleto"},"content":{"rendered":"\n<p class=\"wp-block-paragraph\">A decis\u00e3o tomada pela <strong>Sauber\/Audi<\/strong> em <a href=\"https:\/\/www.grandepremio.com\/br\/f1\/noticias\/gabriel-bortoleto-acerta-com-sauber-audi-garante-entrada-grid-formula-1-2025\/\">contratar <strong>Gabriel Bortoleto<\/strong> para a temporada 2025<\/a> parece n\u00e3o ter agradado a todos dentro do mundo da <strong>F\u00f3rmula 1<\/strong>. <strong>Franz Tost<\/strong>, que durante muitos anos assumiu o cargo de chefia na equipe irm\u00e3 da <strong>Red Bull<\/strong> \u2014 atual <strong>RB<\/strong> (<strong>Visa Cash App RB<\/strong>) \u2014, disse que a contrata\u00e7\u00e3o do brasileiro foi &#8220;extremamente infeliz&#8221; e, por isso, afirmou que, se tivesse de tomar tal decis\u00e3o, optaria por colocar <strong>Mick Schumacher<\/strong> ao lado de <strong>Nico H\u00fclkenberg<\/strong>.<\/p>\n\n\n\n<p class=\"wp-block-paragraph\">Embora tenha reconhecido o talento do atual l\u00edder da <strong>F\u00f3rmula 2<\/strong>, o austr\u00edaco deixou claro que a categoria principal est\u00e1 em um n\u00edvel totalmente diferente. Para isso, citou os exemplos de <strong>Oliver Bearman<\/strong> e <strong>Franco Colapinto<\/strong>, que mais uma vez tiveram a oportunidade de assumir os carros da <strong>Haas<\/strong> e <strong>Williams<\/strong>, respectivamente, no <strong>GP de S\u00e3o Paulo<\/strong>, <a href=\"https:\/\/www.grandepremio.com\/br\/f1\/noticias\/max-verstappen-completa-recuperacao-vence-gp-brasil-sao-paulo-formula-1-atuacao-memoravel\/\">realizado no domingo (3)<\/a>. Tost <a href=\"https:\/\/www.grandepremio.com\/br\/video\/f1\/como-correr-assim-alguem-bater-feio-oliver-bearman-desespera-temporal-interlagos\/\">n\u00e3o gostou do que viu<\/a>.<\/p>\n\n\n\n<p class=\"wp-block-paragraph\">&#8220;Oliver Bearman frequentemente sa\u00eda da pista e parecia sobrecarregado. E Franco Colapinto sofreu dois acidentes s\u00e9rios, o que custou milh\u00f5es&nbsp;\u00e0 Williams. De um ponto de vista pol\u00edtico, [escolher Bortoleto] tamb\u00e9m seria uma decis\u00e3o extremamente infeliz&#8221;, disse em entrevista ao portal <em>F1 Insider<\/em>. Vale lembrar, no entanto, que nomes experientes, como <strong>Carlos Sainz<\/strong>, <strong>Fernando Alonso<\/strong> e <strong>Lewis Hamilton<\/strong>, <a href=\"https:\/\/www.grandepremio.com\/br\/f1\/noticias\/carlos-sainz-roda-saida-laranjinha-atinge-muro-provoca-novo-safety-car-interlagos\/\">tamb\u00e9m tiveram dificuldades<\/a> para lidar com as condi\u00e7\u00f5es adversas no aut\u00f3dromo de <strong>Interlagos<\/strong>.<\/p>\n\n\n\n<p class=\"wp-block-paragraph\">Ainda que tenha vencido a <strong>F\u00f3rmula 3<\/strong> no ano de estreia e esteja no topo da tabela da <strong>F2<\/strong> neste momento, Gabriel parece n\u00e3o ter convencido o ex-dirigente de que \u00e9, sim, uma op\u00e7\u00e3o melhor do que Schumacher. &#8220;Mick ainda \u00e9 jovem e foi campe\u00e3o nas duas categorias de base mais cruciais, algo que Bortoleto ainda n\u00e3o conquistou&#8221;, continuou.<\/p>\n\n\n\n<figure class=\"wp-block-image size-large\"><img decoding=\"async\" src=\"https:\/\/www.grandepremio.com\/br\/wp-content\/uploads\/2023\/12\/SI202311242376_hires_jpeg_24bit_rgb-1024x683.jpg\" alt=\"\" class=\"wp-image-761646\"\/><figcaption class=\"wp-element-caption\">Franz Tost explicou os motivos pelos quais escolheria Mick Schumacher (Foto: Red Bull Content Pool)<\/figcaption><\/figure>\n\n\n\n<p class=\"wp-block-paragraph\"><strong><img decoding=\"async\" src=\"https:\/\/a.slack-edge.com\/production-standard-emoji-assets\/14.0\/google-medium\/25b6-fe0f.png\" alt=\":seta_para_frente:\">&nbsp;Inscreva-se nos dois canais do GRANDE PR\u00caMIO no YouTube:&nbsp;<a href=\"https:\/\/www.youtube.com\/channel\/UC9OlHEgxoaY6QY6nWPoiqQg?sub_confirmation=1\" target=\"_blank\" rel=\"noreferrer noopener\">GP<\/a>&nbsp;|&nbsp;<a href=\"https:\/\/www.youtube.com\/channel\/UC9csiS6q_C3C0FYhyr1rnFA?sub_confirmation=1\" target=\"_blank\" rel=\"noreferrer noopener\">GP2<\/a><\/strong><br><strong><img decoding=\"async\" src=\"https:\/\/a.slack-edge.com\/production-standard-emoji-assets\/14.0\/google-medium\/25b6-fe0f.png\" alt=\":seta_para_frente:\">&nbsp;LEIA TAMB\u00c9M:&nbsp;<a href=\"https:\/\/www.grandepremio.com\/br\/f1\/noticias\/gabriel-bortoleto-acerta-com-sauber-audi-garante-entrada-grid-formula-1-2025\/\">Bortoleto acerta com Sauber\/Audi e garante entrada no grid da F1 em 2025<\/a><\/strong><\/p>\n\n\n\n<p class=\"wp-block-paragraph\">&#8220;Al\u00e9m disso, ele \u00e9 muito r\u00e1pido, melhorou constantemente durante os dois anos em que passou na Haas e, agora, no papel de piloto de testes [na <strong>Mercedes<\/strong>], adquiriu muita experi\u00eancia e quilometragem com os carros atuais de <strong>F1<\/strong>&#8220;, justificou Tost.<\/p>\n\n\n\n<p class=\"wp-block-paragraph\">Na verdade, de acordo com Franz, nem mesmo H\u00fclkenberg, um dos pilotos mais experientes do atual grid, merecia ter sido contratado pela Sauber. &#8220;Na minha opini\u00e3o, ele n\u00e3o pertence mais \u00e0 F1. Seria melhor se eles dessem uma chance a um jovem alem\u00e3o como Mick Schumacher&#8221;, encerrou.<\/p>\n\n\n\n<p class=\"wp-block-paragraph\">A&nbsp;<strong><a href=\"https:\/\/www.grandepremio.com\/br\/f1\/\" target=\"_blank\" rel=\"noreferrer noopener\"><\/a><a href=\"https:\/\/www.grandepremio.com\/br\/f1\/\" target=\"_blank\" rel=\"noreferrer noopener\">F\u00f3rmula 1<\/a><\/strong>&nbsp;agora volta \u00e0s pistas para o&nbsp;<strong>GP de Las Vegas<\/strong>, nos&nbsp;<strong>Estados Unidos<\/strong>, entre os dias 21 e 24 de novembro. Depois, realiza corridas no&nbsp;<strong>Catar<\/strong>, \u00faltima sprint do ano, e&nbsp;<strong>Abu Dhabi<\/strong>.<\/p>\n\n\n\n<figure class=\"wp-block-embed is-type-video is-provider-youtube wp-block-embed-youtube wp-embed-aspect-16-9 wp-has-aspect-ratio\"><div class=\"wp-block-embed__wrapper\">\n<iframe loading=\"lazy\" title=\"OFICIAL: BRASIL VOLTA \u00c0 F1 COM BORTOLETO. O QUE ISSO SIGNIFICA? | TTGP #160\" width=\"500\" height=\"281\" src=\"https:\/\/www.youtube.com\/embed\/PCKZnvbpsTc?feature=oembed\" frameborder=\"0\" allow=\"accelerometer; autoplay; clipboard-write; encrypted-media; gyroscope; picture-in-picture; web-share\" referrerpolicy=\"strict-origin-when-cross-origin\" allowfullscreen><\/iframe>\n<\/div><\/figure>\n","protected":false},"excerpt":{"rendered":"<p>Franz Tost citou a experi\u00eancia que Mick Schumacher j\u00e1 possui na F\u00f3rmula 1 e usou Oliver Bearman e Franco Colapinto como exemplos para justificar sua reprova\u00e7\u00e3o pela escolha da Sauber\/Audi por Gabriel Bortoleto<\/p>\n","protected":false},"author":0,"featured_media":1000692449,"comment_status":"closed","ping_status":"closed","sticky":false,"template":"","format":"standard","meta":{"42wp_featured_image_caption":"","42wp_featured_image_credits":"","42wp_featured_video":"","42wp_featured_image_hidden":false,"42wp_authors_list":[],"footnotes":""},"categories":[2],"tags":[27776,34186,27487,970,35624,37759,5660,8235,37760,969,147,3230,642,11958,160,37761,180,30909,525,350,1491,30103,28285,1294,39061,1197],"42wp_author":[47160],"class_list":["post-54066","post","type-post","status-publish","format-standard","has-post-thumbnail","hentry","category-f1","tag-assistir-f1-ao-vivo","tag-assistir-f1-gratis","tag-assistir-f1-online","tag-audi","tag-calendario-f1-2024","tag-calendario-f1-2024-horarios","tag-classificacao","tag-classificacao-da-f1","tag-classificacao-f1-2024","tag-corrida","tag-f1","tag-f1-2024","tag-f1-ao-vivo","tag-f1-live","tag-f1-tv","tag-f1-tv-2024","tag-formula-1","tag-formula-1-2024","tag-franz-tost","tag-gabriel-bortoleto","tag-grande-premio","tag-grande-premio-f1","tag-grandepremio","tag-mick-schumacher","tag-rb-2","tag-sauber","42wp_author-vicente-soella"],"_links":{"self":[{"href":"https:\/\/grandepremio.com\/br\/wp-json\/wp\/v2\/posts\/54066","targetHints":{"allow":["GET"]}}],"collection":[{"href":"https:\/\/grandepremio.com\/br\/wp-json\/wp\/v2\/posts"}],"about":[{"href":"https:\/\/grandepremio.com\/br\/wp-json\/wp\/v2\/types\/post"}],"replies":[{"embeddable":true,"href":"https:\/\/grandepremio.com\/br\/wp-json\/wp\/v2\/comments?post=54066"}],"version-history":[{"count":0,"href":"https:\/\/grandepremio.com\/br\/wp-json\/wp\/v2\/posts\/54066\/revisions"}],"wp:featuredmedia":[{"embeddable":true,"href":"https:\/\/grandepremio.com\/br\/wp-json\/wp\/v2\/media\/1000692449"}],"wp:attachment":[{"href":"https:\/\/grandepremio.com\/br\/wp-json\/wp\/v2\/media?parent=54066"}],"wp:term":[{"taxonomy":"category","embeddable":true,"href":"https:\/\/grandepremio.com\/br\/wp-json\/wp\/v2\/categories?post=54066"},{"taxonomy":"post_tag","embeddable":true,"href":"https:\/\/grandepremio.com\/br\/wp-json\/wp\/v2\/tags?post=54066"},{"taxonomy":"42wp_author","embeddable":true,"href":"https:\/\/grandepremio.com\/br\/wp-json\/wp\/v2\/42wp_author?post=54066"}],"curies":[{"name":"wp","href":"https:\/\/api.w.org\/{rel}","templated":true}]}}