{"id":54093,"date":"2024-11-07T13:11:10","date_gmt":"2024-11-07T16:11:10","guid":{"rendered":"https:\/\/grandepremio.com\/br\/noticias\/maserati-acrescenta-rosa-tradicional-azul-revela-pintura-formula-e-2024-25\/"},"modified":"2024-11-07T13:14:01","modified_gmt":"2024-11-07T16:14:01","slug":"maserati-acrescenta-rosa-tradicional-azul-revela-pintura-formula-e-2024-25","status":"publish","type":"post","link":"https:\/\/grandepremio.com\/br\/formula-e\/maserati-acrescenta-rosa-tradicional-azul-revela-pintura-formula-e-2024-25\/","title":{"rendered":"Maserati acrescenta rosa ao tradicional azul e revela pintura para F\u00f3rmula E 2024\/25\u00a0"},"content":{"rendered":"\n<p class=\"wp-block-paragraph\">Nesta quinta-feira (7), ap\u00f3s a<a href=\"https:\/\/www.grandepremio.com\/br\/formula-e\/noticias\/david-beckmann-lidera-manha-dominada-porsche-3-dia-pre-temporada-formula-e\/\"> quarta sess\u00e3o de testes<\/a> em <strong>Jarama<\/strong>, a <strong>Maserati <\/strong>revelou oficialmente a nova pintura que vai utilizar durante a temporada 2024\/25 da <strong>F\u00f3rmula E<\/strong>. A est\u00e9tica para a 11\u00aa edi\u00e7\u00e3o do campeonato conta com um tom rosado in\u00e9dito no topo e na se\u00e7\u00e3o traseira do carro, mantendo, no entanto, o tradicional tom de azul da equipe.<\/p>\n\n\n\n<p class=\"wp-block-paragraph\">A parte traseira do monoposto tamb\u00e9m exibe os nomes de carros vencedores e marcos hist\u00f3ricos da marca italiana, incluindo o <strong>Tipo Folgore<\/strong>, com o qual <strong>Maximilian G\u00fcnther<\/strong> conquistou a vit\u00f3ria no <strong>eP de T\u00f3quio <\/strong>na temporada passada.&nbsp;<\/p>\n\n\n\n<p class=\"wp-block-paragraph\">A pintura, que celebra os 110 anos de hist\u00f3ria da Maserati no automobilismo, \u00e9 uma homenagem \u00e0s vit\u00f3rias passadas da marca, com destaque para a transi\u00e7\u00e3o para o universo el\u00e9trico.<\/p>\n\n\n\n<p class=\"wp-block-paragraph\">O nome <strong>Maserati Tipo Folgore<\/strong> faz refer\u00eancia \u00e0 linha totalmente el\u00e9trica da marca e simboliza uma liga\u00e7\u00e3o entre legado, presente e futuro. A pintura em ouro rosa na parte traseira em meio ao azul predominante representa \u201cinova\u00e7\u00e3o e eletrifica\u00e7\u00e3o\u201d, segundo a esquadra.<\/p>\n\n\n\n<figure class=\"wp-block-image size-large\"><img decoding=\"async\" src=\"https:\/\/www.grandepremio.com\/br\/wp-content\/uploads\/2024\/11\/GPF3-1200x675.jpg\" alt=\"\" class=\"wp-image-894066\"\/><figcaption class=\"wp-element-caption\">Nomes de grandes sucessos da marca est\u00e3o gravados em rosa no carro (Foto: Maserati)<\/figcaption><\/figure>\n\n\n\n<p class=\"wp-block-paragraph\">Chefe da equipe na F\u00f3rmula E, <strong>Cyril Blais<\/strong>, valorizou o peso de representar a marca na categoria e espera \u201clutar por mais vit\u00f3rias hist\u00f3ricas\u201d com o novo <strong>Gen3 EVO<\/strong>, que estreia nesta temporada.&nbsp;<\/p>\n\n\n\n<p class=\"wp-block-paragraph\">&#8220;Continua sendo uma grande honra representar uma marca de carros t\u00e3o ic\u00f4nica na F\u00f3rmula E. Competir com o agora reconhec\u00edvel Maserati Tipo Folgore \u00e9 uma enorme responsabilidade. A Maserati tem um pedigree impressionante dentro e fora das pistas, e foi uma honra lev\u00e1-la de volta ao topo do p\u00f3dio nas temporadas 9 e 10&#8221;, afirmou.&nbsp;<\/p>\n\n\n\n<p class=\"wp-block-paragraph\">&#8220;Com esta pintura marcante, que \u00e9 um testemunho da impressionante hist\u00f3ria da Maserati no automobilismo e do sucesso da equipe no campeonato, estamos ansiosos para lutar por mais vit\u00f3rias hist\u00f3ricas juntos na temporada 11&#8221;, concluiu.&nbsp;<\/p>\n\n\n\n<p class=\"wp-block-paragraph\">Ainda nesta quinta-feira, a <strong>F\u00f3rmula E<\/strong> volta \u00e0 pista de <strong>Jarama <\/strong>para a quinta e \u00faltima sess\u00e3o de testes do dia, que contar\u00e1 com uma corrida simulada. J\u00e1 na sexta-feira (8), haver\u00e1 mais uma sess\u00e3o pela manh\u00e3, com os testes exclusivos para pilotas, que encerra a pr\u00e9-temporada, acontecendo no per\u00edodo da tarde.<\/p>\n\n\n\n<figure class=\"wp-block-image size-large\"><img decoding=\"async\" src=\"https:\/\/www.grandepremio.com\/br\/wp-content\/uploads\/2024\/11\/GPF2-1200x900.jpg\" alt=\"\" class=\"wp-image-894067\"\/><figcaption class=\"wp-element-caption\">O azul tradicional da Maserati ganha companhia de rosa para 2025 (Foto: Maserati)<\/figcaption><\/figure>\n\n\n\n<p class=\"wp-block-paragraph\"><strong>\u00a0Inscreva-se nos dois canais do GRANDE PR\u00caMIO no YouTube:\u00a0<a href=\"https:\/\/www.youtube.com\/channel\/UC9OlHEgxoaY6QY6nWPoiqQg?sub_confirmation=1\" target=\"_blank\" rel=\"noreferrer noopener\">GP<\/a>\u00a0|\u00a0<a href=\"https:\/\/www.youtube.com\/channel\/UC9csiS6q_C3C0FYhyr1rnFA?sub_confirmation=1\" target=\"_blank\" rel=\"noreferrer noopener\">GP2<\/a><\/strong><\/p>\n\n\n\n<figure class=\"wp-block-embed is-type-video is-provider-youtube wp-block-embed-youtube wp-embed-aspect-16-9 wp-has-aspect-ratio\"><div class=\"wp-block-embed__wrapper\">\n<iframe loading=\"lazy\" title=\"SEM LUGAR NO GRID? O futuro de S\u00c9RGIO SETTE C\u00c2MARA no automobilismo | GP \u00e0s 10\" width=\"500\" height=\"281\" src=\"https:\/\/www.youtube.com\/embed\/cZ0TbHOcPes?feature=oembed\" frameborder=\"0\" allow=\"accelerometer; autoplay; clipboard-write; encrypted-media; gyroscope; picture-in-picture; web-share\" referrerpolicy=\"strict-origin-when-cross-origin\" allowfullscreen><\/iframe>\n<\/div><\/figure>\n","protected":false},"excerpt":{"rendered":"<p>Mantendo o azul como predominante e acrescentando detalhes em tom rosado, a Maserati enfim revelou a pintura que ser\u00e1 utilizada na nova temporada da F\u00f3rmula E<\/p>\n","protected":false},"author":0,"featured_media":1000894065,"comment_status":"closed","ping_status":"closed","sticky":false,"template":"","format":"standard","meta":{"42wp_featured_image_caption":"","42wp_featured_image_credits":"","42wp_featured_video":"","42wp_featured_image_hidden":false,"42wp_authors_list":[],"footnotes":""},"categories":[19],"tags":[840,39137,4621,8262,8870,912,1714,2717,967,305],"42wp_author":[47162],"class_list":["post-54093","post","type-post","status-publish","format-standard","has-post-thumbnail","hentry","category-formula-e","tag-formula-e","tag-gen3-evo","tag-jake-hughes","tag-jarama","tag-maserati","tag-maximilian-gunther","tag-pintura","tag-pre-temporada","tag-stoffel-vandoorne","tag-testes","42wp_author-giovani-danjo"],"_links":{"self":[{"href":"https:\/\/grandepremio.com\/br\/wp-json\/wp\/v2\/posts\/54093","targetHints":{"allow":["GET"]}}],"collection":[{"href":"https:\/\/grandepremio.com\/br\/wp-json\/wp\/v2\/posts"}],"about":[{"href":"https:\/\/grandepremio.com\/br\/wp-json\/wp\/v2\/types\/post"}],"replies":[{"embeddable":true,"href":"https:\/\/grandepremio.com\/br\/wp-json\/wp\/v2\/comments?post=54093"}],"version-history":[{"count":0,"href":"https:\/\/grandepremio.com\/br\/wp-json\/wp\/v2\/posts\/54093\/revisions"}],"wp:featuredmedia":[{"embeddable":true,"href":"https:\/\/grandepremio.com\/br\/wp-json\/wp\/v2\/media\/1000894065"}],"wp:attachment":[{"href":"https:\/\/grandepremio.com\/br\/wp-json\/wp\/v2\/media?parent=54093"}],"wp:term":[{"taxonomy":"category","embeddable":true,"href":"https:\/\/grandepremio.com\/br\/wp-json\/wp\/v2\/categories?post=54093"},{"taxonomy":"post_tag","embeddable":true,"href":"https:\/\/grandepremio.com\/br\/wp-json\/wp\/v2\/tags?post=54093"},{"taxonomy":"42wp_author","embeddable":true,"href":"https:\/\/grandepremio.com\/br\/wp-json\/wp\/v2\/42wp_author?post=54093"}],"curies":[{"name":"wp","href":"https:\/\/api.w.org\/{rel}","templated":true}]}}