{"id":54180,"date":"2024-11-06T16:08:55","date_gmt":"2024-11-06T19:08:55","guid":{"rendered":"https:\/\/grandepremio.com\/br\/noticias\/lamborghini-prepara-caminho-para-encerrar-parceria-iron-lynx-deixar-wec\/"},"modified":"2024-11-07T14:43:15","modified_gmt":"2024-11-07T17:43:15","slug":"lamborghini-prepara-caminho-para-encerrar-parceria-iron-lynx-deixar-wec","status":"publish","type":"post","link":"https:\/\/grandepremio.com\/br\/endurance\/wec\/lamborghini-prepara-caminho-para-encerrar-parceria-iron-lynx-deixar-wec\/","title":{"rendered":"Lamborghini prepara caminho para encerrar parceria com Iron Lynx e deixar WEC"},"content":{"rendered":"\n<p class=\"wp-block-paragraph\">A <strong>Lamborghini<\/strong> estaria pronta para deixar os programas <strong>LMDh<\/strong> e <strong>LMGT3<\/strong> no <strong>Mundial de Endurance [WEC]<\/strong>. De acordo com a revista norte-americana Racer e o site Daily SportsCar, que publicaram a informa\u00e7\u00e3o praticamente no mesmo momento, a f\u00e1brica italiana n\u00e3o estar\u00e1 no grid na temporada de 2025 do <strong><a href=\"https:\/\/www.grandepremio.com\/br\/endurance\/wec\">WEC<\/a><\/strong>.<\/p>\n\n\n\n<p class=\"wp-block-paragraph\">A not\u00edcia vem depois de algumas semanas com respostas vagas da Lamborghini, que n\u00e3o garantia presen\u00e7a no WEC 2025, assim como o n\u00edvel crescente das reclama\u00e7\u00f5es da <strong>Iron Lynx<\/strong>, equipe que opera os carros da marca italiana no campeonato. O projeto <strong>Iron Dames<\/strong>, gerenciado pelo time, estaria perto de fechar com a <strong>Porsche<\/strong>.<\/p>\n\n\n\n<p class=\"wp-block-paragraph\">De certa forma, em caso de confirma\u00e7\u00e3o do fim da presen\u00e7a da Lamborghini no WEC j\u00e1 em 2025, haveria uma certa surpresa, principalmente na categoria LMGT3. Vale lembrar que a montadora esteve nos testes p\u00f3s-temporada, realizados nesta semana, no <strong>Bahrein<\/strong>. Este treinamento visa os preparativos para o pr\u00f3ximo ano no Mundial de Endurance. <\/p>\n\n\n\n<p class=\"wp-block-paragraph\"><strong>\u25b6\ufe0f\u00a0Inscreva-se nos dois canais do GRANDE PR\u00caMIO no YouTube:\u00a0<a href=\"https:\/\/www.youtube.com\/channel\/UC9OlHEgxoaY6QY6nWPoiqQg?sub_confirmation=1\" target=\"_blank\" rel=\"noreferrer noopener\">GP<\/a>\u00a0|\u00a0<a href=\"https:\/\/www.youtube.com\/channel\/UC9csiS6q_C3C0FYhyr1rnFA?sub_confirmation=1\" target=\"_blank\" rel=\"noreferrer noopener\">GP2<\/a><\/strong><\/p>\n\n\n\n<figure class=\"wp-block-image size-large\"><img decoding=\"async\" src=\"https:\/\/www.grandepremio.com\/br\/wp-content\/uploads\/2024\/07\/BT615732-1200x800.jpg\" alt=\"\" class=\"wp-image-840603\"\/><figcaption class=\"wp-element-caption\">Lamborghini da Iron Dames (Foto: Bruno Terena\/GRANDE PR\u00caMIO)<\/figcaption><\/figure>\n\n\n\n<p class=\"wp-block-paragraph\">De acordo com Racer e DailySportsCar, a sa\u00edda da Lamborghini do WEC se deve a uma &#8220;tempestade perfeita&#8221;. Al\u00e9m do deterioramento do relacionamento com a Iron Lynx, o <strong>SC63<\/strong>, hipercarro na categoria, precisaria de um processo apressado de homologa\u00e7\u00e3o, depois de um acidente que destruiu o carro no in\u00edcio da programa\u00e7\u00e3o dos testes.<\/p>\n\n\n\n<p class=\"wp-block-paragraph\">A not\u00edcia tem prazo para ser confirmada: dia 18 de novembro, data final para as inscri\u00e7\u00f5es no WEC 2025. No entanto, se assim for, esse n\u00e3o deve ser o encerramento da participa\u00e7\u00e3o da Lamborghini no endurance. A expectativa \u00e9 que a marca italiana continue no <strong>IMSA SportsCar<\/strong> em 2025.<\/p>\n\n\n\n<figure class=\"wp-block-embed is-type-video is-provider-youtube wp-block-embed-youtube wp-embed-aspect-16-9 wp-has-aspect-ratio\"><div class=\"wp-block-embed__wrapper\">\n<iframe loading=\"lazy\" title=\"8H DO BAHREIN COM IMAGENS | 8\u00aa ETAPA | CORRIDA | FIA WEC 2024\" width=\"500\" height=\"281\" src=\"https:\/\/www.youtube.com\/embed\/oOxM1amlCg0?feature=oembed\" frameborder=\"0\" allow=\"accelerometer; autoplay; clipboard-write; encrypted-media; gyroscope; picture-in-picture; web-share\" referrerpolicy=\"strict-origin-when-cross-origin\" allowfullscreen><\/iframe>\n<\/div><\/figure>\n","protected":false},"excerpt":{"rendered":"<p>Lamborghini vai deixar WEC ap\u00f3s rela\u00e7\u00e3o com Iron Lynx, time que opera pela marca italiana no WEC, se deteriorar nas \u00faltimas semanas<\/p>\n","protected":false},"author":0,"featured_media":1000878834,"comment_status":"closed","ping_status":"closed","sticky":false,"template":"","format":"standard","meta":{"42wp_featured_image_caption":"","42wp_featured_image_credits":"","42wp_featured_video":"","42wp_featured_image_hidden":false,"42wp_authors_list":[],"footnotes":""},"categories":[52],"tags":[1675,20491,1667,707,729,3230,642,207,1491,32667,35274,35277,739,26323,356,29560,34540],"42wp_author":[47155],"class_list":["post-54180","post","type-post","status-publish","format-standard","has-post-thumbnail","hentry","category-wec","tag-8-horas-bahrein","tag-alpine","tag-bahrein","tag-bmw","tag-cadillac","tag-f1-2024","tag-f1-ao-vivo","tag-ferrari","tag-grande-premio","tag-grandepremio-f1","tag-iron-dames","tag-iron-lynx","tag-lamborghini","tag-saida","tag-wec","tag-wec-2024","tag-wec-2025","42wp_author-daniel-balsa"],"_links":{"self":[{"href":"https:\/\/grandepremio.com\/br\/wp-json\/wp\/v2\/posts\/54180","targetHints":{"allow":["GET"]}}],"collection":[{"href":"https:\/\/grandepremio.com\/br\/wp-json\/wp\/v2\/posts"}],"about":[{"href":"https:\/\/grandepremio.com\/br\/wp-json\/wp\/v2\/types\/post"}],"replies":[{"embeddable":true,"href":"https:\/\/grandepremio.com\/br\/wp-json\/wp\/v2\/comments?post=54180"}],"version-history":[{"count":0,"href":"https:\/\/grandepremio.com\/br\/wp-json\/wp\/v2\/posts\/54180\/revisions"}],"wp:featuredmedia":[{"embeddable":true,"href":"https:\/\/grandepremio.com\/br\/wp-json\/wp\/v2\/media\/1000878834"}],"wp:attachment":[{"href":"https:\/\/grandepremio.com\/br\/wp-json\/wp\/v2\/media?parent=54180"}],"wp:term":[{"taxonomy":"category","embeddable":true,"href":"https:\/\/grandepremio.com\/br\/wp-json\/wp\/v2\/categories?post=54180"},{"taxonomy":"post_tag","embeddable":true,"href":"https:\/\/grandepremio.com\/br\/wp-json\/wp\/v2\/tags?post=54180"},{"taxonomy":"42wp_author","embeddable":true,"href":"https:\/\/grandepremio.com\/br\/wp-json\/wp\/v2\/42wp_author?post=54180"}],"curies":[{"name":"wp","href":"https:\/\/api.w.org\/{rel}","templated":true}]}}