{"id":54266,"date":"2024-11-06T06:20:00","date_gmt":"2024-11-06T09:20:00","guid":{"rendered":"https:\/\/grandepremio.com\/br\/noticias\/casa-gabriel-bortoleto-formula-1-audi-chegou-brasil-pelas-maos-ayrton-senna\/"},"modified":"2024-11-06T06:44:20","modified_gmt":"2024-11-06T09:44:20","slug":"casa-gabriel-bortoleto-formula-1-audi-chegou-brasil-pelas-maos-ayrton-senna","status":"publish","type":"post","link":"https:\/\/grandepremio.com\/br\/f1\/casa-gabriel-bortoleto-formula-1-audi-chegou-brasil-pelas-maos-ayrton-senna\/","title":{"rendered":"Futura casa de Bortoleto na F\u00f3rmula 1, Audi chegou ao Brasil pelas m\u00e3os de Senna"},"content":{"rendered":"\n<p class=\"wp-block-paragraph\"><strong>Audi <\/strong>e <strong>Brasil <\/strong>v\u00e3o se encontrar na <strong>F\u00f3rmula 1<\/strong>. Em prepara\u00e7\u00e3o para a entrada no Mundial a partir de 2026, a <a href=\"https:\/\/www.grandepremio.com\/br\/f1\/noticias\/gabriel-bortoleto-acerta-com-sauber-audi-garante-entrada-grid-formula-1-2025\/\">marca alem\u00e3 escolheu o paulista <strong>Gabriel Bortoleto <\/strong>como um de seus pilotos para fazer dupla com o alem\u00e3o <strong>Nico H\u00fclkenberg <\/strong>j\u00e1 em 2025<\/a>, no \u00faltimo ano da nomenclatura <strong>Sauber <\/strong>na categoria e j\u00e1 nos preparativos para a mudan\u00e7a de motores que abre as portas para a entrada dos alem\u00e3es.<\/p>\n\n\n\n<p class=\"wp-block-paragraph\">A chegada de Bortoleto simboliza tamb\u00e9m um renascimento da rela\u00e7\u00e3o entre a marca e o Brasil, iniciada ainda nos anos 1990 pelo principal nome brasileiro na hist\u00f3ria da <strong>F\u00f3rmula 1<\/strong>: o tricampe\u00e3o mundial <strong>Ayrton Senna<\/strong>, que foi um dos respons\u00e1veis pela chegada da montadora das quatro argolas no pais.<\/p>\n\n\n\n<p class=\"wp-block-paragraph\">A importa\u00e7\u00e3o de carros estrangeiros no Brasil ganhou for\u00e7a em 1990, quando o ent\u00e3o presidente <strong>Fernando Collor de Mello<\/strong> criticou os modelos nacionais e prometeu varrer as &#8220;carro\u00e7as&#8221; das ruas brasileiras, reduzindo o Imposto sobre Produtos Industrializados e anunciando uma pol\u00edtica de incentivo para as compras de carros zero quil\u00f4metro. <\/p>\n\n\n\n<p class=\"wp-block-paragraph\"><strong>\u25b6\ufe0f<\/strong> <strong>Inscreva-se nos dois canais do GRANDE PR\u00caMIO no YouTube:&nbsp;<a href=\"https:\/\/www.youtube.com\/channel\/UC9OlHEgxoaY6QY6nWPoiqQg?sub_confirmation=1\" target=\"_blank\" rel=\"noreferrer noopener\">GP<\/a>&nbsp;|&nbsp;<a href=\"https:\/\/www.youtube.com\/channel\/UC9csiS6q_C3C0FYhyr1rnFA?sub_confirmation=1\" target=\"_blank\" rel=\"noreferrer noopener\">GP2<\/a><\/strong><\/p>\n\n\n\n<figure class=\"wp-block-image size-large\"><img decoding=\"async\" src=\"https:\/\/www.grandepremio.com\/br\/wp-content\/uploads\/2024\/08\/1b-1200x675.jpg\" alt=\"\" class=\"wp-image-854907\"\/><figcaption class=\"wp-element-caption\">Ayrton Senna, em 1994 (Foto: Reprodu\u00e7\u00e3o)<\/figcaption><\/figure>\n\n\n\n<p class=\"wp-block-paragraph\"><strong>LEIA TAMB\u00c9M<br>\u25b6\ufe0f<\/strong>\u00a0<strong><a href=\"https:\/\/www.grandepremio.com\/br\/f1\/noticias\/gabriel-bortoleto-chega-formula-1-2025-embalado-franco-crescimento-consolidacao-f2\/\">Bortoleto chega \u00e0 F\u00f3rmula 1 2025 embalado por franco crescimento e consolida\u00e7\u00e3o na F2<\/a><\/strong><br><strong>\u25b6\ufe0f<\/strong>\u00a0<strong><a href=\"https:\/\/www.grandepremio.com\/br\/f1\/noticias\/gabriel-bortoleto-se-une-sauber-2025-vira-33o-brasileiro-historia-correr-formula-1\/\">Bortoleto se une \u00e0 Sauber em 2025 e vira 33\u00ba brasileiro da hist\u00f3ria a correr na F\u00f3rmula 1<\/a><\/strong><br><strong>\u25b6\ufe0f<\/strong> <a href=\"https:\/\/www.grandepremio.com\/br\/f1\/noticias\/gabriel-bortoleto-encerra-jejum-7-anos-faz-brasil-voltar-ter-piloto-grid-f1\/\"><strong>Bortoleto encerra jejum de 7 anos e faz Brasil voltar a ter piloto titular no grid da F1<\/strong><\/a><\/p>\n\n\n\n<p class=\"wp-block-paragraph\">Senna, no auge da carreira, procurava marcas internacionais para um investimento em concession\u00e1rias premium no Brasil, chegando a cogitar neg\u00f3cios com a Mercedes-Benz e a BMW. Com incentivo do amigo e companheiro de equipe <strong>Gerhard Berger<\/strong>, Ayrton procurou os dirigentes da Audi na sede da f\u00e1brica, em Ingolstadt, na Alemanha, e passou a articular a importa\u00e7\u00e3o por meio da empresa Senna Import, que al\u00e9m de Ayrton, tinha como s\u00f3cios o irm\u00e3o, Leonardo Senna, e o empres\u00e1rio Ubirajara Guimar\u00e3es. <\/p>\n\n\n\n<p class=\"wp-block-paragraph\">Ap\u00f3s um per\u00edodo de testes fora do Brasil para notar o comportamento dos carros no clima e no combust\u00edvel brasileiro, junto do treinamento de mec\u00e2nicos, constru\u00e7\u00e3o das concession\u00e1rias e defini\u00e7\u00e3o da linha de produtos, a Senna Imports trouxe os modelos 80, 100, S2 e S4 [estes dois \u00faltimos, esportivos] ao mercado brasileiro pela primeira vez em fevereiro de 1994, tr\u00eas meses antes da morte de Ayrton.<\/p>\n\n\n\n<p class=\"wp-block-paragraph\">Um grande evento, em 29 de mar\u00e7o daquele ano [dois dias ap\u00f3s o abandono de Ayrton no GP do Brasil], marcou o in\u00edcio da Audi no Brasil. Realizado no Aeroporto de Congonhas, em S\u00e3o Paulo, teve o apresentador e comediante J\u00f4 Soares tirando um Audi 80 de dentro de um avi\u00e3o cargueiro da Varig.<\/p>\n\n\n\n<figure class=\"wp-block-image size-large\"><img decoding=\"async\" src=\"https:\/\/www.grandepremio.com\/br\/wp-content\/uploads\/2024\/09\/imagem_2024-09-05_112636996-1200x742.png\" alt=\"\" class=\"wp-image-863771\"\/><figcaption class=\"wp-element-caption\">Audi S2 foi um dos primeiros carros da marca no Brasil (Foto: Reprodu\u00e7\u00e3o)<\/figcaption><\/figure>\n\n\n\n<p class=\"wp-block-paragraph\">Dias depois, Senna fez uma apresenta\u00e7\u00e3o especial para a imprensa especializada em Interlagos, com o S2 e o S4, que eram os \u00fanicos modelos esportivos da Audi no Brasil \u00e0 \u00e9poca. Ayrton acabou falecendo em 1 de maio ap\u00f3s acidente no GP de San Marino de F\u00f3rmula 1.<\/p>\n\n\n\n<p class=\"wp-block-paragraph\">Mesmo depois da morte do tricampe\u00e3o, a joint venture entre Audi e Senna Import seguiu, com direito a constru\u00e7\u00e3o de uma f\u00e1brica em S\u00e3o Jos\u00e9 dos Pinhais, no Paran\u00e1, inaugurada em 1997, que produziu tamb\u00e9m ve\u00edculos Volkswagen. Em 2005, a montadora comprou a parte do piloto, assumindo toda a opera\u00e7\u00e3o de importa\u00e7\u00e3o, fabrica\u00e7\u00e3o e venda dos produtos no Brasil.<\/p>\n","protected":false},"excerpt":{"rendered":"<p>Nova casa de Gabriel Bortoleto, Audi tem longa liga\u00e7\u00e3o com Ayrton Senna. Tricampe\u00e3o mundial foi o respons\u00e1vel por iniciar a importa\u00e7\u00e3o dos carros alem\u00e3es para o Brasil nos anos 1990<\/p>\n","protected":false},"author":0,"featured_media":1000863767,"comment_status":"closed","ping_status":"closed","sticky":false,"template":"","format":"standard","meta":{"42wp_featured_image_caption":"","42wp_featured_image_credits":"","42wp_featured_video":"","42wp_featured_image_hidden":false,"42wp_authors_list":[],"footnotes":""},"categories":[2],"tags":[970,5660,969,147,3230,642,160,176,180,30909,350,1224,24898,39711,1491,30103,28285,714,442,90,1737,1197],"42wp_author":[47119],"class_list":["post-54266","post","type-post","status-publish","format-standard","has-post-thumbnail","hentry","category-f1","tag-audi","tag-classificacao","tag-corrida","tag-f1","tag-f1-2024","tag-f1-ao-vivo","tag-f1-tv","tag-fernando-alonso","tag-formula-1","tag-formula-1-2024","tag-gabriel-bortoleto","tag-globo","tag-gp-da-italia","tag-gp-da-italia-2024","tag-grande-premio","tag-grande-premio-f1","tag-grandepremio","tag-liberty-media","tag-mattia-binotto","tag-mclaren","tag-monza","tag-sauber","42wp_author-gabriel-carvalho"],"_links":{"self":[{"href":"https:\/\/grandepremio.com\/br\/wp-json\/wp\/v2\/posts\/54266","targetHints":{"allow":["GET"]}}],"collection":[{"href":"https:\/\/grandepremio.com\/br\/wp-json\/wp\/v2\/posts"}],"about":[{"href":"https:\/\/grandepremio.com\/br\/wp-json\/wp\/v2\/types\/post"}],"replies":[{"embeddable":true,"href":"https:\/\/grandepremio.com\/br\/wp-json\/wp\/v2\/comments?post=54266"}],"version-history":[{"count":0,"href":"https:\/\/grandepremio.com\/br\/wp-json\/wp\/v2\/posts\/54266\/revisions"}],"wp:featuredmedia":[{"embeddable":true,"href":"https:\/\/grandepremio.com\/br\/wp-json\/wp\/v2\/media\/1000863767"}],"wp:attachment":[{"href":"https:\/\/grandepremio.com\/br\/wp-json\/wp\/v2\/media?parent=54266"}],"wp:term":[{"taxonomy":"category","embeddable":true,"href":"https:\/\/grandepremio.com\/br\/wp-json\/wp\/v2\/categories?post=54266"},{"taxonomy":"post_tag","embeddable":true,"href":"https:\/\/grandepremio.com\/br\/wp-json\/wp\/v2\/tags?post=54266"},{"taxonomy":"42wp_author","embeddable":true,"href":"https:\/\/grandepremio.com\/br\/wp-json\/wp\/v2\/42wp_author?post=54266"}],"curies":[{"name":"wp","href":"https:\/\/api.w.org\/{rel}","templated":true}]}}