{"id":54321,"date":"2024-11-05T14:49:01","date_gmt":"2024-11-05T17:49:01","guid":{"rendered":"https:\/\/grandepremio.com\/br\/noticias\/sauber-admite-decepcao-gosto-amargo-gp-sao-paulo-sem-pontos\/"},"modified":"2024-11-07T14:58:21","modified_gmt":"2024-11-07T17:58:21","slug":"sauber-admite-decepcao-gosto-amargo-gp-sao-paulo-sem-pontos","status":"publish","type":"post","link":"https:\/\/grandepremio.com\/br\/f1\/sauber-admite-decepcao-gosto-amargo-gp-sao-paulo-sem-pontos\/","title":{"rendered":"Sauber admite &#8220;decep\u00e7\u00e3o e gosto amargo&#8221; ap\u00f3s GP de S\u00e3o Paulo sem pontos"},"content":{"rendered":"\n<p class=\"wp-block-paragraph\">A <strong>Sauber <\/strong>n\u00e3o conseguiu se valer do ca\u00f3tico <strong>GP de S\u00e3o Paulo <\/strong>para anotar os primeiros pontos de 2024. O finland\u00eas <strong>Valtteri Bottas <\/strong>quase alcan\u00e7ou o Q3, mas precisou se contentar com apenas o 13\u00ba lugar em Interlagos. J\u00e1 <strong>Guanyu Zhou<\/strong>, que largou de \u00faltimo, tamb\u00e9m n\u00e3o conseguiu avan\u00e7os e viu a bandeira quadriculada apenas no 15\u00ba lugar.<\/p>\n\n\n\n<p class=\"wp-block-paragraph\">Chefe de equipe, <strong>Alessandro Alunni Bravi <\/strong>lamentou o desempenho da Sauber, que corre o risco de passar zerada pela primeira vez em 10 anos na <strong>F\u00f3rmula 1<\/strong>. Em 2014, o time tinha <strong>Adrian Sutil <\/strong>e <strong>Esteb\u00e1n Guti\u00e9rrez<\/strong>, mas tamb\u00e9m n\u00e3o saiu com pontos na temporada.<\/p>\n\n\n\n<p class=\"wp-block-paragraph\">&#8220;A forte chuva de s\u00e1bado, que for\u00e7ou a F\u00f3rmula 1 revisar o cronograma, mudou nossa rotina de domingo e, eventualmente, proporcionou um dia de sentimentos mistos. Tivemos uma classifica\u00e7\u00e3o muito positiva, com Valtteri a apenas 0s008 do Q3 e mostrando competitividade no pelot\u00e3o intermedi\u00e1rio. Por\u00e9m, a corrida foi extremamente decepcionante. Valtteri perdeu posi\u00e7\u00f5es na largada e teve dificuldades de manter o ritmo por pontos. O dia de Zhou foi desafiador do come\u00e7o ao fim, sendo \u00faltimo na classifica\u00e7\u00e3o em 15\u00ba na corrida&#8221;, declarou.<\/p>\n\n\n\n<p class=\"wp-block-paragraph\"><strong><img decoding=\"async\" src=\"https:\/\/a.slack-edge.com\/production-standard-emoji-assets\/14.0\/google-medium\/25b6-fe0f.png\" alt=\":seta_para_frente:\">&nbsp;Inscreva-se nos dois canais do GRANDE PR\u00caMIO no YouTube:&nbsp;<a href=\"https:\/\/www.youtube.com\/channel\/UC9OlHEgxoaY6QY6nWPoiqQg?sub_confirmation=1\" target=\"_blank\" rel=\"noreferrer noopener\">GP<\/a>&nbsp;|&nbsp;<a href=\"https:\/\/www.youtube.com\/channel\/UC9csiS6q_C3C0FYhyr1rnFA?sub_confirmation=1\" target=\"_blank\" rel=\"noreferrer noopener\">GP2<\/a><\/strong><br><strong><img decoding=\"async\" src=\"https:\/\/a.slack-edge.com\/production-standard-emoji-assets\/14.0\/google-medium\/25b6-fe0f.png\" alt=\":seta_para_frente:\">&nbsp;LEIA TAMB\u00c9M:&nbsp;<a href=\"https:\/\/www.grandepremio.com\/br\/f1\/noticias\/opiniao-gp-max-verstappen-pisa-aula-como-ganhar-campeonatos-formula-1\/\">Verstappen pisa e d\u00e1 aula de como ganhar campeonatos na&nbsp;<\/a><a href=\"https:\/\/www.grandepremio.com\/br\/f1\/\" target=\"_blank\" rel=\"noreferrer noopener\">F\u00f3rmula 1<\/a>&nbsp;em&nbsp;<a href=\"https:\/\/www.grandepremio.com\/br\/circuito\/interlagos\/\" target=\"_blank\" rel=\"noreferrer noopener\">Interlagos<\/a><\/strong><\/p>\n\n\n\n<figure class=\"wp-block-image size-large\"><img decoding=\"async\" src=\"https:\/\/www.grandepremio.com\/br\/wp-content\/uploads\/2024\/11\/IMG_0608-1200x773.jpg\" alt=\"\" class=\"wp-image-892535\"\/><figcaption class=\"wp-element-caption\">Valtteri Bottas ficou sem pontos novamente (Foto: Rodrigo Berton\/Ag\u00eancia WarmUp)<\/figcaption><\/figure>\n\n\n\n<p class=\"wp-block-paragraph\">Mesmo com outro resultado negativo, a esperan\u00e7a \u00e9 de juntar os cacos e tentar se aproximar do pelot\u00e3o para evitar o ano zerado nas pr\u00f3ximas corridas. A F\u00f3rmula 1 vai encerrar a temporada 2024 com mais uma rodada tripla, que tem in\u00edcio no <strong>GP de Las Vegas<\/strong>, passando por <strong>Catar <\/strong>at\u00e9 o encerramento em <strong>Abu Dhabi.<\/strong><\/p>\n\n\n\n<p class=\"wp-block-paragraph\">&#8220;Apesar da decep\u00e7\u00e3o e o gosto amargo dos resultados na corrida, vimos sinais positivos na classifica\u00e7\u00e3o. As pr\u00f3ximas duas semanas ser\u00e3o cruciais para trazer atualiza\u00e7\u00f5es para a \u00faltima rodada tripla e reagrupar. Precisamos analisar todos os detalhes e voltar para a pista com a mentalidade correta para concluir a temporada com forte determina\u00e7\u00e3o e mentalidade de batalhar por pontos&#8221;, concluiu.<\/p>\n\n\n\n<p class=\"wp-block-paragraph\">A\u00a0<a href=\"https:\/\/www.grandepremio.com\/br\/f1\/\" target=\"_blank\" rel=\"noreferrer noopener\"><\/a><a href=\"https:\/\/www.grandepremio.com\/br\/f1\/\" target=\"_blank\" rel=\"noreferrer noopener\">F\u00f3rmula 1<\/a>\u00a0agora tem duas semanas de descanso e volta apenas no fim de semana dos dias\u00a0<strong>21 a 24 de novembro<\/strong>, na segunda edi\u00e7\u00e3o do\u00a0<strong>GP de Las Vegas<\/strong>.<\/p>\n","protected":false},"excerpt":{"rendered":"<p>Chefe da Sauber, Alessandro Alunni Bravi lamentou a oportunidade de pontos perdida no GP de S\u00e3o Paulo. Foco do time su\u00ed\u00e7o \u00e9 em melhorar o carro antes de rodada tripla final e evitar ano zerado<\/p>\n","protected":false},"author":0,"featured_media":1000890310,"comment_status":"closed","ping_status":"closed","sticky":false,"template":"","format":"standard","meta":{"42wp_featured_image_caption":"","42wp_featured_image_credits":"","42wp_featured_video":"","42wp_featured_image_hidden":false,"42wp_authors_list":[],"footnotes":""},"categories":[2],"tags":[33649,27776,34186,27487,970,35624,37759,5660,8235,37760,969,147,3230,642,11958,160,37761,176,180,30909,350,1224,24898,39711,26680,1491,30103,28285,714,442,1197],"42wp_author":[47119],"class_list":["post-54321","post","type-post","status-publish","format-standard","has-post-thumbnail","hentry","category-f1","tag-alessandro-alunni-bravi","tag-assistir-f1-ao-vivo","tag-assistir-f1-gratis","tag-assistir-f1-online","tag-audi","tag-calendario-f1-2024","tag-calendario-f1-2024-horarios","tag-classificacao","tag-classificacao-da-f1","tag-classificacao-f1-2024","tag-corrida","tag-f1","tag-f1-2024","tag-f1-ao-vivo","tag-f1-live","tag-f1-tv","tag-f1-tv-2024","tag-fernando-alonso","tag-formula-1","tag-formula-1-2024","tag-gabriel-bortoleto","tag-globo","tag-gp-da-italia","tag-gp-da-italia-2024","tag-gp-de-sao-paulo","tag-grande-premio","tag-grande-premio-f1","tag-grandepremio","tag-liberty-media","tag-mattia-binotto","tag-sauber","42wp_author-gabriel-carvalho"],"_links":{"self":[{"href":"https:\/\/grandepremio.com\/br\/wp-json\/wp\/v2\/posts\/54321","targetHints":{"allow":["GET"]}}],"collection":[{"href":"https:\/\/grandepremio.com\/br\/wp-json\/wp\/v2\/posts"}],"about":[{"href":"https:\/\/grandepremio.com\/br\/wp-json\/wp\/v2\/types\/post"}],"replies":[{"embeddable":true,"href":"https:\/\/grandepremio.com\/br\/wp-json\/wp\/v2\/comments?post=54321"}],"version-history":[{"count":0,"href":"https:\/\/grandepremio.com\/br\/wp-json\/wp\/v2\/posts\/54321\/revisions"}],"wp:featuredmedia":[{"embeddable":true,"href":"https:\/\/grandepremio.com\/br\/wp-json\/wp\/v2\/media\/1000890310"}],"wp:attachment":[{"href":"https:\/\/grandepremio.com\/br\/wp-json\/wp\/v2\/media?parent=54321"}],"wp:term":[{"taxonomy":"category","embeddable":true,"href":"https:\/\/grandepremio.com\/br\/wp-json\/wp\/v2\/categories?post=54321"},{"taxonomy":"post_tag","embeddable":true,"href":"https:\/\/grandepremio.com\/br\/wp-json\/wp\/v2\/tags?post=54321"},{"taxonomy":"42wp_author","embeddable":true,"href":"https:\/\/grandepremio.com\/br\/wp-json\/wp\/v2\/42wp_author?post=54321"}],"curies":[{"name":"wp","href":"https:\/\/api.w.org\/{rel}","templated":true}]}}