{"id":54347,"date":"2024-11-05T11:51:44","date_gmt":"2024-11-05T14:51:44","guid":{"rendered":"https:\/\/grandepremio.com\/br\/noticias\/red-bull-exalta-max-verstappen-brasil-compara-ayrton-senna-melhor-1-volta-todos-tempos\/"},"modified":"2024-11-05T14:55:34","modified_gmt":"2024-11-05T17:55:34","slug":"red-bull-exalta-max-verstappen-brasil-compara-ayrton-senna-melhor-1-volta-todos-tempos","status":"publish","type":"post","link":"https:\/\/grandepremio.com\/br\/f1\/red-bull-exalta-max-verstappen-brasil-compara-ayrton-senna-melhor-1-volta-todos-tempos\/","title":{"rendered":"Red Bull exalta Verstappen no Brasil e compara a Senna em &#8216;melhor 1\u00aa volta da hist\u00f3ria&#8217;"},"content":{"rendered":"\n<figure class=\"wp-block-video\"><video class=\"video-js vjs-big-play-centered\" data-gp-vjs=\"1\" controls poster=\"https:\/\/www.grandepremio.com\/br\/cdn-cgi\/image\/width=1200,height=675,fit=contain,gravity=0.5x0.5,quality=75,format=webp\/wp-content\/uploads\/2023\/04\/Ayrton-Senna-Donington-Park-1993-PT-poster.jpeg\" src=\"https:\/\/www.grandepremio.com\/br\/wp-content\/uploads\/2023\/04\/Ayrton-Senna-Donington-Park-1993-PT.mp4\"><\/video><figcaption class=\"wp-element-caption\">Verstappen fez igual? A &#8220;melhor primeira volta da hist\u00f3ria da F1&#8221; de Ayrton Senna em Donington Park (V\u00eddeo: F1)<\/figcaption><\/figure>\n\n\n\n<p class=\"wp-block-paragraph\">A vit\u00f3ria acachapante de <strong>Max Verstappen<\/strong> no <strong><a href=\"https:\/\/www.grandepremio.com\/br\/f1\/noticias\/max-verstappen-completa-recuperacao-vence-gp-brasil-sao-paulo-formula-1-atuacao-memoravel\/\">GP de S\u00e3o Paulo<\/a><\/strong> ainda rende elogios mundo afora. O chefe da <strong>Red Bull<\/strong> ofereceu mais um n\u00edvel de exalta\u00e7\u00e3o a atua\u00e7\u00e3o do tricampe\u00e3o &#8211; agora perto do tetra &#8211; no \u00faltimo fim de semana em Interlagos: uma compara\u00e7\u00e3o entre a primeira volta de Verstappen e a de <strong>Ayrton Senna<\/strong> no <strong>GP da Europa de 1993.<\/strong><\/p>\n\n\n\n<p class=\"wp-block-paragraph\">Verstappen largou na 16\u00aa coloca\u00e7\u00e3o na pista &#8211; no colchete do 17\u00ba colocado, uma vez que Alexander Albon n\u00e3o correu e deixou a pista desfalcada &#8211; e saltou rapidamente. Logo nos metros iniciais, limpou a competi\u00e7\u00e3o. Na Curva do Sol, tirou da frente meia d\u00fazia de rivais.<\/p>\n\n\n\n<p class=\"wp-block-paragraph\">Para Horner, algo semelhante ao que Senna fez naquela corrida de 1993, realizada na pista inglesa de Donington Park, que \u00e9 amplamente lembrada como &#8216;melhor primeira volta da hist\u00f3ria&#8217; da F1.<\/p>\n\n\n\n<p class=\"wp-block-paragraph\">&#8220;Foi uma montanha-russa, porque sab\u00edamos que o carro era bom. A for\u00e7a mental de Max e a atitude para lidar com isso \u00e9 incr\u00edvel. E ainda teve a largada el\u00e9trica&#8221;, apontou.<\/p>\n\n\n\n<figure class=\"wp-block-image size-large\"><img decoding=\"async\" src=\"https:\/\/www.grandepremio.com\/br\/wp-content\/uploads\/2024\/11\/IMG_8988-1200x800.jpg\" alt=\"\" class=\"wp-image-892618\"\/><figcaption class=\"wp-element-caption\">Max Verstappen  venceu e deu aula para Lando Norris (Foto: Rodrigo Berton\/Ag\u00eancia WarmUp)<\/figcaption><\/figure>\n\n\n\n<p class=\"wp-block-paragraph\">&#8220;A primeira volta esteve no n\u00edvel de Donington 1993 quando ele passou por fora na curva tr\u00eas. Creio que foram seis carros na primeira volta. Depois, era o \u00fanico avan\u00e7ando e ultrapassando, al\u00e9m de frear t\u00e3o tarde na curva um&#8221;, continuou.<\/p>\n\n\n\n<p class=\"wp-block-paragraph\">&#8220;Com Lewis, Oscar Piastri e obviamente na relargada com Esteban. A\u00ed, controlou a corrida e escapou com tranquilidade, \u00e0s vezes por 1s por volta. Num dia bem fechado, brilhou forte&#8221;, finalizou.<\/p>\n\n\n\n<p class=\"wp-block-paragraph\">Por fim, revelou um elogio e tanto do ex-chef\u00e3o <strong>Bernie Ecclestone<\/strong>. &#8220;Bernie me ligou depois da corrida e disse &#8216;vi todos os maiores, e essas foi uma das melhores [vit\u00f3rias] que j\u00e1 vi&#8217;. Ele \u00e9 um pouco mais velho que eu e viu mais coisa, ent\u00e3o \u00e9 muito cr\u00e9dito dado por algu\u00e9m como Bernie&#8221;, contou.<\/p>\n\n\n\n<p class=\"wp-block-paragraph\">A\u00a0<a href=\"https:\/\/www.grandepremio.com\/br\/f1\/\" target=\"_blank\" rel=\"noreferrer noopener\"><\/a><a href=\"https:\/\/www.grandepremio.com\/br\/f1\/\" target=\"_blank\" rel=\"noreferrer noopener\">F\u00f3rmula 1<\/a>\u00a0agora tem duas semanas de descanso e volta apenas no fim de semana dos dias\u00a0<strong>21 a 24 de novembro<\/strong>, na segunda edi\u00e7\u00e3o do\u00a0<strong>GP de Las Vegas<\/strong>.<\/p>\n\n\n\n<p class=\"wp-block-paragraph\"><strong>\u25b6\ufe0f\u00a0Inscreva-se nos dois canais do GRANDE PR\u00caMIO no YouTube:\u00a0<a href=\"https:\/\/www.youtube.com\/channel\/UC9OlHEgxoaY6QY6nWPoiqQg?sub_confirmation=1\" target=\"_blank\" rel=\"noreferrer noopener\">GP<\/a>\u00a0|\u00a0<a href=\"https:\/\/www.youtube.com\/channel\/UC9csiS6q_C3C0FYhyr1rnFA?sub_confirmation=1\" target=\"_blank\" rel=\"noreferrer noopener\">GP2<\/a><\/strong><br><strong>\u25b6\ufe0f\u00a0LEIA TAMB\u00c9M:\u00a0<a href=\"https:\/\/www.grandepremio.com\/br\/f1\/noticias\/opiniao-gp-max-verstappen-pisa-aula-como-ganhar-campeonatos-formula-1\/\">Verstappen pisa e d\u00e1 aula de como ganhar campeonatos na\u00a0<\/a><a href=\"https:\/\/www.grandepremio.com\/br\/f1\/\" target=\"_blank\" rel=\"noreferrer noopener\">F\u00f3rmula 1<\/a>\u00a0em\u00a0<a href=\"https:\/\/www.grandepremio.com\/br\/circuito\/interlagos\/\" target=\"_blank\" rel=\"noreferrer noopener\">Interlagos<\/a><\/strong><\/p>\n\n\n\n<figure class=\"wp-block-embed is-type-video is-provider-youtube wp-block-embed-youtube wp-embed-aspect-16-9 wp-has-aspect-ratio\"><div class=\"wp-block-embed__wrapper\">\n<iframe loading=\"lazy\" title=\"VERSTAPPEN FAZ HIST\u00d3RIA NO GP DO BRASIL E NORRIS DERRETE NA F1 | Paddock GP #396\" width=\"500\" height=\"281\" src=\"https:\/\/www.youtube.com\/embed\/JH6UwBeErHU?feature=oembed\" frameborder=\"0\" allow=\"accelerometer; autoplay; clipboard-write; encrypted-media; gyroscope; picture-in-picture; web-share\" referrerpolicy=\"strict-origin-when-cross-origin\" allowfullscreen><\/iframe>\n<\/div><figcaption class=\"wp-element-caption\">VERSTAPPEN FAZ HIST\u00d3RIA NO GP DO BRASIL E NORRIS DERRETE NA F1 | Paddock GP #396<\/figcaption><\/figure>\n","protected":false},"excerpt":{"rendered":"<p>Christian Horner, chefe da Red Bull, contou ter recebido uma liga\u00e7\u00e3o com elogio de Bernie Ecclestone e fez exalta\u00e7\u00e3o pr\u00f3prio para a vit\u00f3ria de Max Verstappen no GP de S\u00e3o Paulo<\/p>\n","protected":false},"author":0,"featured_media":1000892347,"comment_status":"closed","ping_status":"closed","sticky":false,"template":"","format":"standard","meta":{"42wp_featured_image_caption":"","42wp_featured_image_credits":"","42wp_featured_video":"","42wp_featured_image_hidden":false,"42wp_authors_list":[],"footnotes":""},"categories":[2],"tags":[27776,34186,27487,699,35624,37759,33106,655,5660,8235,37760,8092,3230,642,2474,41440,11958,2237,28371,37761,41439,2359,26680,502,203,204,2380],"42wp_author":[47120],"class_list":["post-54347","post","type-post","status-publish","format-standard","has-post-thumbnail","hentry","category-f1","tag-assistir-f1-ao-vivo","tag-assistir-f1-gratis","tag-assistir-f1-online","tag-ayrton-senna","tag-calendario-f1-2024","tag-calendario-f1-2024-horarios","tag-chefe-red-bull","tag-christian-horner","tag-classificacao","tag-classificacao-da-f1","tag-classificacao-f1-2024","tag-donington-park","tag-f1-2024","tag-f1-ao-vivo","tag-f1-brasil","tag-f1-brazil","tag-f1-live","tag-f1-no-brasil","tag-f1-sao-paulo","tag-f1-tv-2024","tag-fim-de-semana-brasil","tag-gp-brasil","tag-gp-de-sao-paulo","tag-gp-do-brasil","tag-max-verstappen","tag-red-bull","tag-sao-paulo","42wp_author-pedro-henrique-marum"],"_links":{"self":[{"href":"https:\/\/grandepremio.com\/br\/wp-json\/wp\/v2\/posts\/54347","targetHints":{"allow":["GET"]}}],"collection":[{"href":"https:\/\/grandepremio.com\/br\/wp-json\/wp\/v2\/posts"}],"about":[{"href":"https:\/\/grandepremio.com\/br\/wp-json\/wp\/v2\/types\/post"}],"replies":[{"embeddable":true,"href":"https:\/\/grandepremio.com\/br\/wp-json\/wp\/v2\/comments?post=54347"}],"version-history":[{"count":0,"href":"https:\/\/grandepremio.com\/br\/wp-json\/wp\/v2\/posts\/54347\/revisions"}],"wp:featuredmedia":[{"embeddable":true,"href":"https:\/\/grandepremio.com\/br\/wp-json\/wp\/v2\/media\/1000892347"}],"wp:attachment":[{"href":"https:\/\/grandepremio.com\/br\/wp-json\/wp\/v2\/media?parent=54347"}],"wp:term":[{"taxonomy":"category","embeddable":true,"href":"https:\/\/grandepremio.com\/br\/wp-json\/wp\/v2\/categories?post=54347"},{"taxonomy":"post_tag","embeddable":true,"href":"https:\/\/grandepremio.com\/br\/wp-json\/wp\/v2\/tags?post=54347"},{"taxonomy":"42wp_author","embeddable":true,"href":"https:\/\/grandepremio.com\/br\/wp-json\/wp\/v2\/42wp_author?post=54347"}],"curies":[{"name":"wp","href":"https:\/\/api.w.org\/{rel}","templated":true}]}}