{"id":54361,"date":"2024-11-05T10:22:39","date_gmt":"2024-11-05T13:22:39","guid":{"rendered":"https:\/\/grandepremio.com\/br\/noticias\/franco-colapinto-cobra-comissarios-batida-interlagos-nao-era-correr-naquela-hora\/"},"modified":"2024-11-05T11:00:09","modified_gmt":"2024-11-05T14:00:09","slug":"franco-colapinto-cobra-comissarios-batida-interlagos-nao-era-correr-naquela-hora","status":"publish","type":"post","link":"https:\/\/grandepremio.com\/br\/f1\/franco-colapinto-cobra-comissarios-batida-interlagos-nao-era-correr-naquela-hora\/","title":{"rendered":"Colapinto cobra comiss\u00e1rios por batida em Interlagos: &#8220;N\u00e3o era para correr naquela hora&#8221;"},"content":{"rendered":"\n<p class=\"wp-block-paragraph\"><strong>Franco Colapinto<\/strong> viveu em <strong>Interlagos<\/strong> o fim de semana mais dif\u00edcil desde a estreia na <strong>F\u00f3rmula 1<\/strong> no GP da It\u00e1lia, por\u00e9m tamb\u00e9m atribuiu parcela de culpa \u00e0 dire\u00e7\u00e3o de prova pelo forte acidente sofrido no <strong>GP de S\u00e3o Paulo<\/strong>. O piloto argentino disse que a pista estava &#8220;intransit\u00e1vel&#8221; <a href=\"https:\/\/www.grandepremio.com\/br\/f1\/noticias\/franco-colapinto-desculpa-explica-batida-gp-de-sao-paulo-reta-principal-rio\/\">por conta do volume de \u00e1gua<\/a>, portanto n\u00e3o havia o que fazer quando perdeu o controle na subida da Jun\u00e7\u00e3o.<\/p>\n\n\n\n<p class=\"wp-block-paragraph\">Colapinto j\u00e1 havia batido na classifica\u00e7\u00e3o, horas antes da largada, por\u00e9m em incidente bem menos comprometedor, tanto que participou da corrida sem problemas \u2014 ao contr\u00e1rio do companheiro de equipe, <strong>Alexander Albon<\/strong>, que ficou de fora do GP de S\u00e3o Paulo porque a <strong>Williams <\/strong>n\u00e3o conseguiu reparar o carro a tempo.<\/p>\n\n\n\n<p class=\"wp-block-paragraph\">Na corrida, por\u00e9m, a chuva deixou a pista de Interlagos bastante trai\u00e7oeira, e Franco n\u00e3o p\u00f4de fazer nada quando aquaplanou na Jun\u00e7\u00e3o. &#8220;A pista estava intransit\u00e1vel, n\u00e3o dever\u00edamos ter pilotado naquele momento&#8221;, criticou o novato.<\/p>\n\n\n\n<p class=\"wp-block-paragraph\">&#8220;Est\u00e1vamos uns bons 15s fora do ritmo, a\u00ed colocamos intermedi\u00e1rios e tentamos mant\u00ea-los na temperatura certa. Mas havia um grande rio atravessando a pista antes da reta. Perdi o carro de forma muito agressiva e virei apenas um passageiro. Muito triste&#8221;, lamentou.<\/p>\n\n\n\n<figure class=\"wp-block-image size-large\"><img decoding=\"async\" src=\"https:\/\/www.grandepremio.com\/br\/wp-content\/uploads\/2024\/11\/IMG_0066-1200x800.jpg\" alt=\"\" class=\"wp-image-892444\"\/><figcaption class=\"wp-element-caption\">Franco Colapinto viveu um fim de semana intenso em Interlagos (Foto: Rodrigo Berton\/Ag\u00eancia WarmUp)<\/figcaption><\/figure>\n\n\n\n<p class=\"wp-block-paragraph\">Apesar do massivo apoio da torcida argentina, Franco admitiu que foi um &#8220;fim de semana exaustivo, incluindo a parte emocional&#8221;. No in\u00edcio do fim de semana, ele recebeu a not\u00edcia da morte do av\u00f4. <\/p>\n\n\n\n<p class=\"wp-block-paragraph\">&#8220;Com mais tempo para me recuperar de tudo isso, certamente voltarei mais forte&#8221;, salientou. Antes do acidente que causou a bandeira vermelha e colocou <strong>Max Verstappen<\/strong> de cara para a vit\u00f3ria, Colapinto teve um bom momento ao disputar posi\u00e7\u00e3o contra o heptacampe\u00e3o <strong>Lewis Hamilton<\/strong>.<\/p>\n\n\n\n<p class=\"wp-block-paragraph\">&#8220;Sempre \u00e9 bom lutar contra Lewis. Ele \u00e9 um piloto muito limpo, sempre gosto de correr contra ele&#8221;. J\u00e1 com <strong>Oliver Bearman<\/strong>, que substituiu <strong>Kevin Magnussen<\/strong> em S\u00e3o Paulo, o cen\u00e1rio n\u00e3o foi o mesmo. &#8220;Ele bateu em mim e danificou meu difusor. N\u00e3o foi uma largada ideal, mas est\u00e1 tudo bem&#8221;, encerrou Colapinto.<\/p>\n\n\n\n<p class=\"wp-block-paragraph\">A\u00a0<a href=\"https:\/\/www.grandepremio.com\/br\/f1\/\" target=\"_blank\" rel=\"noreferrer noopener\"><\/a><a href=\"https:\/\/www.grandepremio.com\/br\/f1\/\" target=\"_blank\" rel=\"noreferrer noopener\">F\u00f3rmula 1<\/a>\u00a0agora tem duas semanas de descanso e volta apenas no fim de semana dos dias\u00a0<strong>21 a 24 de novembro<\/strong>, na segunda edi\u00e7\u00e3o do\u00a0<strong>GP de Las Vegas<\/strong>.<\/p>\n\n\n\n<p class=\"wp-block-paragraph\"><strong><img decoding=\"async\" src=\"https:\/\/a.slack-edge.com\/production-standard-emoji-assets\/14.0\/google-medium\/25b6-fe0f.png\" alt=\":seta_para_frente:\">\u00a0Inscreva-se nos dois canais do GRANDE PR\u00caMIO no YouTube:\u00a0<a href=\"https:\/\/www.youtube.com\/channel\/UC9OlHEgxoaY6QY6nWPoiqQg?sub_confirmation=1\" target=\"_blank\" rel=\"noreferrer noopener\">GP<\/a>\u00a0|\u00a0<a href=\"https:\/\/www.youtube.com\/channel\/UC9csiS6q_C3C0FYhyr1rnFA?sub_confirmation=1\" target=\"_blank\" rel=\"noreferrer noopener\">GP2<\/a><\/strong><br><strong><img decoding=\"async\" src=\"https:\/\/a.slack-edge.com\/production-standard-emoji-assets\/14.0\/google-medium\/25b6-fe0f.png\" alt=\":seta_para_frente:\">\u00a0LEIA TAMB\u00c9M:\u00a0<a href=\"https:\/\/www.grandepremio.com\/br\/f1\/noticias\/opiniao-gp-max-verstappen-pisa-aula-como-ganhar-campeonatos-formula-1\/\">Verstappen pisa e d\u00e1 aula de como ganhar campeonatos na\u00a0<\/a><a href=\"https:\/\/www.grandepremio.com\/br\/f1\/\" target=\"_blank\" rel=\"noreferrer noopener\">F\u00f3rmula 1<\/a>\u00a0em\u00a0<a href=\"https:\/\/www.grandepremio.com\/br\/circuito\/interlagos\/\" target=\"_blank\" rel=\"noreferrer noopener\">Interlagos<\/a><\/strong><\/p>\n\n\n\n<figure class=\"wp-block-embed is-type-video is-provider-youtube wp-block-embed-youtube wp-embed-aspect-16-9 wp-has-aspect-ratio\"><div class=\"wp-block-embed__wrapper\">\n<iframe loading=\"lazy\" title=\"VERSTAPPEN FAZ HIST\u00d3RIA NO GP DO BRASIL E NORRIS DERRETE NA F1 | Paddock GP #396\" width=\"500\" height=\"281\" src=\"https:\/\/www.youtube.com\/embed\/JH6UwBeErHU?feature=oembed\" frameborder=\"0\" allow=\"accelerometer; autoplay; clipboard-write; encrypted-media; gyroscope; picture-in-picture; web-share\" referrerpolicy=\"strict-origin-when-cross-origin\" allowfullscreen><\/iframe>\n<\/div><\/figure>\n","protected":false},"excerpt":{"rendered":"<p>Franco Colapinto perdeu o controle na Jun\u00e7\u00e3o e reclamou da falta de a\u00e7\u00e3o da dire\u00e7\u00e3o de prova, j\u00e1 que a pista de Interlagos estava &#8220;intransit\u00e1vel&#8221; na hora<\/p>\n","protected":false},"author":0,"featured_media":1000892180,"comment_status":"closed","ping_status":"closed","sticky":false,"template":"","format":"standard","meta":{"42wp_featured_image_caption":"","42wp_featured_image_credits":"","42wp_featured_video":"","42wp_featured_image_hidden":false,"42wp_authors_list":[],"footnotes":""},"categories":[2],"tags":[783,26271,5273,147,3230,180,30909,25440,26680,1491,28285,258,30840,124,41483,32942,35129,2380,41482,36865,33301,215],"42wp_author":[47147],"class_list":["post-54361","post","type-post","status-publish","format-standard","has-post-thumbnail","hentry","category-f1","tag-brasil","tag-calendario-f1","tag-classificacao-f1","tag-f1","tag-f1-2024","tag-formula-1","tag-formula-1-2024","tag-franco-colapinto","tag-gp-de-sao-paulo","tag-grande-premio","tag-grandepremio","tag-helmut-marko","tag-horarios-f1","tag-interlagos","tag-interlagos-2024","tag-interlagos-f1","tag-onde-assistir-f1","tag-sao-paulo","tag-sao-paulo-2024","tag-sao-paulo-f1","tag-temporada-2024-f1","tag-williams","42wp_author-luana-marino"],"_links":{"self":[{"href":"https:\/\/grandepremio.com\/br\/wp-json\/wp\/v2\/posts\/54361","targetHints":{"allow":["GET"]}}],"collection":[{"href":"https:\/\/grandepremio.com\/br\/wp-json\/wp\/v2\/posts"}],"about":[{"href":"https:\/\/grandepremio.com\/br\/wp-json\/wp\/v2\/types\/post"}],"replies":[{"embeddable":true,"href":"https:\/\/grandepremio.com\/br\/wp-json\/wp\/v2\/comments?post=54361"}],"version-history":[{"count":0,"href":"https:\/\/grandepremio.com\/br\/wp-json\/wp\/v2\/posts\/54361\/revisions"}],"wp:featuredmedia":[{"embeddable":true,"href":"https:\/\/grandepremio.com\/br\/wp-json\/wp\/v2\/media\/1000892180"}],"wp:attachment":[{"href":"https:\/\/grandepremio.com\/br\/wp-json\/wp\/v2\/media?parent=54361"}],"wp:term":[{"taxonomy":"category","embeddable":true,"href":"https:\/\/grandepremio.com\/br\/wp-json\/wp\/v2\/categories?post=54361"},{"taxonomy":"post_tag","embeddable":true,"href":"https:\/\/grandepremio.com\/br\/wp-json\/wp\/v2\/tags?post=54361"},{"taxonomy":"42wp_author","embeddable":true,"href":"https:\/\/grandepremio.com\/br\/wp-json\/wp\/v2\/42wp_author?post=54361"}],"curies":[{"name":"wp","href":"https:\/\/api.w.org\/{rel}","templated":true}]}}