{"id":54423,"date":"2024-11-04T16:11:27","date_gmt":"2024-11-04T19:11:27","guid":{"rendered":"https:\/\/grandepremio.com\/br\/noticias\/red-bull-frustrada-corrida-dificil-sergio-perez-chance-pegar-ferrari-mclaren\/"},"modified":"2024-11-04T18:21:01","modified_gmt":"2024-11-04T21:21:01","slug":"red-bull-frustrada-corrida-dificil-sergio-perez-chance-pegar-ferrari-mclaren","status":"publish","type":"post","link":"https:\/\/grandepremio.com\/br\/f1\/red-bull-frustrada-corrida-dificil-sergio-perez-chance-pegar-ferrari-mclaren\/","title":{"rendered":"Red Bull se diz &#8220;frustrada&#8221; por &#8220;corrida dif\u00edcil&#8221; de P\u00e9rez: &#8220;Chance de pegar Ferrari e McLaren&#8221;"},"content":{"rendered":"\n<p class=\"wp-block-paragraph\">Mais uma vez, a<strong> Red Bull<\/strong> teve de contar praticamente com<strong> Max Verstappen<\/strong> para pontuar em uma etapa da <strong>temporada 2024 <\/strong>da <strong>F\u00f3rmula 1<\/strong>, e <strong>Christian Horner<\/strong> admitiu que foi &#8220;frustrante&#8221; perder a chance de descontar bons pontos da atual diferen\u00e7a que tem para <strong>Ferrari <\/strong>e <strong>McLaren <\/strong>no<strong> Mundial de Construtores<\/strong>  depois de mais uma &#8220;corrida dif\u00edcil&#8221; de <strong>Sergio P\u00e9rez<\/strong>. Principalmente porque n\u00e3o havia &#8220;nada de evidente&#8221; com o carro #11 na corrida.<\/p>\n\n\n\n<p class=\"wp-block-paragraph\">P\u00e9rez chegou para o <strong>GP de S\u00e3o Paulo<\/strong>, em <strong>Interlagos<\/strong>, bastante pressionado depois do fiasco no <strong>GP da Cidade do M\u00e9xico<\/strong>, em que terminou somente em \u00faltimo e ainda se envolveu em pol\u00eamicas com <strong>Liam Lawson<\/strong> na pista. No Brasil, com um novo chassi, a expectativa era voltar a sonhar com o p\u00f3dio, por\u00e9m passou longe disso, mesmo em um fim de semana de corrida sprint.<\/p>\n\n\n\n<p class=\"wp-block-paragraph\">O mexicano concluiu a corrida curta em oitavo, e este foi o \u00fanico tento que somou em Interlagos. Na corrida de domingo, brigou bastante com o carro, rodou e terminou em 11\u00ba.<\/p>\n\n\n\n<p class=\"wp-block-paragraph\">&#8220;Foi uma corrida dif\u00edcil para Checo, a rodada no in\u00edcio da corrida o derrubou&#8221;, come\u00e7ou o chefe da Red Bull \u00e0 imprensa presente no circuito paulistano. &#8220;Tivemos hoje a oportunidade de tirar um grande peda\u00e7o da vantagem de Ferrari e McLaren no Mundial de Construtores. Infelizmente, n\u00e3o conseguimos capitalizar, ent\u00e3o \u00e9 frustrante, claro&#8221;, salientou.<\/p>\n\n\n\n<figure class=\"wp-block-image size-large\"><img decoding=\"async\" src=\"https:\/\/www.grandepremio.com\/br\/wp-content\/uploads\/2024\/10\/sao-paulo-2024-f1-quinta-feira-red-bull-sergio-perez-03-1200x800.jpg\" alt=\"\" class=\"wp-image-889198\"\/><figcaption class=\"wp-element-caption\">Sergio P\u00e9rez marcou apenas 1 ponto no Brasil (Foto: Rodrigo Berton\/Warm Up)<\/figcaption><\/figure>\n\n\n\n<p class=\"wp-block-paragraph\">&#8220;Mas vamos analisar e brigar duro em <strong>Las Vega<\/strong>s, espero&#8221;, completou Horner, que foi perguntado sobre a raz\u00e3o da diferen\u00e7a de performance entre P\u00e9rez e Verstappen no GP de S\u00e3o Paulo \u2014 o neerland\u00eas, que largou em 17\u00ba, voltou a vencer depois de uma das melhores atua\u00e7\u00f5es da carreira. <\/p>\n\n\n\n<p class=\"wp-block-paragraph\">&#8220;N\u00e3o participei do debriefing, n\u00e3o ouvi o que ele disse. Mas n\u00e3o havia nada [de errado] evidente para mim na corrida&#8221;, garantiu o dirigente.<\/p>\n\n\n\n<p class=\"wp-block-paragraph\">No M\u00e9xico, Horner foi bastante vocal ao admitir que &#8220;decis\u00f5es dif\u00edceis&#8221; teriam de ser tomadas com rela\u00e7\u00e3o \u00e0 posi\u00e7\u00e3o de P\u00e9rez no time, mas, desta vez, desconversou quando o assunto foi o futuro do atual titular dos taurinos. <\/p>\n\n\n\n<p class=\"wp-block-paragraph\">&#8220;Acho que tudo na vida \u00e9 subjetivo, e temos de olhar para os fatos. Estamos trabalhando duro com Checo, ele trocou chassi neste fim de semana. Acho que fez uma boa corrida ontem [sprint], mas hoje [domingo] n\u00e3o foi o dia dele&#8221;, encerrou.<\/p>\n\n\n\n<p class=\"wp-block-paragraph\">A Red Bull saiu de S\u00e3o Paulo com mais 32 pontos, totalizando 544 nos Construtores \u2014 49 atr\u00e1s da l\u00edder, McLaren, e a 13 da Ferrari, segunda colocada.<\/p>\n\n\n\n<p class=\"wp-block-paragraph\">A\u00a0<strong><a href=\"https:\/\/www.grandepremio.com\/br\/f1\/\" target=\"_blank\" rel=\"noreferrer noopener\"><\/a><a href=\"https:\/\/www.grandepremio.com\/br\/f1\/\" target=\"_blank\" rel=\"noreferrer noopener\">F\u00f3rmula 1<\/a><\/strong>\u00a0agora volta \u00e0s pistas para o\u00a0<strong>GP de Las Vegas<\/strong>, nos\u00a0<strong>Estados Unidos<\/strong>, entre os dias 21 e 24 de novembro.<\/p>\n\n\n\n<p class=\"wp-block-paragraph\"><strong><img decoding=\"async\" src=\"https:\/\/a.slack-edge.com\/production-standard-emoji-assets\/14.0\/google-medium\/25b6-fe0f.png\" alt=\":seta_para_frente:\">\u00a0Inscreva-se nos dois canais do GRANDE PR\u00caMIO no YouTube:\u00a0<a href=\"https:\/\/www.youtube.com\/channel\/UC9OlHEgxoaY6QY6nWPoiqQg?sub_confirmation=1\" target=\"_blank\" rel=\"noreferrer noopener\">GP<\/a>\u00a0|\u00a0<a href=\"https:\/\/www.youtube.com\/channel\/UC9csiS6q_C3C0FYhyr1rnFA?sub_confirmation=1\" target=\"_blank\" rel=\"noreferrer noopener\">GP2<\/a><\/strong><br><strong><img decoding=\"async\" src=\"https:\/\/a.slack-edge.com\/production-standard-emoji-assets\/14.0\/google-medium\/25b6-fe0f.png\" alt=\":seta_para_frente:\">\u00a0LEIA TAMB\u00c9M: <a href=\"https:\/\/www.grandepremio.com\/br\/f1\/noticias\/opiniao-gp-max-verstappen-pisa-aula-como-ganhar-campeonatos-formula-1\/\">Verstappen pisa e d\u00e1 aula de como ganhar campeonatos na F\u00f3rmula 1 em Interlagos<\/a><\/strong><\/p>\n\n\n\n<figure class=\"wp-block-embed is-type-video is-provider-youtube wp-block-embed-youtube wp-embed-aspect-16-9 wp-has-aspect-ratio\"><div class=\"wp-block-embed__wrapper\">\n<iframe loading=\"lazy\" title=\"INCR\u00cdVEL: VERSTAPPEN TEVE ATUA\u00c7\u00c3O de SENNA e HAMILTON no GP do BRASIL de F1\" width=\"500\" height=\"281\" src=\"https:\/\/www.youtube.com\/embed\/ao_oOOBo6w4?feature=oembed\" frameborder=\"0\" allow=\"accelerometer; autoplay; clipboard-write; encrypted-media; gyroscope; picture-in-picture; web-share\" referrerpolicy=\"strict-origin-when-cross-origin\" allowfullscreen><\/iframe>\n<\/div><\/figure>\n","protected":false},"excerpt":{"rendered":"<p>Chefe da Red Bull, Christian Horner ainda acrescentou que n\u00e3o havia nenhum problema evidente com o carro de Sergio P\u00e9rez durante o GP de S\u00e3o Paulo de 2024<\/p>\n","protected":false},"author":0,"featured_media":1000892136,"comment_status":"closed","ping_status":"closed","sticky":false,"template":"","format":"standard","meta":{"42wp_featured_image_caption":"","42wp_featured_image_credits":"","42wp_featured_video":"","42wp_featured_image_hidden":false,"42wp_authors_list":[],"footnotes":""},"categories":[2],"tags":[783,26271,655,5273,147,3230,180,30909,26680,1491,28285,30840,124,41483,32942,203,35129,2380,41482,36865,3132,33301],"42wp_author":[47147],"class_list":["post-54423","post","type-post","status-publish","format-standard","has-post-thumbnail","hentry","category-f1","tag-brasil","tag-calendario-f1","tag-christian-horner","tag-classificacao-f1","tag-f1","tag-f1-2024","tag-formula-1","tag-formula-1-2024","tag-gp-de-sao-paulo","tag-grande-premio","tag-grandepremio","tag-horarios-f1","tag-interlagos","tag-interlagos-2024","tag-interlagos-f1","tag-max-verstappen","tag-onde-assistir-f1","tag-sao-paulo","tag-sao-paulo-2024","tag-sao-paulo-f1","tag-sergio-perez","tag-temporada-2024-f1","42wp_author-luana-marino"],"_links":{"self":[{"href":"https:\/\/grandepremio.com\/br\/wp-json\/wp\/v2\/posts\/54423","targetHints":{"allow":["GET"]}}],"collection":[{"href":"https:\/\/grandepremio.com\/br\/wp-json\/wp\/v2\/posts"}],"about":[{"href":"https:\/\/grandepremio.com\/br\/wp-json\/wp\/v2\/types\/post"}],"replies":[{"embeddable":true,"href":"https:\/\/grandepremio.com\/br\/wp-json\/wp\/v2\/comments?post=54423"}],"version-history":[{"count":0,"href":"https:\/\/grandepremio.com\/br\/wp-json\/wp\/v2\/posts\/54423\/revisions"}],"wp:featuredmedia":[{"embeddable":true,"href":"https:\/\/grandepremio.com\/br\/wp-json\/wp\/v2\/media\/1000892136"}],"wp:attachment":[{"href":"https:\/\/grandepremio.com\/br\/wp-json\/wp\/v2\/media?parent=54423"}],"wp:term":[{"taxonomy":"category","embeddable":true,"href":"https:\/\/grandepremio.com\/br\/wp-json\/wp\/v2\/categories?post=54423"},{"taxonomy":"post_tag","embeddable":true,"href":"https:\/\/grandepremio.com\/br\/wp-json\/wp\/v2\/tags?post=54423"},{"taxonomy":"42wp_author","embeddable":true,"href":"https:\/\/grandepremio.com\/br\/wp-json\/wp\/v2\/42wp_author?post=54423"}],"curies":[{"name":"wp","href":"https:\/\/api.w.org\/{rel}","templated":true}]}}