{"id":54472,"date":"2024-11-04T10:21:46","date_gmt":"2024-11-04T13:21:46","guid":{"rendered":"https:\/\/grandepremio.com\/br\/noticias\/esteban-ocon-destaca-dia-incrivel-interlagos-diz-ficou-impressionado-max-verstappen\/"},"modified":"2024-11-04T10:39:31","modified_gmt":"2024-11-04T13:39:31","slug":"esteban-ocon-destaca-dia-incrivel-interlagos-diz-ficou-impressionado-max-verstappen","status":"publish","type":"post","link":"https:\/\/grandepremio.com\/br\/f1\/esteban-ocon-destaca-dia-incrivel-interlagos-diz-ficou-impressionado-max-verstappen\/","title":{"rendered":"Ocon destaca &#8220;dia incr\u00edvel&#8221; em Interlagos e diz que ficou &#8220;impressionado&#8221; com Verstappen"},"content":{"rendered":"\n<p class=\"wp-block-paragraph\">O <strong>GP de S\u00e3o Paulo<\/strong> foi especial para <strong>Esteban Ocon<\/strong>. Em um ano de tanto sofrimento com o fraco carro da <strong>Alpine<\/strong>, <a href=\"https:\/\/www.grandepremio.com\/br\/f1\/noticias\/max-verstappen-completa-recuperacao-vence-gp-brasil-sao-paulo-formula-1-atuacao-memoravel\/\">o piloto franc\u00eas conseguiu um inesperado p\u00f3dio<\/a> em <strong>Interlagos<\/strong>, na segunda coloca\u00e7\u00e3o. No fim, admitiu que n\u00e3o tinha como manter <strong>Max Verstappen<\/strong> atr\u00e1s por muito tempo.<\/p>\n\n\n\n<p class=\"wp-block-paragraph\">Ocon assumiu a lideran\u00e7a quando optou por ficar na pista com pneus intermedi\u00e1rios e a bandeira vermelha foi acionada. Na primeira relargada, at\u00e9 conseguiu manter a ponta. Na segunda, ap\u00f3s entrada do safety-car, foi rapidamente superado por Verstappen e n\u00e3o conseguiu contra-atacar.<\/p>\n\n\n\n<p class=\"wp-block-paragraph\">&#8220;Max estava muito veloz naquele segundo per\u00edodo, n\u00e3o tinha chance alguma de lutar. Ele abriu rapidamente, como eu imaginava. Disse a ele depois da corrida, fiquei bem impressionado com a forma que ele freava t\u00e3o tarde e sem travar a dianteira, como v\u00e1rios pilotos&#8221;, disse Ocon.<\/p>\n\n\n\n<p class=\"wp-block-paragraph\"><strong>Inscreva-se nos dois canais do GRANDE PR\u00caMIO no YouTube:\u00a0<a href=\"https:\/\/www.youtube.com\/channel\/UC9OlHEgxoaY6QY6nWPoiqQg?sub_confirmation=1\" target=\"_blank\" rel=\"noreferrer noopener\">GP<\/a>\u00a0|\u00a0<a href=\"https:\/\/www.youtube.com\/channel\/UC9csiS6q_C3C0FYhyr1rnFA?sub_confirmation=1\" target=\"_blank\" rel=\"noreferrer noopener\">GP2<\/a><\/strong><br><strong>LEIA TAMB\u00c9M<\/strong>:\u00a0<a href=\"https:\/\/www.grandepremio.com\/br\/f1\/noticias\/gabriel-bortoleto-desvincula-mclaren-encaminha-acordo-audi-formula-1\/\"><strong>Bortoleto se desvincula da McLaren e encaminha acordo com Audi na\u00a0<\/strong><\/a><a href=\"https:\/\/www.grandepremio.com\/br\/f1\/\" target=\"_blank\" rel=\"noreferrer noopener\"><strong>F\u00f3rmula 1<\/strong><\/a><br><strong>OPINI\u00c3O GP: <a href=\"https:\/\/www.grandepremio.com\/br\/f1\/noticias\/opiniao-gp-max-verstappen-pisa-aula-como-ganhar-campeonatos-formula-1\/\">Verstappen pisa e d\u00e1 aula de como ganhar campeonatos na F\u00f3rmula 1<\/a><\/strong><\/p>\n\n\n\n<figure class=\"wp-block-image size-large\"><img decoding=\"async\" src=\"https:\/\/www.grandepremio.com\/br\/wp-content\/uploads\/2024\/11\/IMG_0787-1200x772.jpg\" alt=\"\" class=\"wp-image-892510\"\/><figcaption class=\"wp-element-caption\">Esteban Ocon em a\u00e7\u00e3o em meio ao temporal de S\u00e3o Paulo (Foto: Rodrigo Berton\/Ag\u00eancia WarmUp)<\/figcaption><\/figure>\n\n\n\n<p class=\"wp-block-paragraph\">&#8220;Ainda n\u00e3o sei se isso \u00e9 a realidade ou um sonho, mas estou com cheio de champanhe, ent\u00e3o acho que \u00e9 real. Foi um dia incr\u00edvel. Quem imaginaria, primeiro, que largar\u00edamos no quarto lugar. Fomos muito velozes nessas condi\u00e7\u00f5es, realmente nivelou o grid&#8221;, acrescentou.<\/p>\n\n\n\n<p class=\"wp-block-paragraph\">&#8220;Lideramos um momento da corrida, foi bem especial. Estava abrindo em rela\u00e7\u00e3o ao Max na primeira relargada, indo bem. Infelizmente, depois, a realidade bateu e ele foi melhor que n\u00f3s. Mas \u00e9 muito bom porque tivemos algumas corridas dif\u00edceis, onde as coisas n\u00e3o funcionaram para n\u00f3s&#8221;, completou.<\/p>\n\n\n\n<p class=\"wp-block-paragraph\">A\u00a0<a href=\"https:\/\/www.grandepremio.com\/br\/f1\/\" target=\"_blank\" rel=\"noreferrer noopener\"><\/a><a href=\"https:\/\/www.grandepremio.com\/br\/f1\/\" target=\"_blank\" rel=\"noreferrer noopener\">F\u00f3rmula 1<\/a>\u00a0agora tem duas semanas de descanso e volta apenas no fim de semana dos dias\u00a0<strong>22 a 24 de novembro<\/strong>, na segunda edi\u00e7\u00e3o do\u00a0<strong>GP de Las Vegas<\/strong>.<\/p>\n\n\n\n<figure class=\"wp-block-embed is-type-video is-provider-youtube wp-block-embed-youtube wp-embed-aspect-16-9 wp-has-aspect-ratio\"><div class=\"wp-block-embed__wrapper\">\n<iframe loading=\"lazy\" title=\"INCR\u00cdVEL: VERSTAPPEN TEVE ATUA\u00c7\u00c3O de SENNA e HAMILTON no GP do BRASIL de F1\" width=\"500\" height=\"281\" src=\"https:\/\/www.youtube.com\/embed\/ao_oOOBo6w4?feature=oembed\" frameborder=\"0\" allow=\"accelerometer; autoplay; clipboard-write; encrypted-media; gyroscope; picture-in-picture; web-share\" referrerpolicy=\"strict-origin-when-cross-origin\" allowfullscreen><\/iframe>\n<\/div><\/figure>\n","protected":false},"excerpt":{"rendered":"<p>Esteban Ocon conseguiu um surpreendente segundo lugar no GP de S\u00e3o Paulo depois de tantas dificuldades com a Alpine em 2024. O franc\u00eas, por\u00e9m, admitiu que n\u00e3o conseguiria segurar Max Verstappen depois da \u00faltima relargada<\/p>\n","protected":false},"author":0,"featured_media":1000892341,"comment_status":"closed","ping_status":"closed","sticky":false,"template":"","format":"standard","meta":{"42wp_featured_image_caption":"","42wp_featured_image_credits":"","42wp_featured_video":"","42wp_featured_image_hidden":false,"42wp_authors_list":[],"footnotes":""},"categories":[2],"tags":[20491,783,26271,5273,302,147,3230,180,30909,26680,1491,28285,30840,35129,33301],"42wp_author":[47135],"class_list":["post-54472","post","type-post","status-publish","format-standard","has-post-thumbnail","hentry","category-f1","tag-alpine","tag-brasil","tag-calendario-f1","tag-classificacao-f1","tag-esteban-ocon","tag-f1","tag-f1-2024","tag-formula-1","tag-formula-1-2024","tag-gp-de-sao-paulo","tag-grande-premio","tag-grandepremio","tag-horarios-f1","tag-onde-assistir-f1","tag-temporada-2024-f1","42wp_author-pedro-luis-cuenca"],"_links":{"self":[{"href":"https:\/\/grandepremio.com\/br\/wp-json\/wp\/v2\/posts\/54472","targetHints":{"allow":["GET"]}}],"collection":[{"href":"https:\/\/grandepremio.com\/br\/wp-json\/wp\/v2\/posts"}],"about":[{"href":"https:\/\/grandepremio.com\/br\/wp-json\/wp\/v2\/types\/post"}],"replies":[{"embeddable":true,"href":"https:\/\/grandepremio.com\/br\/wp-json\/wp\/v2\/comments?post=54472"}],"version-history":[{"count":0,"href":"https:\/\/grandepremio.com\/br\/wp-json\/wp\/v2\/posts\/54472\/revisions"}],"wp:featuredmedia":[{"embeddable":true,"href":"https:\/\/grandepremio.com\/br\/wp-json\/wp\/v2\/media\/1000892341"}],"wp:attachment":[{"href":"https:\/\/grandepremio.com\/br\/wp-json\/wp\/v2\/media?parent=54472"}],"wp:term":[{"taxonomy":"category","embeddable":true,"href":"https:\/\/grandepremio.com\/br\/wp-json\/wp\/v2\/categories?post=54472"},{"taxonomy":"post_tag","embeddable":true,"href":"https:\/\/grandepremio.com\/br\/wp-json\/wp\/v2\/tags?post=54472"},{"taxonomy":"42wp_author","embeddable":true,"href":"https:\/\/grandepremio.com\/br\/wp-json\/wp\/v2\/42wp_author?post=54472"}],"curies":[{"name":"wp","href":"https:\/\/api.w.org\/{rel}","templated":true}]}}