{"id":54592,"date":"2024-11-03T17:43:45","date_gmt":"2024-11-03T20:43:45","guid":{"rendered":"https:\/\/grandepremio.com\/br\/noticias\/lando-norris-dispara-troca-pneus-bandeira-vermelha-regra-que-ninguem-concorda\/"},"modified":"2024-11-03T17:46:04","modified_gmt":"2024-11-03T20:46:04","slug":"lando-norris-dispara-troca-pneus-bandeira-vermelha-regra-que-ninguem-concorda","status":"publish","type":"post","link":"https:\/\/grandepremio.com\/br\/f1\/lando-norris-dispara-troca-pneus-bandeira-vermelha-regra-que-ninguem-concorda\/","title":{"rendered":"Norris dispara contra troca de pneus em bandeira vermelha: \u201cNingu\u00e9m concorda\u201d"},"content":{"rendered":"\n<p class=\"wp-block-paragraph\">Em coletiva acompanhada pelo <strong>GRANDE PR\u00caMIO<\/strong>, <strong>Lando Norris<\/strong> criticou a regra que permite a troca de pneus quando a corrida est\u00e1 paralisada. Ap\u00f3s ter sua <a href=\"https:\/\/www.grandepremio.com\/br\/f1\/noticias\/max-verstappen-completa-recuperacao-vence-gp-brasil-sao-paulo-formula-1-atuacao-memoravel\/\">estrat\u00e9gia comprometida no <strong>GP de S\u00e3o Paulo<\/strong><\/a> e ver <strong>Max Verstappen<\/strong>, rival direto na briga pelo t\u00edtulo, ser beneficiado, o titular da <strong>McLaren <\/strong>chamou a diretriz de \u201cboba\u201d e disse que nenhum piloto concorda com ela.<\/p>\n\n\n\n<p class=\"wp-block-paragraph\"><strong>Norris <\/strong>ocupava o segundo lugar quando parou nos boxes para realizar a troca dos pneus na volta 29. No giro 31, no entanto, j\u00e1 ocupava a quarta coloca\u00e7\u00e3o e estava atr\u00e1s apenas de <strong>Esteban Ocon, Max Verstappen<\/strong> e <strong>Pierre Gasly<\/strong>, pilotos que ainda n\u00e3o haviam efetuado a troca dos compostos.<\/p>\n\n\n\n<p class=\"wp-block-paragraph\">Por\u00e9m, uma volta mais tarde, <strong>Franco Colapinto<\/strong> bateu forte e a dire\u00e7\u00e3o de provas se viu obrigada a acionar a bandeira vermelha. E foi durante a paralisa\u00e7\u00e3o da corrida que <strong>Ocon, Verstappen<\/strong> e <strong>Gasly <\/strong>aproveitaram para trocar os pneus sem perder tempo em rela\u00e7\u00e3o aos rivais. Assim, a estrat\u00e9gia da <strong>McLaren <\/strong>foi por \u00e1gua abaixo e <strong>Norris <\/strong>se manteve na quarta posi\u00e7\u00e3o quando a sess\u00e3o foi reiniciada em <strong>Interlagos<\/strong>.<\/p>\n\n\n\n<p class=\"wp-block-paragraph\">Ap\u00f3s o <strong>GP de S\u00e3o Paulo<\/strong>, Norris saiu em defesa da <strong>McLaren <\/strong>e disse que a equipe trabalhou de forma eficiente com a estrat\u00e9gia. Por outro lado, teceu cr\u00edticas ao regulamento e disse que permitir fazer a troca dos pneus com a corrida paralisada \u00e9 uma \u201cregra boba\u201d.<\/p>\n\n\n\n<figure class=\"wp-block-image size-large\"><img decoding=\"async\" src=\"https:\/\/www.grandepremio.com\/br\/wp-content\/uploads\/2024\/11\/sao-paulo-brasil-interlagos-2024-f1-corrida-mclaren-lando-norris-afp-02-1200x771.jpg\" alt=\"\" class=\"wp-image-892229\"\/><figcaption class=\"wp-element-caption\">Lando Norris viveu um domingo melanc\u00f3lico em Interlagos (Foto: AFP) <\/figcaption><\/figure>\n\n\n\n<p class=\"wp-block-paragraph\">\u201cFoi o\u00a0 momento certo para trocar os pneus, ent\u00e3o n\u00e3o h\u00e1 arrependimentos, apenas azar. \u00c9 uma regra boba com a qual ningu\u00e9m concorda. Todos os pilotos queriam que ela mudasse, ent\u00e3o \u00e9 apenas lament\u00e1vel. Mas \u00e9 uma regra, voc\u00ea pode ganhar ou perder com ela. Hoje eles [Red Bull] ganharam. Ent\u00e3o est\u00e1 tudo bem\u201d, finalizou Norris.<\/p>\n\n\n\n<p class=\"wp-block-paragraph\">A\u00a0<a href=\"https:\/\/www.grandepremio.com\/br\/f1\/\" target=\"_blank\" rel=\"noreferrer noopener\">F\u00f3rmula 1<\/a>\u00a0agora tem duas semanas de descanso e volta apenas no fim de semana dos dias\u00a0<strong>22 a 24 de novembro<\/strong>, na segunda edi\u00e7\u00e3o do\u00a0<strong>GP de Las Vegas<\/strong>.<\/p>\n\n\n\n<p class=\"wp-block-paragraph\">\u25b6\ufe0f\u00a0<strong>Inscreva-se nos dois canais do GRANDE PR\u00caMIO no YouTube:\u00a0<a href=\"https:\/\/www.youtube.com\/channel\/UC9OlHEgxoaY6QY6nWPoiqQg?sub_confirmation=1\" target=\"_blank\" rel=\"noreferrer noopener\">GP<\/a>\u00a0|\u00a0<a href=\"https:\/\/www.youtube.com\/channel\/UC9csiS6q_C3C0FYhyr1rnFA?sub_confirmation=1\" target=\"_blank\" rel=\"noreferrer noopener\">GP2<\/a><\/strong><br>\u25b6\ufe0f\u00a0<strong>LEIA TAMB\u00c9M<\/strong>:\u00a0<strong><a href=\"https:\/\/www.grandepremio.com\/br\/f1\/noticias\/gabriel-bortoleto-desvincula-mclaren-encaminha-acordo-audi-formula-1\/\">Bortoleto se desvincula da McLaren e encaminha acordo com Audi na\u00a0<\/a><a href=\"https:\/\/www.grandepremio.com\/br\/f1\/\" target=\"_blank\" rel=\"noreferrer noopener\">F\u00f3rmula 1<\/a><\/strong><\/p>\n\n\n\n<figure class=\"wp-block-embed is-type-video is-provider-youtube wp-block-embed-youtube wp-embed-aspect-16-9 wp-has-aspect-ratio\"><div class=\"wp-block-embed__wrapper\">\n<iframe loading=\"lazy\" title=\"VERSTAPPEN VENCE F1 no BRASIL, PISA EM NORRIS e ENCAMINHA TETRA. OCON 2\u00ba, GASLY 3\u00ba | Briefing\" width=\"500\" height=\"281\" src=\"https:\/\/www.youtube.com\/embed\/7AP898AuweM?feature=oembed\" frameborder=\"0\" allow=\"accelerometer; autoplay; clipboard-write; encrypted-media; gyroscope; picture-in-picture; web-share\" referrerpolicy=\"strict-origin-when-cross-origin\" allowfullscreen><\/iframe>\n<\/div><\/figure>\n","protected":false},"excerpt":{"rendered":"<p>Durante a coletiva acompanhada pelo GRANDE PR\u00caMIO, Lando Norris saiu em defesa da estrat\u00e9gia adotada pela McLaren e teceu cr\u00edticas \u00e0 regra que permite a troca dos pneus durante bandeira vermelha<\/p>\n","protected":false},"author":0,"featured_media":1000892472,"comment_status":"closed","ping_status":"closed","sticky":false,"template":"","format":"standard","meta":{"42wp_featured_image_caption":"","42wp_featured_image_credits":"","42wp_featured_video":"","42wp_featured_image_hidden":false,"42wp_authors_list":[],"footnotes":""},"categories":[2],"tags":[3230,180,30909,26680,502,1491,28285,124,547,203,90,6285,30806,9685],"42wp_author":[47149,47147,47158],"class_list":["post-54592","post","type-post","status-publish","format-standard","has-post-thumbnail","hentry","category-f1","tag-f1-2024","tag-formula-1","tag-formula-1-2024","tag-gp-de-sao-paulo","tag-gp-do-brasil","tag-grande-premio","tag-grandepremio","tag-interlagos","tag-lando-norris","tag-max-verstappen","tag-mclaren","tag-norris","tag-norris-f1","tag-verstappen","42wp_author-bernardo-castro","42wp_author-luana-marino","42wp_author-warm-up"],"_links":{"self":[{"href":"https:\/\/grandepremio.com\/br\/wp-json\/wp\/v2\/posts\/54592","targetHints":{"allow":["GET"]}}],"collection":[{"href":"https:\/\/grandepremio.com\/br\/wp-json\/wp\/v2\/posts"}],"about":[{"href":"https:\/\/grandepremio.com\/br\/wp-json\/wp\/v2\/types\/post"}],"replies":[{"embeddable":true,"href":"https:\/\/grandepremio.com\/br\/wp-json\/wp\/v2\/comments?post=54592"}],"version-history":[{"count":0,"href":"https:\/\/grandepremio.com\/br\/wp-json\/wp\/v2\/posts\/54592\/revisions"}],"wp:featuredmedia":[{"embeddable":true,"href":"https:\/\/grandepremio.com\/br\/wp-json\/wp\/v2\/media\/1000892472"}],"wp:attachment":[{"href":"https:\/\/grandepremio.com\/br\/wp-json\/wp\/v2\/media?parent=54592"}],"wp:term":[{"taxonomy":"category","embeddable":true,"href":"https:\/\/grandepremio.com\/br\/wp-json\/wp\/v2\/categories?post=54592"},{"taxonomy":"post_tag","embeddable":true,"href":"https:\/\/grandepremio.com\/br\/wp-json\/wp\/v2\/tags?post=54592"},{"taxonomy":"42wp_author","embeddable":true,"href":"https:\/\/grandepremio.com\/br\/wp-json\/wp\/v2\/42wp_author?post=54592"}],"curies":[{"name":"wp","href":"https:\/\/api.w.org\/{rel}","templated":true}]}}