{"id":54601,"date":"2024-11-03T17:28:54","date_gmt":"2024-11-03T20:28:54","guid":{"rendered":"https:\/\/grandepremio.com\/br\/noticias\/charles-leclerc-assume-culpa-parcial-falta-ritmo-ferrari-gp-sao-paulo\/"},"modified":"2024-11-03T17:48:02","modified_gmt":"2024-11-03T20:48:02","slug":"charles-leclerc-assume-culpa-parcial-falta-ritmo-ferrari-gp-sao-paulo","status":"publish","type":"post","link":"https:\/\/grandepremio.com\/br\/f1\/charles-leclerc-assume-culpa-parcial-falta-ritmo-ferrari-gp-sao-paulo\/","title":{"rendered":"Leclerc assume &#8220;culpa parcial&#8221; por falta de ritmo da Ferrari no GP de S\u00e3o Paulo"},"content":{"rendered":"\n<p class=\"wp-block-paragraph\"><strong>Charles Leclerc<\/strong> chegou a ensaiar <a href=\"https:\/\/www.grandepremio.com\/br\/f1\/noticias\/carlos-sainz-critica-ferrari-dificil-pilotar-avalia-gp-sao-paulo-pesadelo\/\">o mesmo discurso de<\/a> <strong>Carlos Sainz<\/strong> e tamb\u00e9m reclamou da <strong>SF-24<\/strong> &#8220;dif\u00edcil de guiar&#8221; em <strong>Interlagos<\/strong>, mas evitou culpar unicamente a <strong>Ferrari<\/strong> pelas escolhas feitas em rela\u00e7\u00e3o ao acerto do carro. Ap\u00f3s o quinto lugar no <strong>GP de S\u00e3o Paulo<\/strong>, 21\u00aa etapa da temporada 2024 da <strong>F\u00f3rmula 1<\/strong>, <a href=\"https:\/\/www.grandepremio.com\/br\/f1\/noticias\/max-verstappen-completa-recuperacao-vence-gp-brasil-sao-paulo-formula-1-atuacao-memoravel\/\">realizado neste domingo (3)<\/a>, o monegasco disse que continua confiante na possibilidade de superar a <strong>McLaren<\/strong> nas corridas que ainda restam e, desta forma, conquistar o t\u00edtulo do Mundial de Construtores.<\/p>\n\n\n\n<p class=\"wp-block-paragraph\">Em entrevista acompanhada pelo <strong>GRANDE PR\u00caMIO<\/strong> logo ap\u00f3s a prova no circuito brasileiro, o piloto de 27 anos foi questionado sobre como estava o comportamento do b\u00f3lido vermelho com os pneus intermedi\u00e1rios e de chuva extrema, utilizados tanto na classifica\u00e7\u00e3o quanto na corrida. Leclerc admitiu que a sensa\u00e7\u00e3o n\u00e3o era das melhores, no entanto, isentou parcialmente o time de Maranello e assumiu a responsabilidade pelas configura\u00e7\u00f5es adotadas.<\/p>\n\n\n\n<p class=\"wp-block-paragraph\">&#8220;Acho que sou parcialmente culpado porque, obviamente, decidimos as configura\u00e7\u00f5es junto com a equipe e hoje eu queria ir nessa dire\u00e7\u00e3o. No entanto, foi a errada e acabamos n\u00e3o tendo ritmo. Na classifica\u00e7\u00e3o, acho que n\u00e3o fomos t\u00e3o ruins com os pneus novos e pouco combust\u00edvel, mas n\u00e3o est\u00e1vamos em lugar nenhum na corrida. Mais do que isso, estava extremamente dif\u00edcil de pilotar e n\u00e3o cometer erros&#8221;, come\u00e7ou.<\/p>\n\n\n\n<p class=\"wp-block-paragraph\">&#8220;A \u00fanica coisa com a qual poder\u00edamos ficar um pouco satisfeitos \u00e9 o fato de termos ficado na frente das duas McLaren e perder apenas 4 pontos no Mundial de Construtores. Conseguimos limitar bem os danos em um fim de semana em que eles pareciam estar fortes. Ent\u00e3o, sim, agora precisamos nos reorganizar para as \u00faltimas tr\u00eas corridas desta temporada&#8221;, afirmou.<\/p>\n\n\n\n<figure class=\"wp-block-image size-large\"><img decoding=\"async\" src=\"https:\/\/www.grandepremio.com\/br\/wp-content\/uploads\/2024\/11\/sao-paulo-brasil-interlagos-2024-f1-corrida-ferrari-charles-leclerc-02-1200x800.jpg\" alt=\"\" class=\"wp-image-892154\"\/><figcaption class=\"wp-element-caption\">Charles Leclerc evitou criticar Ferrari por configura\u00e7\u00e3o da SF-24 em S\u00e3o Paulo (Foto: Ferrari)<\/figcaption><\/figure>\n\n\n\n<p class=\"wp-block-paragraph\"><strong><img decoding=\"async\" src=\"https:\/\/a.slack-edge.com\/production-standard-emoji-assets\/14.0\/google-medium\/25b6-fe0f.png\" alt=\":seta_para_frente:\">\u00a0Inscreva-se nos dois canais do GRANDE PR\u00caMIO no YouTube:\u00a0<a href=\"https:\/\/www.youtube.com\/channel\/UC9OlHEgxoaY6QY6nWPoiqQg?sub_confirmation=1\" target=\"_blank\" rel=\"noreferrer noopener\">GP<\/a>\u00a0|\u00a0<a href=\"https:\/\/www.youtube.com\/channel\/UC9csiS6q_C3C0FYhyr1rnFA?sub_confirmation=1\" target=\"_blank\" rel=\"noreferrer noopener\">GP2<\/a><\/strong><br><strong><img decoding=\"async\" src=\"https:\/\/a.slack-edge.com\/production-standard-emoji-assets\/14.0\/google-medium\/25b6-fe0f.png\" alt=\":seta_para_frente:\">\u00a0LEIA TAMB\u00c9M<\/strong>:\u00a0<strong><a href=\"https:\/\/www.grandepremio.com\/br\/f1\/noticias\/max-verstappen-completa-recuperacao-vence-gp-brasil-sao-paulo-formula-1-atuacao-memoravel\/\">Verstappen completa recupera\u00e7\u00e3o e vence GP de\u00a0<\/a><a href=\"https:\/\/www.grandepremio.com\/br\/circuito\/sao-paulo\/\" target=\"_blank\" rel=\"noreferrer noopener\">S\u00e3o Paulo<\/a>\u00a0<a href=\"https:\/\/www.grandepremio.com\/br\/f1\/noticias\/max-verstappen-completa-recuperacao-vence-gp-brasil-sao-paulo-formula-1-atuacao-memoravel\/\">de F1 em atua\u00e7\u00e3o memor\u00e1vel<\/a><\/strong><\/p>\n\n\n\n<p class=\"wp-block-paragraph\">Na sequ\u00eancia, ao ser perguntado sobre a estrat\u00e9gia adotada pela Ferrari, que o chamou aos boxes na volta 25 e fez dele o primeiro piloto a realizar a troca de pneus na prova, Leclerc teve uma postura diferente e jogou toda a decis\u00e3o pela escolha no colo do time comandado por <strong>Fr\u00e9d\u00e9ric Vasseur<\/strong> \u2014 ainda que tenha evitado conden\u00e1-lo por isso.<\/p>\n\n\n\n<p class=\"wp-block-paragraph\">&#8220;Foi um erro. \u00c9 preciso dizer tamb\u00e9m que em uma corrida como essa \u00e9 muito dif\u00edcil n\u00e3o cometer erros em termos de estrat\u00e9gia porque h\u00e1 muitas decis\u00f5es que precisam ser tomadas. Se analisarmos bem, acho que apenas os tr\u00eas primeiros n\u00e3o cometeram erros hoje&#8221;, lembrou.<\/p>\n\n\n\n<p class=\"wp-block-paragraph\">&#8220;Eu queria ar limpo, ent\u00e3o pedi \u00e0 equipe para encontrar um pouco de ar limpo. Ent\u00e3o eles me chamaram aos boxes naquela volta, mas, infelizmente, o tempo de entrada e sa\u00edda dos boxes com a pista molhada foi muito maior do que pens\u00e1vamos e acabei no meio do tr\u00e1fego com Ollie [<strong>Oliver Bearman<\/strong>] e <strong>Lewis<\/strong> [<strong>Hamilton<\/strong>]. A partir daquele momento, sabia que seria dif\u00edcil, e com o safety-car, perdemos umas tr\u00eas ou quatro posi\u00e7\u00f5es&#8221;, finalizou Leclerc.<\/p>\n\n\n\n<p class=\"wp-block-paragraph\">A\u00a0<a href=\"https:\/\/www.grandepremio.com\/br\/f1\/\" target=\"_blank\" rel=\"noreferrer noopener\"><\/a><a href=\"https:\/\/www.grandepremio.com\/br\/f1\/\" target=\"_blank\" rel=\"noreferrer noopener\">F\u00f3rmula 1<\/a>\u00a0agora tem duas semanas de descanso e volta apenas no fim de semana dos dias\u00a0<strong>22 a 24 de novembro<\/strong>, na segunda edi\u00e7\u00e3o do\u00a0<strong>GP de Las Vegas<\/strong>.<\/p>\n\n\n\n<figure class=\"wp-block-embed is-type-video is-provider-youtube wp-block-embed-youtube wp-embed-aspect-16-9 wp-has-aspect-ratio\"><div class=\"wp-block-embed__wrapper\">\n<iframe loading=\"lazy\" title=\"VERSTAPPEN VENCE F1 no BRASIL, PISA EM NORRIS e ENCAMINHA TETRA. OCON 2\u00ba, GASLY 3\u00ba | Briefing\" width=\"500\" height=\"281\" src=\"https:\/\/www.youtube.com\/embed\/7AP898AuweM?feature=oembed\" frameborder=\"0\" allow=\"accelerometer; autoplay; clipboard-write; encrypted-media; gyroscope; picture-in-picture; web-share\" referrerpolicy=\"strict-origin-when-cross-origin\" allowfullscreen><\/iframe>\n<\/div><\/figure>\n","protected":false},"excerpt":{"rendered":"<p>Charles Leclerc reclamou da configura\u00e7\u00e3o da SF-24 e admitiu que a estrat\u00e9gia adotada pela Ferrari em Interlagos n\u00e3o colaborou na busca por um bom resultado<\/p>\n","protected":false},"author":0,"featured_media":1000892191,"comment_status":"closed","ping_status":"closed","sticky":false,"template":"","format":"standard","meta":{"42wp_featured_image_caption":"","42wp_featured_image_credits":"","42wp_featured_video":"","42wp_featured_image_hidden":false,"42wp_authors_list":[],"footnotes":""},"categories":[2],"tags":[9397,209,5660,969,147,3230,642,160,207,180,30909,26680,502,41502,1491,30103,28285,124],"42wp_author":[47119,47147,47160,47158],"class_list":["post-54601","post","type-post","status-publish","format-standard","has-post-thumbnail","hentry","category-f1","tag-autodromo-de-interlagos","tag-charles-leclerc","tag-classificacao","tag-corrida","tag-f1","tag-f1-2024","tag-f1-ao-vivo","tag-f1-tv","tag-ferrari","tag-formula-1","tag-formula-1-2024","tag-gp-de-sao-paulo","tag-gp-do-brasil","tag-gp-do-brasil-2024","tag-grande-premio","tag-grande-premio-f1","tag-grandepremio","tag-interlagos","42wp_author-gabriel-carvalho","42wp_author-luana-marino","42wp_author-vicente-soella","42wp_author-warm-up"],"_links":{"self":[{"href":"https:\/\/grandepremio.com\/br\/wp-json\/wp\/v2\/posts\/54601","targetHints":{"allow":["GET"]}}],"collection":[{"href":"https:\/\/grandepremio.com\/br\/wp-json\/wp\/v2\/posts"}],"about":[{"href":"https:\/\/grandepremio.com\/br\/wp-json\/wp\/v2\/types\/post"}],"replies":[{"embeddable":true,"href":"https:\/\/grandepremio.com\/br\/wp-json\/wp\/v2\/comments?post=54601"}],"version-history":[{"count":0,"href":"https:\/\/grandepremio.com\/br\/wp-json\/wp\/v2\/posts\/54601\/revisions"}],"wp:featuredmedia":[{"embeddable":true,"href":"https:\/\/grandepremio.com\/br\/wp-json\/wp\/v2\/media\/1000892191"}],"wp:attachment":[{"href":"https:\/\/grandepremio.com\/br\/wp-json\/wp\/v2\/media?parent=54601"}],"wp:term":[{"taxonomy":"category","embeddable":true,"href":"https:\/\/grandepremio.com\/br\/wp-json\/wp\/v2\/categories?post=54601"},{"taxonomy":"post_tag","embeddable":true,"href":"https:\/\/grandepremio.com\/br\/wp-json\/wp\/v2\/tags?post=54601"},{"taxonomy":"42wp_author","embeddable":true,"href":"https:\/\/grandepremio.com\/br\/wp-json\/wp\/v2\/42wp_author?post=54601"}],"curies":[{"name":"wp","href":"https:\/\/api.w.org\/{rel}","templated":true}]}}