{"id":54682,"date":"2024-11-03T15:44:34","date_gmt":"2024-11-03T18:44:34","guid":{"rendered":"https:\/\/grandepremio.com\/br\/noticias\/esteban-ocon-vibra-resultado-gp-de-sao-paulo-admite-nao-achei-dava-podio\/"},"modified":"2024-11-03T15:48:31","modified_gmt":"2024-11-03T18:48:31","slug":"esteban-ocon-vibra-resultado-gp-de-sao-paulo-admite-nao-achei-dava-podio","status":"publish","type":"post","link":"https:\/\/grandepremio.com\/br\/f1\/esteban-ocon-vibra-resultado-gp-de-sao-paulo-admite-nao-achei-dava-podio\/","title":{"rendered":"Ocon vibra com resultado em S\u00e3o Paulo e admite: &#8220;N\u00e3o achei que dava para ir ao p\u00f3dio&#8221;"},"content":{"rendered":"\n<p class=\"wp-block-paragraph\"><strong>Esteban Ocon<\/strong> cruzou a linha de chegada em segundo no<strong> GP de S\u00e3o Paulo<\/strong>, <a href=\"https:\/\/www.grandepremio.com\/br\/f1\/noticias\/max-verstappen-completa-recuperacao-vence-gp-brasil-sao-paulo-formula-1-atuacao-memoravel\/\">que aconteceu neste domingo (3)<\/a>, e conquistou um resultado importante para a <strong>Alpine <\/strong>em <strong>Interlagos<\/strong>. Em uma temporada complicada em que a equipe francesa mal consegue se colocar na briga por pontos, o #31 desacreditou que era poss\u00edvel ir ao p\u00f3dio no <strong>Brasil<\/strong>.<\/p>\n\n\n\n<p class=\"wp-block-paragraph\">Partindo da quarta posi\u00e7\u00e3o na corrida, <strong>Ocon <\/strong>chegou a liderar o <strong>GP de S\u00e3o Paulo<\/strong> antes de ser superado por <strong>Max Verstappen<\/strong>. O franc\u00eas, no entanto, conseguiu se manter em segundo e foi seguido pelo companheiro de equipe <strong>Pierre Gasly<\/strong>, que segurou a press\u00e3o de <strong>George Russell<\/strong> na briga pelo terceiro lugar.<\/p>\n\n\n\n<p class=\"wp-block-paragraph\">Apesar da boa posi\u00e7\u00e3o de largada, <strong>Ocon <\/strong>n\u00e3o tinha muitas expectativas para a corrida e desacreditava que era poss\u00edvel sair do<strong> GP de S\u00e3o Paulo<\/strong> com um p\u00f3dio. Por\u00e9m, reconheceu que a chuva colocou os carros em condi\u00e7\u00f5es similares e afirmou que isso permitiu brigar por bons pontos.<\/p>\n\n\n\n<p class=\"wp-block-paragraph\">\u201cN\u00e3o achei que poderia terminar no p\u00f3dio, tem sido uma temporada dif\u00edcil. \u00c9 muito legal guiar aqui, a performance ficou mais equilibrada por causa da chuva, ent\u00e3o o resultado foi muito importante para a equipe. Na chuva todos os carros ficam bem parecidos e a corrida foi boa. Estou muito feliz por estar no p\u00f3dio, o suporte da torcida brasileira tamb\u00e9m \u00e9 incr\u00edvel, n\u00e3o sei como agradecer\u201d, disse <strong>Ocon<\/strong>.<\/p>\n\n\n\n<figure class=\"wp-block-image size-large\"><img decoding=\"async\" src=\"https:\/\/www.grandepremio.com\/br\/wp-content\/uploads\/2024\/11\/Imagem-do-WhatsApp-de-2024-11-03-as-15.06.51_6759adcf-e1730657328447-1200x648.jpg\" alt=\"\" class=\"wp-image-892256\"\/><figcaption class=\"wp-element-caption\">Esteban Ocon e Pierre Gasly superam ressentimentos na celebra\u00e7\u00e3o do p\u00f3dio da Alpine (Foto: Reprodu\u00e7\u00e3o)<\/figcaption><\/figure>\n\n\n\n<p class=\"wp-block-paragraph\">\u201cN\u00e3o sabia que estar\u00edamos r\u00e1pidos na chuva. Estava muito dif\u00edcil de guiar em pista seca, mas estava mais gui\u00e1vel no molhado. Eu queria que tivesse chovido ontem, gosto de guiar na chuva, ent\u00e3o foi uma corrida especial hoje\u201d, finalizou o piloto da Alpine.<\/p>\n\n\n\n<p class=\"wp-block-paragraph\">Com o segundo lugar de <strong>Ocon <\/strong>e o terceiro posto de <strong>Gasly<\/strong>, a <strong>Alpine <\/strong>somou 33 pontos neste domingo. O resultado coloca o time na sexta posi\u00e7\u00e3o no <strong>Mundial de Construtores <\/strong>com 47 tentos, um a mais que a <strong>Haas<\/strong>.<\/p>\n\n\n\n<p class=\"wp-block-paragraph\">A&nbsp;<a href=\"https:\/\/www.grandepremio.com\/br\/f1\/\" target=\"_blank\" rel=\"noreferrer noopener\">F\u00f3rmula 1<\/a>&nbsp;agora tem duas semanas de descanso e volta apenas no fim de semana dos dias&nbsp;<strong>22 a 24 de novembro<\/strong>, na segunda edi\u00e7\u00e3o do&nbsp;<strong>GP de Las Vegas<\/strong>.<\/p>\n\n\n\n<p class=\"wp-block-paragraph\">\u25b6\ufe0f&nbsp;<strong>Inscreva-se nos dois canais do GRANDE PR\u00caMIO no YouTube:&nbsp;<a href=\"https:\/\/www.youtube.com\/channel\/UC9OlHEgxoaY6QY6nWPoiqQg?sub_confirmation=1\" target=\"_blank\" rel=\"noreferrer noopener\">GP<\/a>&nbsp;|&nbsp;<a href=\"https:\/\/www.youtube.com\/channel\/UC9csiS6q_C3C0FYhyr1rnFA?sub_confirmation=1\" target=\"_blank\" rel=\"noreferrer noopener\">GP2<\/a><\/strong><br>\u25b6\ufe0f&nbsp;<strong>LEIA TAMB\u00c9M<\/strong>:&nbsp;<strong><a href=\"https:\/\/www.grandepremio.com\/br\/f1\/noticias\/gabriel-bortoleto-desvincula-mclaren-encaminha-acordo-audi-formula-1\/\">Bortoleto se desvincula da McLaren e encaminha acordo com Audi na&nbsp;<\/a><a href=\"https:\/\/www.grandepremio.com\/br\/f1\/\" target=\"_blank\" rel=\"noreferrer noopener\">F\u00f3rmula 1<\/a><\/strong><\/p>\n\n\n\n<figure class=\"wp-block-embed is-type-video is-provider-youtube wp-block-embed-youtube wp-embed-aspect-16-9 wp-has-aspect-ratio\"><div class=\"wp-block-embed__wrapper\">\n<iframe loading=\"lazy\" title=\"VERSTAPPEN VENCE F1 no BRASIL, PISA EM NORRIS e ENCAMINHA TETRA. OCON 2\u00ba, GASLY 3\u00ba | Briefing\" width=\"500\" height=\"281\" src=\"https:\/\/www.youtube.com\/embed\/7AP898AuweM?feature=oembed\" frameborder=\"0\" allow=\"accelerometer; autoplay; clipboard-write; encrypted-media; gyroscope; picture-in-picture; web-share\" referrerpolicy=\"strict-origin-when-cross-origin\" allowfullscreen><\/iframe>\n<\/div><\/figure>\n","protected":false},"excerpt":{"rendered":"<p>Apesar de ter confirmado que o carro da Alpine estava melhor no molhado do que no seco, Esteban Ocon n\u00e3o acreditava que era poss\u00edvel sair do Brasil com um p\u00f3dio<\/p>\n","protected":false},"author":0,"featured_media":1000889826,"comment_status":"closed","ping_status":"closed","sticky":false,"template":"","format":"standard","meta":{"42wp_featured_image_caption":"","42wp_featured_image_credits":"","42wp_featured_video":"","42wp_featured_image_hidden":false,"42wp_authors_list":[],"footnotes":""},"categories":[2],"tags":[20491,302,502,1491,28285,12829,39129,40982],"42wp_author":[47149,47158],"class_list":["post-54682","post","type-post","status-publish","format-standard","has-post-thumbnail","hentry","category-f1","tag-alpine","tag-esteban-ocon","tag-gp-do-brasil","tag-grande-premio","tag-grandepremio","tag-ocon","tag-ocon-f1","tag-ocon-formula-1","42wp_author-bernardo-castro","42wp_author-warm-up"],"_links":{"self":[{"href":"https:\/\/grandepremio.com\/br\/wp-json\/wp\/v2\/posts\/54682","targetHints":{"allow":["GET"]}}],"collection":[{"href":"https:\/\/grandepremio.com\/br\/wp-json\/wp\/v2\/posts"}],"about":[{"href":"https:\/\/grandepremio.com\/br\/wp-json\/wp\/v2\/types\/post"}],"replies":[{"embeddable":true,"href":"https:\/\/grandepremio.com\/br\/wp-json\/wp\/v2\/comments?post=54682"}],"version-history":[{"count":0,"href":"https:\/\/grandepremio.com\/br\/wp-json\/wp\/v2\/posts\/54682\/revisions"}],"wp:featuredmedia":[{"embeddable":true,"href":"https:\/\/grandepremio.com\/br\/wp-json\/wp\/v2\/media\/1000889826"}],"wp:attachment":[{"href":"https:\/\/grandepremio.com\/br\/wp-json\/wp\/v2\/media?parent=54682"}],"wp:term":[{"taxonomy":"category","embeddable":true,"href":"https:\/\/grandepremio.com\/br\/wp-json\/wp\/v2\/categories?post=54682"},{"taxonomy":"post_tag","embeddable":true,"href":"https:\/\/grandepremio.com\/br\/wp-json\/wp\/v2\/tags?post=54682"},{"taxonomy":"42wp_author","embeddable":true,"href":"https:\/\/grandepremio.com\/br\/wp-json\/wp\/v2\/42wp_author?post=54682"}],"curies":[{"name":"wp","href":"https:\/\/api.w.org\/{rel}","templated":true}]}}