{"id":54786,"date":"2024-11-03T10:23:00","date_gmt":"2024-11-03T13:23:00","guid":{"rendered":"https:\/\/grandepremio.com\/br\/noticias\/lewis-hamilton-traz-nostalgia-guia-mclaren-bicampeonato-ayrton-senna-interlagos\/"},"modified":"2024-11-03T20:00:57","modified_gmt":"2024-11-03T23:00:57","slug":"lewis-hamilton-traz-nostalgia-guia-mclaren-bicampeonato-ayrton-senna-interlagos","status":"publish","type":"post","link":"https:\/\/grandepremio.com\/br\/f1\/lewis-hamilton-traz-nostalgia-guia-mclaren-bicampeonato-ayrton-senna-interlagos\/","title":{"rendered":"Hamilton traz nostalgia e guia McLaren do bicampeonato de Senna em Interlagos"},"content":{"rendered":"\n<p class=\"wp-block-paragraph\"><strong>Lewis Hamilton <\/strong>levou a nostalgia e emo\u00e7\u00e3o aos presentes em Interlagos na manh\u00e3 deste domingo (3). O heptacampe\u00e3o mundial guiou a <strong>McLaren MP4\/5B<\/strong>, do bicampeonato de <strong>Ayrton Senna<\/strong>, em uma demonstra\u00e7\u00e3o no aut\u00f3dromo paulistano, em mais uma das homenagens pela mem\u00f3ria do brasileiro tricampe\u00e3o, que morreu 30 anos atr\u00e1s.<\/p>\n\n\n\n<p class=\"wp-block-paragraph\">A exibi\u00e7\u00e3o &#8216;Senna Sempre&#8217; foi promovida por <strong>McLaren <\/strong>e <strong>Honda<\/strong>, parceria hist\u00f3rica que marcou os tr\u00eas t\u00edtulos de Ayrton e voltou a acontecer. A demonstra\u00e7\u00e3o foi ao som de &#8216;Aquarela do Brasil&#8217;. Campe\u00e3 ol\u00edmpica, a<strong> <\/strong>ginasta <strong>Rebeca Andrade <\/strong>foi a respons\u00e1vel por dar a bandeira quadriculada para a demonstra\u00e7\u00e3o.<\/p>\n\n\n\n<p class=\"wp-block-paragraph\">\u201cToda vez que viemos aqui h\u00e1 a oportunidade de fazermos uma homenagem, e acho que muitos pilotos tamb\u00e9m fazem isso\u201d, comentou Hamilton em entrevista coletiva que contou com a presen\u00e7a do&nbsp;<strong>GRANDE PR\u00caMIO<\/strong>, na \u00faltima quinta-feira. \u201cMas nunca, em um milh\u00e3o de anos, pensei que guiaria um carro do Senna aqui. Ent\u00e3o, quando me lembro que algu\u00e9m entrou em contato, meu empres\u00e1rio me contou sobre isso e eu aceitei a oportunidade\u201d, recordou.<\/p>\n\n\n\n<p class=\"wp-block-paragraph\">\u25b6\ufe0f&nbsp;<strong>Inscreva-se nos dois canais do GRANDE PR\u00caMIO no YouTube:&nbsp;<a href=\"https:\/\/www.youtube.com\/channel\/UC9OlHEgxoaY6QY6nWPoiqQg?sub_confirmation=1\" target=\"_blank\" rel=\"noreferrer noopener\">GP<\/a>&nbsp;|&nbsp;<a href=\"https:\/\/www.youtube.com\/channel\/UC9csiS6q_C3C0FYhyr1rnFA?sub_confirmation=1\" target=\"_blank\" rel=\"noreferrer noopener\">GP2<\/a><\/strong><br>\u25b6\ufe0f&nbsp;<strong>LEIA TAMB\u00c9M<\/strong>:&nbsp;<strong><a href=\"https:\/\/www.grandepremio.com\/br\/f1\/noticias\/gabriel-bortoleto-desvincula-mclaren-encaminha-acordo-audi-formula-1\/\">Bortoleto se desvincula da McLaren e encaminha acordo com Audi na&nbsp;<\/a><a href=\"https:\/\/www.grandepremio.com\/br\/f1\/\" target=\"_blank\" rel=\"noreferrer noopener\">F\u00f3rmula 1<\/a><\/strong><\/p>\n\n\n\n<figure class=\"wp-block-image size-full\"><img decoding=\"async\" src=\"https:\/\/www.grandepremio.com\/br\/wp-content\/uploads\/2024\/11\/imagem_2024-11-03_101922909.png\" alt=\"\" class=\"wp-image-891903\"\/><figcaption class=\"wp-element-caption\">Lewis Hamilton no carro de Ayrton Senna (Foto: Reprodu\u00e7\u00e3o)<\/figcaption><\/figure>\n\n\n\n<p class=\"wp-block-paragraph\">O fim de semana n\u00e3o tem sido dos mais f\u00e1ceis para Lewis, que vai largar o <strong>GP de S\u00e3o Paulo<\/strong>, marcado para 12h30 (de Bras\u00edlia, GMT-3) apenas no 15\u00ba lugar.<\/p>\n\n\n\n<p class=\"wp-block-paragraph\">O MP4\/5B marcou o segundo t\u00edtulo de Senna na&nbsp;<a href=\"https:\/\/www.grandepremio.com\/br\/f1\/\" target=\"_blank\" rel=\"noreferrer noopener\">F\u00f3rmula 1<\/a>, conquistado em 1990, na temporada marcada pela sequ\u00eancia da rivalidade contra o franc\u00eas&nbsp;<strong>Alain Prost<\/strong>, que se transferiu da McLaren para a Ferrari ap\u00f3s o pol\u00eamico t\u00edtulo em 1989. Com o b\u00f3lido, Ayrton venceu sete corridas e levantou o t\u00edtulo ap\u00f3s um controverso acidente com Prost logo na largada do&nbsp;<strong>GP do Jap\u00e3o<\/strong>.<\/p>\n\n\n\n<p class=\"wp-block-paragraph\">O&nbsp;<strong>GRANDE PR\u00caMIO<\/strong>&nbsp;acompanha&nbsp;<a href=\"https:\/\/www.grandepremio.com\/br\/ao-vivo\/f1\/\"><strong>AO VIVO e EM&nbsp;<\/strong><\/a><a href=\"https:\/\/www.grandepremio.com\/br\/ao-vivo\/\"><\/a><strong><a href=\"https:\/\/www.grandepremio.com\/br\/ao-vivo\/\" target=\"_blank\" rel=\"noreferrer noopener\">TEMPO REAL<\/a><\/strong>&nbsp;todas as atividades do&nbsp;<strong>GP de S\u00e3o Paulo,&nbsp;<\/strong>em&nbsp;<strong><a href=\"https:\/\/www.grandepremio.com\/br\/circuito\/interlagos\/\" target=\"_blank\" rel=\"noreferrer noopener\">Interlagos<\/a><\/strong>, e transmite classifica\u00e7\u00e3o e corrida em segunda tela, em parceria com a Voz do Esporte, na&nbsp;<a href=\"https:\/\/www.youtube.com\/c\/GrandePremioTV\/streams\"><strong>GPTV, o canal do GP no Youtube<\/strong><\/a>. Depois das atividades de cada dia, debate tudo o que aconteceu no Briefing. Logo mais,<strong>&nbsp;a largada<\/strong>&nbsp;est\u00e1 marcada para as 12h30 (de Bras\u00edlia, GMT-3). O&nbsp;<strong>GRANDE PR\u00caMIO<\/strong>&nbsp;cobre \u2018in loco\u2019 com os rep\u00f3rteres&nbsp;<strong>Evelyn Guimar\u00e3es, Gabriel Carvalho, Gabriel Curty, Luana Marino&nbsp;<\/strong>e&nbsp;<strong>Pedro Henrique Marum<\/strong>, al\u00e9m do fot\u00f3grafo&nbsp;<strong>Rodrigo Berton.<\/strong><\/p>\n","protected":false},"excerpt":{"rendered":"<p>Lewis Hamilton guiou a McLaren MP4\/5B na manh\u00e3 deste domingo, em Interlagos. Heptacampe\u00e3o mundial trouxe a nostalgia em Interlagos na homenagem a Ayrton Senna<\/p>\n","protected":false},"author":0,"featured_media":1000891940,"comment_status":"closed","ping_status":"closed","sticky":false,"template":"","format":"standard","meta":{"42wp_featured_image_caption":"","42wp_featured_image_credits":"","42wp_featured_video":"","42wp_featured_image_hidden":false,"42wp_authors_list":[],"footnotes":""},"categories":[2],"tags":[783,26271,5273,147,3230,180,30909,26680,1491,28285,30840,124,41483,32942,35129,2380,41482,36865,33301],"42wp_author":[47119,47158],"class_list":["post-54786","post","type-post","status-publish","format-standard","has-post-thumbnail","hentry","category-f1","tag-brasil","tag-calendario-f1","tag-classificacao-f1","tag-f1","tag-f1-2024","tag-formula-1","tag-formula-1-2024","tag-gp-de-sao-paulo","tag-grande-premio","tag-grandepremio","tag-horarios-f1","tag-interlagos","tag-interlagos-2024","tag-interlagos-f1","tag-onde-assistir-f1","tag-sao-paulo","tag-sao-paulo-2024","tag-sao-paulo-f1","tag-temporada-2024-f1","42wp_author-gabriel-carvalho","42wp_author-warm-up"],"_links":{"self":[{"href":"https:\/\/grandepremio.com\/br\/wp-json\/wp\/v2\/posts\/54786","targetHints":{"allow":["GET"]}}],"collection":[{"href":"https:\/\/grandepremio.com\/br\/wp-json\/wp\/v2\/posts"}],"about":[{"href":"https:\/\/grandepremio.com\/br\/wp-json\/wp\/v2\/types\/post"}],"replies":[{"embeddable":true,"href":"https:\/\/grandepremio.com\/br\/wp-json\/wp\/v2\/comments?post=54786"}],"version-history":[{"count":0,"href":"https:\/\/grandepremio.com\/br\/wp-json\/wp\/v2\/posts\/54786\/revisions"}],"wp:featuredmedia":[{"embeddable":true,"href":"https:\/\/grandepremio.com\/br\/wp-json\/wp\/v2\/media\/1000891940"}],"wp:attachment":[{"href":"https:\/\/grandepremio.com\/br\/wp-json\/wp\/v2\/media?parent=54786"}],"wp:term":[{"taxonomy":"category","embeddable":true,"href":"https:\/\/grandepremio.com\/br\/wp-json\/wp\/v2\/categories?post=54786"},{"taxonomy":"post_tag","embeddable":true,"href":"https:\/\/grandepremio.com\/br\/wp-json\/wp\/v2\/tags?post=54786"},{"taxonomy":"42wp_author","embeddable":true,"href":"https:\/\/grandepremio.com\/br\/wp-json\/wp\/v2\/42wp_author?post=54786"}],"curies":[{"name":"wp","href":"https:\/\/api.w.org\/{rel}","templated":true}]}}